{"id":624387,"date":"2025-12-27T02:05:54","date_gmt":"2025-12-27T02:05:54","guid":{"rendered":"https:\/\/www.europesays.com\/fr\/624387\/"},"modified":"2025-12-27T02:05:54","modified_gmt":"2025-12-27T02:05:54","slug":"cetait-un-gros-boulot-il-y-avait-tellement-de-matiere-la-mediatheque-de-cognac-exposeune-partie-du-fonds-photo-de-jacques-goguet","status":"publish","type":"post","link":"https:\/\/www.europesays.com\/fr\/624387\/","title":{"rendered":"\u00ab\u00a0C\u2019\u00e9tait un gros boulot, il y avait tellement de mati\u00e8re\u00a0\u00bb\u00a0: La m\u00e9diath\u00e8que de Cognac expose\nune partie du fonds photo de Jacques Goguet"},"content":{"rendered":"<blockquote><p>\u00ab\u00a0Le but, c\u2019\u00e9tait de faire un lien avec les archives et de mettre en avant le fonds, on a choisi pr\u00e8s de 70 photos.\u00a0\u00bb<\/p><\/blockquote>\n<p>Des clich\u00e9s aussi \u00e9tonnants que fascinants sur un Cognac un peu oubli\u00e9 mais qui imm\u00e9diatement rappelle des souvenirs. C\u2019est la magie du <a href=\"https:\/\/www.charentelibre.fr\/culture-et-loisirs\/patrimoine\/cognac-met-les-archives-de-jacques-goguet-en-boite-6450292.php\" target=\"_blank\" rel=\"follow noopener\">fonds de Jacques Goguet achet\u00e9 en 2011 par la ville \u00e0 la fille du photographe, Marie-Christine<\/a>.<\/p>\n<p>Jacques Goguet a offici\u00e9 dans les rues charentaises et dans sa boutique cogna\u00e7aise de photographie de 1936 \u00e0 1971. Il a \u00e9galement \u00e9t\u00e9 photographe de presse pour La Petite Gironde et couvrait notamment les activit\u00e9s sportives, le rugby particuli\u00e8rement. De cette carri\u00e8re pass\u00e9e derri\u00e8re l\u2019objectif, il reste des milliers de clich\u00e9s, dont 11.000 couvrant la p\u00e9riode 1935-1991 ont d\u00e9j\u00e0 \u00e9t\u00e9 num\u00e9ris\u00e9s.<\/p>\n<p>        <img decoding=\"async\" id=\"27208740\" src=\"https:\/\/www.europesays.com\/fr\/wp-content\/uploads\/2025\/12\/img-8140.jpg\" alt=\"Des objets ayant appartenu \u00e0 Jacques Goguet sont aussi expos\u00e9s.\" itemprop=\"contentURL\"\/><\/p>\n<p>    Des objets ayant appartenu \u00e0 Jacques Goguet sont aussi expos\u00e9s.<\/p>\n<p>CL<\/p>\n<p>C\u2019est dans cette mine d\u2019or que les archives municipales et les biblioth\u00e9caires de la m\u00e9diath\u00e8que de Cognac sont all\u00e9s piocher pour construire cette nouvelle exposition \u00ab\u00a0A travers l\u2019objectif de Goguet\u00a0\u00bb, visible jusqu\u2019au 26\u00a0janvier.<\/p>\n<p>\u00ab\u00a0C\u2019\u00e9tait un gros boulot, il y avait tellement de mati\u00e8re\u00a0\u00bb, se rappelle Christophe Vin de la m\u00e9diath\u00e8que. \u00ab\u00a0Heureusement, comme, il y avait un th\u00e8me, \u00e7a nous permettait de faire un premier tri.\u00a0\u00bb \u00ab\u00a0Le but, c\u2019\u00e9tait de faire un lien avec les archives et de mettre en avant le fonds, on a choisi pr\u00e8s de 70 photos\u00a0\u00bb, pr\u00e9cise R\u00e9mi Saint-Martin, le charg\u00e9 de communication de la m\u00e9diath\u00e8que.<\/p>\n<p>    La r\u00e9daction vous conseille<\/p>\n<p>Architecture et urbanisme<\/p>\n<p>Car les photographies s\u00e9lectionn\u00e9es s\u2019inscrivent dans le th\u00e8me des <a href=\"https:\/\/www.nuitsdelalecture.fr\/\" target=\"_blank\" rel=\"nofollow noopener\">Nuits de la lecture<\/a>, l\u2019\u00e9v\u00e9nement national qui aura lieu les 23 et 24\u00a0janvier, \u00e0 savoir \u00ab\u00a0Villes et campagnes\u00a0\u00bb. Au fur et \u00e0 mesure des \u00e9tages de la m\u00e9diath\u00e8que, les photos affich\u00e9es d\u00e9voilent la ville et ses habitants.<\/p>\n<p>Au rez-de-chauss\u00e9e, des vues de Cognac, parfois a\u00e9riennes permettent de saisir les changements r\u00e9alis\u00e9s en cinquante ans. Expansion, adaptation de la voirie, construction. Christophe Vin a parcouru la ville \u00e0 v\u00e9lo pour reprendre des photos modernes et cr\u00e9er un saisissant avant-apr\u00e8s, avec les points de vue de Jacques Goguet.<\/p>\n<p>        <img decoding=\"async\" id=\"27208728\" src=\"https:\/\/www.europesays.com\/fr\/wp-content\/uploads\/2025\/12\/img-8139.jpg\" alt=\"Avant-apr\u00e8s. La m\u00e9diath\u00e8que a repris des clich\u00e9s r\u00e9cents des endroits photographi\u00e9s par Jacques Goguet.\" itemprop=\"contentURL\"\/><\/p>\n<p>    Avant-apr\u00e8s. La m\u00e9diath\u00e8que a repris des clich\u00e9s r\u00e9cents des endroits photographi\u00e9s par Jacques Goguet.<\/p>\n<p>CL<\/p>\n<p>Au premier \u00e9tage, \u00ab\u00a0ce sont des insolites\u00a0\u00bb, indique R\u00e9mi Saint-Martin. Et au deuxi\u00e8me \u00e9tage, l\u2019exposition entra\u00eene le visiteur dans les anciennes f\u00eates des \u00e9claireurs et des \u00e9coles la\u00efques. D\u2019attendrissants bambins en costume ou des rang\u00e9es plus militaires d\u2019enfants au parc des sports sont \u00e0 d\u00e9couvrir.<\/p>\n<p>Il est aussi possible de voir des objets ayant appartenu \u00e0 Jacques Goguet. Un appareil photo avec son \u00e9norme soufflet en cuir ou encore d\u2019anciennes cartes de presse. Et pour accueillir, le visiteur, un imposant portrait du photographe a \u00e9t\u00e9 install\u00e9. \u00ab\u00a0Les archives l\u2019ont d\u00e9couvert il y a deux semaines\u00a0\u00bb, sourit R\u00e9mi Saint-Martin. Le fonds Goguet est loin d\u2019avoir livr\u00e9 tous ses secrets.<\/p>\n<p>        <img decoding=\"async\" id=\"27208736\" src=\"https:\/\/www.europesays.com\/fr\/wp-content\/uploads\/2025\/12\/img-8135.jpg\" alt=\"Un portrait de Jacques Goguet est expos\u00e9 au d\u00e9but de l\u2019exposition.\" itemprop=\"contentURL\"\/><\/p>\n<p>    Un portrait de Jacques Goguet est expos\u00e9 au d\u00e9but de l\u2019exposition.<\/p>\n<p>CL<\/p>\n","protected":false},"excerpt":{"rendered":"\u00ab\u00a0Le but, c\u2019\u00e9tait de faire un lien avec les archives et de mettre en avant le fonds, on&hellip;\n","protected":false},"author":2,"featured_media":624388,"comment_status":"","ping_status":"","sticky":false,"template":"","format":"standard","meta":{"footnotes":""},"categories":[1358],"tags":[1348,1384,1385,1386,58,59,1011,27],"class_list":{"0":"post-624387","1":"post","2":"type-post","3":"status-publish","4":"format-standard","5":"has-post-thumbnail","7":"category-arts-et-design","8":"tag-arts","9":"tag-arts-and-design","10":"tag-arts-et-design","11":"tag-design","12":"tag-divertissement","13":"tag-entertainment","14":"tag-fr","15":"tag-france"},"share_on_mastodon":{"url":"https:\/\/pubeurope.com\/@fr\/115789090103737889","error":""},"_links":{"self":[{"href":"https:\/\/www.europesays.com\/fr\/wp-json\/wp\/v2\/posts\/624387","targetHints":{"allow":["GET"]}}],"collection":[{"href":"https:\/\/www.europesays.com\/fr\/wp-json\/wp\/v2\/posts"}],"about":[{"href":"https:\/\/www.europesays.com\/fr\/wp-json\/wp\/v2\/types\/post"}],"author":[{"embeddable":true,"href":"https:\/\/www.europesays.com\/fr\/wp-json\/wp\/v2\/users\/2"}],"replies":[{"embeddable":true,"href":"https:\/\/www.europesays.com\/fr\/wp-json\/wp\/v2\/comments?post=624387"}],"version-history":[{"count":0,"href":"https:\/\/www.europesays.com\/fr\/wp-json\/wp\/v2\/posts\/624387\/revisions"}],"wp:featuredmedia":[{"embeddable":true,"href":"https:\/\/www.europesays.com\/fr\/wp-json\/wp\/v2\/media\/624388"}],"wp:attachment":[{"href":"https:\/\/www.europesays.com\/fr\/wp-json\/wp\/v2\/media?parent=624387"}],"wp:term":[{"taxonomy":"category","embeddable":true,"href":"https:\/\/www.europesays.com\/fr\/wp-json\/wp\/v2\/categories?post=624387"},{"taxonomy":"post_tag","embeddable":true,"href":"https:\/\/www.europesays.com\/fr\/wp-json\/wp\/v2\/tags?post=624387"}],"curies":[{"name":"wp","href":"https:\/\/api.w.org\/{rel}","templated":true}]}}