{"id":624389,"date":"2025-12-27T02:07:17","date_gmt":"2025-12-27T02:07:17","guid":{"rendered":"https:\/\/www.europesays.com\/fr\/624389\/"},"modified":"2025-12-27T02:07:17","modified_gmt":"2025-12-27T02:07:17","slug":"la-chanson-secrete-le-live-la-chanson-secrete","status":"publish","type":"post","link":"https:\/\/www.europesays.com\/fr\/624389\/","title":{"rendered":"La chanson secr\u00e8te, le live &#8211; La Chanson Secr\u00e8te"},"content":{"rendered":"<p id=\"descriptionPanel\" class=\"text-secondary mr-2 line-clamp-2 pr-2.5 overflow-visible\">Nikos Aliagas accueille des artistes talentueux pour une soir\u00e9e musicale exceptionnelle. Les invit\u00e9s monteront sur sc\u00e8ne pour interpr\u00e9ter leurs titres, offrant au public un spectacle vari\u00e9 et captivant. Cette \u00e9mission promet des performances live uniques et des moments de partage entre les artistes et leur audience.<\/p>\n<p>Afficher la version longue du r\u00e9sum\u00e9<a class=\"shrink-0\" href=\"https:\/\/www.tf1.fr\/tf1\/la-chanson-secrete\" target=\"_blank\" rel=\"noopener\"><img decoding=\"async\" src=\"https:\/\/www.europesays.com\/fr\/wp-content\/uploads\/2025\/12\/flux-vignette-portrait-5dda11-4e8378-cd6211-0@1x.jpg\" width=\"138\" height=\"184\" alt=\"\" loading=\"eager\" fetchpriority=\"auto\" class=\"rounded-3px aspect-[3\/4] h-24 w-auto\" aria-hidden=\"true\"\/><\/a><img alt=\"Sous-Titrage T\u00e9l\u00e9texte\" loading=\"lazy\" width=\"27\" height=\"20\" decoding=\"async\" data-nimg=\"1\" style=\"color:transparent\" src=\"https:\/\/www.tf1.fr\/public\/_next\/static\/media\/sme.b8f879c0.svg\"\/><\/p>\n<p>54m<\/p>\n<p>26 d\u00e9c. 2025 \u00e0 23:46<\/p>\n","protected":false},"excerpt":{"rendered":"Nikos Aliagas accueille des artistes talentueux pour une soir\u00e9e musicale exceptionnelle. Les invit\u00e9s monteront sur sc\u00e8ne pour interpr\u00e9ter&hellip;\n","protected":false},"author":2,"featured_media":624390,"comment_status":"","ping_status":"","sticky":false,"template":"","format":"standard","meta":{"footnotes":""},"categories":[1356],"tags":[58,59,1011,27,73363,73367,73368,73375,73379,73364,73376,73380,73372,73371,362,73365,73366,73362,73377,73378,73373,73374,252,1364,73369,73370],"class_list":{"0":"post-624389","1":"post","2":"type-post","3":"status-publish","4":"format-standard","5":"has-post-thumbnail","7":"category-television","8":"tag-divertissement","9":"tag-entertainment","10":"tag-fr","11":"tag-france","12":"tag-la-chanson-secrete","13":"tag-la-chanson-secrete-replay","14":"tag-la-chanson-secrete-replay-tf1","15":"tag-la-chanson-secrete-streaming","16":"tag-la-chanson-secrete-streaming-gratuit","17":"tag-la-chanson-secrete-tf1","18":"tag-la-chanson-secrete-tf1-streaming","19":"tag-la-chanson-secrete-tf1-streaming-gratuit","20":"tag-la-chanson-secrete-tf1-video","21":"tag-la-chanson-secrete-video","22":"tag-replay","23":"tag-replay-la-chanson-secrete","24":"tag-replay-la-chanson-secrete-tf1","25":"tag-replay-tf1","26":"tag-streaming-gratuit-la-chanson-secrete","27":"tag-streaming-gratuit-la-chanson-secrete-tf1","28":"tag-streaming-la-chanson-secrete","29":"tag-streaming-la-chanson-secrete-tf1","30":"tag-television","31":"tag-tv","32":"tag-video-la-chanson-secrete","33":"tag-video-la-chanson-secrete-tf1"},"share_on_mastodon":{"url":"","error":"Validation failed: Text character limit of 500 exceeded"},"_links":{"self":[{"href":"https:\/\/www.europesays.com\/fr\/wp-json\/wp\/v2\/posts\/624389","targetHints":{"allow":["GET"]}}],"collection":[{"href":"https:\/\/www.europesays.com\/fr\/wp-json\/wp\/v2\/posts"}],"about":[{"href":"https:\/\/www.europesays.com\/fr\/wp-json\/wp\/v2\/types\/post"}],"author":[{"embeddable":true,"href":"https:\/\/www.europesays.com\/fr\/wp-json\/wp\/v2\/users\/2"}],"replies":[{"embeddable":true,"href":"https:\/\/www.europesays.com\/fr\/wp-json\/wp\/v2\/comments?post=624389"}],"version-history":[{"count":0,"href":"https:\/\/www.europesays.com\/fr\/wp-json\/wp\/v2\/posts\/624389\/revisions"}],"wp:featuredmedia":[{"embeddable":true,"href":"https:\/\/www.europesays.com\/fr\/wp-json\/wp\/v2\/media\/624390"}],"wp:attachment":[{"href":"https:\/\/www.europesays.com\/fr\/wp-json\/wp\/v2\/media?parent=624389"}],"wp:term":[{"taxonomy":"category","embeddable":true,"href":"https:\/\/www.europesays.com\/fr\/wp-json\/wp\/v2\/categories?post=624389"},{"taxonomy":"post_tag","embeddable":true,"href":"https:\/\/www.europesays.com\/fr\/wp-json\/wp\/v2\/tags?post=624389"}],"curies":[{"name":"wp","href":"https:\/\/api.w.org\/{rel}","templated":true}]}}