{"id":624391,"date":"2025-12-27T02:08:14","date_gmt":"2025-12-27T02:08:14","guid":{"rendered":"https:\/\/www.europesays.com\/fr\/624391\/"},"modified":"2025-12-27T02:08:14","modified_gmt":"2025-12-27T02:08:14","slug":"notre-prochain-rendez-vous-kendji-girac-fait-une-grande-proposition-a-marine-star-academy-dans-la-chanson-secrete","status":"publish","type":"post","link":"https:\/\/www.europesays.com\/fr\/624391\/","title":{"rendered":"\u00ab\u00a0Notre prochain rendez-vous\u00a0\u00bb : Kendji Girac fait une grande proposition \u00e0 Marine (Star Academy) dans La chanson secr\u00e8te"},"content":{"rendered":"<p>Ce vendredi 26 d\u00e9cembre 2025, dans La chanson secr\u00e8te sur TF1, Marine a \u00e9t\u00e9 touch\u00e9e par la surprise que ses parents lui ont concoct\u00e9 avec la complicit\u00e9 notamment de Kendji Girac. Ce dernier l&rsquo;a d&rsquo;ailleurs invit\u00e9e \u00e0 un grand \u00e9v\u00e8nement qu&rsquo;elle a accept\u00e9 d&rsquo;honorer. T\u00e9l\u00e9-Loisirs vous en dit plus.<\/p>\n<p>En plus de pr\u00e9senter la Star Academy chaque semaine sur TF1, <b>Nikos Aliagas<\/b> est aux commandes d&rsquo;un nouveau prime de <a href=\"https:\/\/www.programme-tv.net\/news\/tv\/341768-cest-une-force-de-la-nature-christopher-stills-emeut-sa-maman-veronique-sanson-avec-une-jolie-declaration-dans-la-chanson-secrete\/\" data-api-deeplink=\"teleloisirs:\/\/news\/341768\" target=\"_blank\" rel=\"noopener\">La chanson secr\u00e8te<\/a> ce vendredi 26 d\u00e9cembre 2025. L&rsquo;\u00e9mission, lanc\u00e9e en d\u00e9cembre 2018 \u00e0 la t\u00e9l\u00e9vision, r\u00e9unit des personnalit\u00e9s \u00e0 qui des surprises sont faites par des proches. Pour ce tout nouveau num\u00e9ro, la production a fait appel \u00e0 <a href=\"https:\/\/www.programme-tv.net\/biographie\/3445-laroque-michele\/\" data-link-people=\"30907104-2dcf-4bb7-97e0-499c1c3cd93e\" target=\"_blank\" rel=\"noopener\"><b>Mich\u00e8le Laroque<\/b><\/a>, <a href=\"https:\/\/www.programme-tv.net\/biographie\/14413-merad-kad\/\" data-link-people=\"1430cf22-2497-4fbc-955d-fe61673b68ec\" target=\"_blank\" rel=\"noopener\"><b>Kad Merad<\/b><\/a>, <a href=\"https:\/\/www.programme-tv.net\/news\/tv\/394328-elle-reviendra-bientot-thomas-isle-revele-pourquoi-helena-star-academy-a-du-annuler-sa-venue-dans-culture-medias\/\" data-api-deeplink=\"teleloisirs:\/\/news\/394328\" target=\"_blank\" rel=\"noopener\"><b>H\u00e9l\u00e9na<\/b> de la Star Academy<\/a>, <a href=\"https:\/\/www.programme-tv.net\/biographie\/146420-ithurburu-isabelle\/\" data-link-people=\"65b89f06-126f-4635-aecb-75145b53839b\" target=\"_blank\" rel=\"noopener\"><b>Isabelle Ithurburu<\/b><\/a>, <a href=\"https:\/\/www.programme-tv.net\/biographie\/438-fabian-lara\/\" data-link-people=\"1e4f609c-22b1-4fa4-8844-4431644263d8\" target=\"_blank\" rel=\"noopener\"><b>Lara Fabian<\/b><\/a> et <b>\u00c9lodie Poux<\/b>, <a href=\"https:\/\/www.programme-tv.net\/news\/tv\/393024-isabelle-ithurburu-revient-le-tournage-de-stars-a-domicile-avec-marine-star-academy-c-est-peut-etre-celle-qui-a-ete-la-plus-emue\/\" data-api-deeplink=\"teleloisirs:\/\/news\/393024\" target=\"_blank\" rel=\"noopener\">r\u00e9cemment vue dans Mask Singer<\/a> o\u00f9 elle a endoss\u00e9 le r\u00f4le d&rsquo;enqu\u00eatrice aux c\u00f4t\u00e9s de<b> <\/b><a href=\"https:\/\/www.programme-tv.net\/biographie\/534-ruquier-laurent\/\" data-link-people=\"dd4ff7d1-a72b-4b67-a7ba-3f07ccd164cd\" target=\"_blank\" rel=\"noopener\"><b>Laurent Ruquier<\/b><\/a>, <a href=\"https:\/\/www.programme-tv.net\/biographie\/150395-adams-kev\/\" data-link-people=\"3548713f-3fb3-4573-a253-491e23c291af\" target=\"_blank\" rel=\"noopener\"><b>Kev Adams<\/b><\/a> et <a href=\"https:\/\/www.programme-tv.net\/biographie\/3536-ladesou-chantal\/\" data-link-people=\"b59d9472-06fd-4316-a5c5-a8c833f85d16\" target=\"_blank\" rel=\"noopener\"><b>Chantal Ladesou<\/b><\/a>. Depuis que le programme existe, les t\u00e9l\u00e9spectateurs ont pu voir <a href=\"https:\/\/www.programme-tv.net\/biographie\/16399-sanson-veronique\/\" data-link-people=\"467863f4-2e03-4fa6-a6ba-b09050db6eba\" target=\"_blank\" rel=\"noopener\">V\u00e9ronique Sanson<\/a>, <a href=\"https:\/\/www.programme-tv.net\/biographie\/203587-ferrari-jeremy\/\" data-link-people=\"cb1abeec-98d5-432f-a029-e646a6cb41fe\" target=\"_blank\" rel=\"noopener\">J\u00e9r\u00e9my Ferrari<\/a> ou encore <a href=\"https:\/\/www.programme-tv.net\/biographie\/281681-lellouche-camille\/\" data-link-people=\"738d6a14-4578-4982-ac26-4460cb87e414\" target=\"_blank\" rel=\"noopener\">Camille Lellouche<\/a>, qui ont tous \u00e9t\u00e9 tr\u00e8s \u00e9mus par ce qu&rsquo;ils ont d\u00e9couvert sur le plateau.<\/p>\n<p>Marine \u00e9tait aussi pr\u00e9sente pour cette soir\u00e9e de La chanson secr\u00e8te diffus\u00e9e ce vendredi 26 d\u00e9cembre sur TF1. Et <a href=\"https:\/\/www.programme-tv.net\/news\/quiz\/373090-quiz-marine-star-academy-testez-vos-connaissances-sur-la-gagnante-de-la-saison-12\/\" data-api-deeplink=\"teleloisirs:\/\/news\/373090\" target=\"_blank\" rel=\"noopener\">la gagnante de la Star Academy<\/a> a eu le droit \u00e0 une surprise tr\u00e8s \u00e9mouvante concoct\u00e9e par ses parents Greg et Isabelle sur le th\u00e8me de No\u00ebl. Mais avant de les voir d\u00e9barquer sur le plateau, elle a retrouv\u00e9 <b>Emma, Franck<\/b> et<b> Charles<\/b>, ses anciens camarades du ch\u00e2teau, qui ont pouss\u00e9 la chansonnette pour elle. Sa professeure de piano a elle aussi particip\u00e9 \u00e0 la surprise, tout comme Kendji Girac qui a interpr\u00e9t\u00e9 son titre Les yeux de la mama. En larmes, la jeune femme n&rsquo;a rien loup\u00e9 du spectacle. Une fois le show termin\u00e9, Kendji Girac a pris la parole, lui qui avait rencontr\u00e9 Marine pour la premi\u00e8re fois au ch\u00e2teau de la Star Academy. Ils avaient justement interpr\u00e9t\u00e9 ensemble Les yeux de mama. Le chanteur est revenu sur ce moment. \u00ab\u00a0Tu as dit que tu aimais ma chanson et directement tu t&rsquo;es mis au piano avec ce talent, tout simple (&#8230;) Tu as tr\u00e8s bien jou\u00e9 (&#8230;) \u00c7a m&rsquo;a beaucoup touch\u00e9 (&#8230;) <b>Je suis tr\u00e8s fier de t&rsquo;avoir fait cette surprise avec ta famille<\/b>\u00ab\u00a0, lui a-t-il dit.<\/p>\n<p>            La chanson secr\u00e8te : Kendji Girac surprend Marine (Star Academy) et l&rsquo;invite pour un grand \u00e9v\u00e8nement<\/p>\n<p>Ce souvenir a fait r\u00e9agir Nikos Aliagas. \u00ab\u00a0Pourquoi vous faites pas un duo ?\u00a0\u00bb Ce \u00e0 quoi il a r\u00e9pondu : \u00ab\u00a0Justement, c&rsquo;est ce qu&rsquo;elle m&rsquo;avait dit. Elle m&rsquo;a dit : &lsquo;Tu me promets qu&rsquo;un jour on chantera ensemble&rsquo;. Je lui ai fait la surprise sur ce plateau. Bient\u00f4t, je chante \u00e0 Paris, 14 et 15 mars, \u00e7a sera notre prochain rendez-vous, j&rsquo;esp\u00e8re\u00a0\u00bb, lui a-t-il signifi\u00e9. Marine a tout de suite dit oui ! Et l&rsquo;animateur d&rsquo;ajouter : \u00ab\u00a0Faites un disque, faites un duo aussi sur le disque ensemble\u00a0\u00bb. \u00c0 bon entendeur.<\/p>\n","protected":false},"excerpt":{"rendered":"Ce vendredi 26 d\u00e9cembre 2025, dans La chanson secr\u00e8te sur TF1, Marine a \u00e9t\u00e9 touch\u00e9e par la surprise&hellip;\n","protected":false},"author":2,"featured_media":624392,"comment_status":"","ping_status":"","sticky":false,"template":"","format":"standard","meta":{"footnotes":""},"categories":[1355],"tags":[73145,73382,73384,244,58,59,1011,27,7780,73385,73383,73381,5932,1361,873,199,2175],"class_list":{"0":"post-624391","1":"post","2":"type-post","3":"status-publish","4":"format-standard","5":"has-post-thumbnail","7":"category-musique","8":"tag-73145","9":"tag-73382","10":"tag-73384","11":"tag-commentaire","12":"tag-divertissement","13":"tag-entertainment","14":"tag-fr","15":"tag-france","16":"tag-kendji-girac","17":"tag-la-chanson-secru00e8te","18":"tag-la-chanson-secru00e8te-tf1-26-du00e9c","19":"tag-la-chanson-secru00e8te-tf11-26-du00e9c","20":"tag-marine-star-academy-2024","21":"tag-music","22":"tag-musique","23":"tag-tf1","24":"tag-tl-story"},"share_on_mastodon":{"url":"","error":""},"_links":{"self":[{"href":"https:\/\/www.europesays.com\/fr\/wp-json\/wp\/v2\/posts\/624391","targetHints":{"allow":["GET"]}}],"collection":[{"href":"https:\/\/www.europesays.com\/fr\/wp-json\/wp\/v2\/posts"}],"about":[{"href":"https:\/\/www.europesays.com\/fr\/wp-json\/wp\/v2\/types\/post"}],"author":[{"embeddable":true,"href":"https:\/\/www.europesays.com\/fr\/wp-json\/wp\/v2\/users\/2"}],"replies":[{"embeddable":true,"href":"https:\/\/www.europesays.com\/fr\/wp-json\/wp\/v2\/comments?post=624391"}],"version-history":[{"count":0,"href":"https:\/\/www.europesays.com\/fr\/wp-json\/wp\/v2\/posts\/624391\/revisions"}],"wp:featuredmedia":[{"embeddable":true,"href":"https:\/\/www.europesays.com\/fr\/wp-json\/wp\/v2\/media\/624392"}],"wp:attachment":[{"href":"https:\/\/www.europesays.com\/fr\/wp-json\/wp\/v2\/media?parent=624391"}],"wp:term":[{"taxonomy":"category","embeddable":true,"href":"https:\/\/www.europesays.com\/fr\/wp-json\/wp\/v2\/categories?post=624391"},{"taxonomy":"post_tag","embeddable":true,"href":"https:\/\/www.europesays.com\/fr\/wp-json\/wp\/v2\/tags?post=624391"}],"curies":[{"name":"wp","href":"https:\/\/api.w.org\/{rel}","templated":true}]}}