{"id":62440,"date":"2025-04-29T18:27:12","date_gmt":"2025-04-29T18:27:12","guid":{"rendered":"https:\/\/www.europesays.com\/fr\/62440\/"},"modified":"2025-04-29T18:27:12","modified_gmt":"2025-04-29T18:27:12","slug":"les-etats-unis-de-trump-lorgnent-lespace-strategique-des-trois-mers-en-europe-orientale","status":"publish","type":"post","link":"https:\/\/www.europesays.com\/fr\/62440\/","title":{"rendered":"Les \u00c9tats-Unis de Trump lorgnent l\u2019espace strat\u00e9gique des \u00ab\u00a0trois mers\u00a0\u00bb en Europe orientale"},"content":{"rendered":"<p><strong>D\u00c9CRYPTAGE <\/strong>&#8211; Varsovie et Washington ont act\u00e9 la construction de la premi\u00e8re centrale nucl\u00e9aire, en marge du dixi\u00e8me sommet de l\u2019Initiative des \u00ab\u00a0trois mers\u00a0\u00bb qui regroupe treize \u00c9tats membres de l\u2019Estonie \u00e0 la Gr\u00e8ce.<\/p>\n<p class=\"fig-paragraph\">\u00ab\u00a0Les \u00c9tats-Unis se tiennent ici \u00e0 vos c\u00f4t\u00e9s, dans un esprit de partenariat. Nous aspirons \u00e0 \u0153uvrer ensemble pour un avenir meilleur gr\u00e2ce \u00e0 une \u00e9troite coop\u00e9ration \u00e9nerg\u00e9tique, \u00e9conomique et strat\u00e9gique\u00a0\u00bb, a assur\u00e9 ce lundi\u00a0<a href=\"http:\/\/www.lefigaro.fr\/flash-actu\/usa-trump-nomme-chris-wright-entrepreneur-dans-la-fracturation-hydraulique-secretaire-a-l-energie-20241116\" data-fig-type=\"NewsFlash\" data-gtm-custom-categorie=\"navigation\" data-gtm-custom-action=\"crossclick\" data-gtm-custom-label=\"Contextuel\" data-gtm-event=\"customEventSPE\" data-fig-domain=\"LEFIGARO\" target=\"_blank\" rel=\"noopener\">Chris Wright<\/a>, le secr\u00e9taire am\u00e9ricain \u00e0 l\u2019\u00c9nergie, face \u00e0 des dizaines de d\u00e9cideurs politiques et de repr\u00e9sentants du secteur priv\u00e9, venus des quatre coins de l\u2019Europe centrale et orientale pour c\u00e9l\u00e9brer le 10e\u00a0sommet de l\u2019Initiative des \u00ab\u00a0trois mers\u00a0\u00bb, \u00e0 Varsovie. Lanc\u00e9e il y a une d\u00e9cennie pour favoriser le rattrapage \u00e9conomique du sous-continent, cette plateforme intergouvernementale vise au d\u00e9veloppement de l\u2019infrastructure entre les\u00a0<a href=\"http:\/\/www.lefigaro.fr\/international\/une-manoeuvre-d-intimidation-en-mer-baltique-la-russie-teste-la-volonte-de-la-france-et-de-l-otan-20250321\" data-fig-type=\"Article\" data-gtm-custom-categorie=\"navigation\" data-gtm-custom-action=\"crossclick\" data-gtm-custom-label=\"Contextuel\" data-gtm-event=\"customEventSPE\" data-fig-domain=\"LEFIGARO\" target=\"_blank\" rel=\"noopener\">mers Baltique<\/a>, Adriatique et Noire.<\/p>\n<p class=\"fig-paragraph\">Pour l\u2019heure, les r\u00e9sultats sont mitig\u00e9s, puisque seulement 14\u00a0projets d\u2019infrastructures ont \u00e9t\u00e9 lanc\u00e9s depuis 2016. Mais force est de constater le potentiel de l\u2019initiative et l\u2019int\u00e9r\u00eat qu\u2019elle continue de susciter\u00a0:\u00a0l\u2019Albanie et le Mont\u00e9n\u00e9gro sont venus gonfler les rangs des 13\u00a0\u00c9tats d\u00e9j\u00e0\u2026<\/p>\n<p class=\"fig-premium-paywall__infos\">\n        Cet article est r\u00e9serv\u00e9 aux abonn\u00e9s.        Il vous reste 81% \u00e0 d\u00e9couvrir.\n    <\/p>\n<p>                <img  data- alt=\"Le Figaro\" class=\"fig-img--complete fig-img\"\/><\/p>\n<p class=\"fig-premium-paywall__title\">Je m&rsquo;informe, je m&rsquo;inspire, je m&rsquo;abonne.<\/p>\n<p class=\"fig-premium-paywall__subtitle\">D\u00e9couvrez notre offre de bienvenue.<\/p>\n<p class=\"fig-premium-paywall__connect\">\n                D\u00e9j\u00e0 abonn\u00e9\u00a0?                <a class=\"fig-premium-paywall__connect-link\" href=\"https:\/\/connect.lefigaro.fr\/login?client=horizon_web&amp;type=main&amp;redirect_uri=https%3A%2F%2Fwww.lefigaro.fr%2Fconjoncture%2Fles-etats-unis-de-trump-lorgnent-l-espace-strategique-des-trois-mers-en-europe-orientale-20250429\" data-js-gtm=\"{&quot;customCategorie&quot;: &quot;conversion&quot;, &quot;customAction&quot;: &quot;before_Landing_Connexion_paywall_auto&quot;, &quot;customLabel&quot;: &quot;bGVmaWdhcm8uZnJfXzFmMDI1MTJlLTU3ZTctNjNmNC05MzU2LTA1ZDhlOGQxMmNjNF9fQXJ0aWNsZQ==_Les \u00c9tats-Unis de Trump lorgnent l\u2019espace strat\u00e9gique des \u00ab\u00a0trois mers\u00a0\u00bb en Europe orientale_293&quot;, &quot;customIDSPE&quot;: &quot;bGVmaWdhcm8uZnJfXzFmMDI1MTJlLTU3ZTctNjNmNC05MzU2LTA1ZDhlOGQxMmNjNF9fQXJ0aWNsZQ==&quot;, &quot;event&quot;: &quot;customEventSPE&quot;}\" target=\"_blank\" rel=\"noopener\"><br \/>\n                    Connectez-vous<br \/>\n                <\/a>\n            <\/p>\n","protected":false},"excerpt":{"rendered":"D\u00c9CRYPTAGE &#8211; Varsovie et Washington ont act\u00e9 la construction de la premi\u00e8re centrale nucl\u00e9aire, en marge du dixi\u00e8me&hellip;\n","protected":false},"author":2,"featured_media":62441,"comment_status":"","ping_status":"","sticky":false,"template":"","format":"standard","meta":{"footnotes":""},"categories":[1589],"tags":[339,11,340,343,345,350,130,344,352,349,75,33,341,313,73,1866,346,342,353,351,347,12,2437,348,354,1864,1865,1863,308],"class_list":{"0":"post-62440","1":"post","2":"type-post","3":"status-publish","4":"format-standard","5":"has-post-thumbnail","7":"category-etats-unis","8":"tag-actualite-economique","9":"tag-actualites","10":"tag-bourse","11":"tag-cac-40","12":"tag-chef-dentreprise","13":"tag-concurrence","14":"tag-consommation","15":"tag-creation-dentreprise","16":"tag-crise","17":"tag-delocalisations","18":"tag-donald-trump","19":"tag-economie","20":"tag-emploi","21":"tag-entreprises","22":"tag-etats-unis","23":"tag-etats-unis-damerique","24":"tag-grands-patrons","25":"tag-impots","26":"tag-licenciements","27":"tag-monopole","28":"tag-multinationales","29":"tag-news","30":"tag-pologne","31":"tag-privatisation","32":"tag-unio","33":"tag-united-states","34":"tag-united-states-of-america","35":"tag-us","36":"tag-usa"},"share_on_mastodon":{"url":"https:\/\/pubeurope.com\/@fr\/114422667462928885","error":""},"_links":{"self":[{"href":"https:\/\/www.europesays.com\/fr\/wp-json\/wp\/v2\/posts\/62440","targetHints":{"allow":["GET"]}}],"collection":[{"href":"https:\/\/www.europesays.com\/fr\/wp-json\/wp\/v2\/posts"}],"about":[{"href":"https:\/\/www.europesays.com\/fr\/wp-json\/wp\/v2\/types\/post"}],"author":[{"embeddable":true,"href":"https:\/\/www.europesays.com\/fr\/wp-json\/wp\/v2\/users\/2"}],"replies":[{"embeddable":true,"href":"https:\/\/www.europesays.com\/fr\/wp-json\/wp\/v2\/comments?post=62440"}],"version-history":[{"count":0,"href":"https:\/\/www.europesays.com\/fr\/wp-json\/wp\/v2\/posts\/62440\/revisions"}],"wp:featuredmedia":[{"embeddable":true,"href":"https:\/\/www.europesays.com\/fr\/wp-json\/wp\/v2\/media\/62441"}],"wp:attachment":[{"href":"https:\/\/www.europesays.com\/fr\/wp-json\/wp\/v2\/media?parent=62440"}],"wp:term":[{"taxonomy":"category","embeddable":true,"href":"https:\/\/www.europesays.com\/fr\/wp-json\/wp\/v2\/categories?post=62440"},{"taxonomy":"post_tag","embeddable":true,"href":"https:\/\/www.europesays.com\/fr\/wp-json\/wp\/v2\/tags?post=62440"}],"curies":[{"name":"wp","href":"https:\/\/api.w.org\/{rel}","templated":true}]}}