{"id":624401,"date":"2025-12-27T02:13:28","date_gmt":"2025-12-27T02:13:28","guid":{"rendered":"https:\/\/www.europesays.com\/fr\/624401\/"},"modified":"2025-12-27T02:13:28","modified_gmt":"2025-12-27T02:13:28","slug":"ces-couverts-signes-par-un-grand-nom-du-design-valent-jusqua-600-e","status":"publish","type":"post","link":"https:\/\/www.europesays.com\/fr\/624401\/","title":{"rendered":"Ces couverts sign\u00e9s par un grand nom du design valent jusqu\u2019\u00e0 600 \u20ac"},"content":{"rendered":"<p>Avis aux collectionneurs ou aux conservateurs ! Un set de<br \/>\ncouverts a le vent en poupe en ce d\u00e9but d\u00a0\u00bbann\u00e9e 2025. Imagin\u00e9es par<br \/>\nle d\u00e9signer Maarten Baptist au d\u00e9but des ann\u00e9es 2000, ces pi\u00e8ces<br \/>\npour la table ont \u00e9t\u00e9 estim\u00e9es par un expert. V\u00e9rifiez votre<br \/>\ncuisine car vous pourriez gagner une coquette somme.<\/p>\n<p>Des couverts uniques ouverts aux ench\u00e8res<\/p>\n<p>Selon le <a href=\"https:\/\/www.lejournaldelamaison.fr\/le-journal-de-la-maison\/decoration-par-style\/industriel-et-vintage\/vaisselle-ancienne-arrache-seconde-main-492841.html\" target=\"_blank\" rel=\"noopener\"><br \/>\nsite d&rsquo;ench\u00e8res en ligne<\/a> catawiki.com, <strong>ce set<br \/>\nde couverts sign\u00e9 Maarten Baptist<\/strong> est le dernier de cette<br \/>\ncollection. En effet, il y a quelques heures, les fid\u00e8les de la<br \/>\nplateforme ont pu (re)d\u00e9couvrir <strong>ces pi\u00e8ces<br \/>\nexclusives<\/strong>, qui n&rsquo;ont finalement pas \u00e9t\u00e9 pay\u00e9es par la<br \/>\npersonne qui en avait fait l&rsquo;acquisition.<\/p>\n<p>Cette collection en <strong>finition titane PVD<\/strong> a \u00e9t\u00e9<br \/>\npens\u00e9e par le designer Maarten Baptist aux Pays-Bas, au d\u00e9but des<br \/>\n<a href=\"https:\/\/www.lejournaldelamaison.fr\/le-journal-de-la-maison\/nouveautes\/tendances\/tendances-deco\/tendances-deco-annees-2000-vont-revenir-pret-497887.html\" target=\"_blank\" rel=\"noopener\"><br \/>\nann\u00e9es 2000<\/a>. Con\u00e7u dans un acier inoxydable d&rsquo;une rare qualit\u00e9,<br \/>\nle set allie <strong>ergonomie, praticit\u00e9 et beaut\u00e9<\/strong>. En<br \/>\nplus de la forme creuse, la couleur des couverts change,<br \/>\n<strong>tel un arc-en-ciel<\/strong> selon la lumi\u00e8re. Ce qui le<br \/>\nrend surtout unique, c&rsquo;est qu&rsquo;il ne sera plus jamais produit.<\/p>\n<p>Des couverts avec une finition arc-en-ciel en \u00e9dition<br \/>\nultra-limit\u00e9e<\/p>\n<p>On apprend sur\u00a0catawiki.com, que ces couverts ont<br \/>\n\u00e9t\u00e9 <strong>retrouv\u00e9s lors d&rsquo;un d\u00e9m\u00e9nagement<\/strong>. Une<br \/>\ntrouvaille incroyable, car \u00e0 ce jour, Maarten Baptist ne produit<br \/>\nplus <strong>que les petites cuill\u00e8res \u00e0 caf\u00e9 de sa<br \/>\ncollection<\/strong>. Enfin, le set ne comprend pas que quelques<br \/>\ncouverts, mais bien <strong>tout un ensemble pour six<br \/>\npersonnes<\/strong>.<\/p>\n<p>D&rsquo;ailleurs, inutile d&rsquo;attendre de donner une grosse r\u00e9ception<br \/>\npour sortir <a href=\"https:\/\/www.lejournaldelamaison.fr\/le-journal-de-la-maison\/noel\/decoration-de-table-noel\/partent-toute-vitesse-couverts-dores-action-rendre-table-fete-luxueuse-seulement-500870.html\" target=\"_blank\" rel=\"noopener\"><br \/>\nces m\u00e9nag\u00e8res simples<\/a>, mais <strong>tr\u00e8s<br \/>\nsophistiqu\u00e9es<\/strong>. Ils trouveront parfaitement leur place lors<br \/>\nd&rsquo;un repas du quotidien ou d&rsquo;un d\u00eener entre amis. L&rsquo;expert Ashley<br \/>\nCalvert <strong>a estim\u00e9 le lot entre 500 et 600<br \/>\neuros<\/strong>.<\/p>\n<p><a href=\"https:\/\/www.lejournaldelamaison.fr\/wp-content\/uploads\/sites\/8\/2025\/01\/couverts-uniques-signes-celebre-designer-revendent-prix-dor-verifiez-tiroirs-1.jpg\" target=\"_blank\" rel=\"noopener\"><br \/>\n<img loading=\"lazy\" decoding=\"async\" aria-describedby=\"caption-attachment-501859\" itemprop=\"thumbnailUrl\" class=\"size-pinterest_original_image wp-image-501859 img-responsive pinit-here\" src=\"https:\/\/www.europesays.com\/fr\/wp-content\/uploads\/2025\/12\/couverts-uniques-signes-celebre-designer-revendent-prix-dor-verifiez-tiroirs-1-736x550.jpg\" alt=\"Ces couverts uniques sign\u00e9s par un c\u00e9l\u00e8bre designer se revendent \u00e0 prix d\u2019or, v\u00e9rifiez vos tiroirs !\" width=\"736\" height=\"550\" data-pin-media=\"https:\/\/www.europesays.com\/fr\/wp-content\/uploads\/2025\/12\/couverts-uniques-signes-celebre-designer-revendent-prix-dor-verifiez-tiroirs-1-736x550.jpg\"\/><\/a><br \/>\n\u00a9 Maarten<br \/>\nBaptist<\/p>\n<p id=\"caption-attachment-501859\" class=\"wp-caption-text\">Couverts<br \/>\nMaarten Baptist<\/p>\n<blockquote class=\"instagram-media\" style=\"background: #ffffff;border: 0;margin: 1px;width: 100%;padding: 0;max-width: 500px;\" data-instgrm-permalink=\"https:\/\/www.instagram.com\/p\/Cu9WieDo7Ae\/?img_index=1\" data-instgrm-version=\"14\"\/><p>\nDes couverts estim\u00e9s \u00e0 pr\u00e8s de 600<br \/>\neuros<\/p>\n<p>Sur\u00a0catawiki.com, <strong>la vente prend fin dans<br \/>\nquelques heures<\/strong>. Il ne reste donc pas beaucoup de temps<br \/>\npour s&rsquo;offrir les six fourchettes, couteaux, cuill\u00e8res \u00e0 d\u00eener,<br \/>\ncuill\u00e8res \u00e0 caf\u00e9 et \u00e0 latte ou encore les six petites fourchettes,<br \/>\ncouteaux et cuill\u00e8res. Bien s\u00fbr, n&rsquo;h\u00e9sitez pas \u00e0 <strong>prendre<br \/>\nquelques minutes<\/strong> pour regarder <a href=\"https:\/\/www.lejournaldelamaison.fr\/le-journal-de-la-maison\/piece-par-piece\/cuisine-salle-a-manger-le-journal-de-la-maison\/cuisine\/actus-cuisine\/materiau-cuisine-iconique-interdit-499537.html\" target=\"_blank\" rel=\"noopener\"><br \/>\ndans votre cuisine<\/a> si un set similaire ne s&rsquo;y trouve pas.<\/p>\n<p>Vous l&rsquo;avez compris, il ne sera <strong>plus jamais<br \/>\nproduit<\/strong> et il est tr\u00e8s recherch\u00e9 par les collectionneurs.<br \/>\nSi malgr\u00e9 vos recherches, les couverts sign\u00e9s Maarten Baptist<br \/>\n<strong>ne se trouvent pas dans vos tiroirs<\/strong>, profitez des<br \/>\nquelques heures restantes de la vente pour vous les offrir !<br \/>\n<strong>Rendez-vous sur <a href=\"https:\/\/www.catawiki.com\/fr\/l\/91750391-last-set-maarten-baptist-menagere-48-contour-arc-en-ciel-finition-titane-pvd-edition-limitee\" target=\"_blank\" rel=\"nofollow noopener\">catawiki.com<\/a><\/strong>,<br \/>\nd\u00e8s maintenant.<\/p>\n<p><script async src=\"\/\/www.instagram.com\/embed.js\"><\/script><\/p>\n","protected":false},"excerpt":{"rendered":"Avis aux collectionneurs ou aux conservateurs ! Un set de couverts a le vent en poupe en ce&hellip;\n","protected":false},"author":2,"featured_media":624402,"comment_status":"","ping_status":"","sticky":false,"template":"","format":"standard","meta":{"footnotes":""},"categories":[7],"tags":[13709,11796,9122,16738,1386,3029,23544,1011,27,2515,6085,12333,151,19800,5912,27594,378,10468,43,40,41,39,44863,3333,42,44,9066,39904],"class_list":{"0":"post-624401","1":"post","2":"type-post","3":"status-publish","4":"format-standard","5":"has-post-thumbnail","7":"category-sciences-et-technologies","8":"tag-13709","9":"tag-aujourdhui","10":"tag-ces","11":"tag-couverts","12":"tag-design","13":"tag-du","14":"tag-e","15":"tag-fr","16":"tag-france","17":"tag-grand","18":"tag-ils","19":"tag-jusqua","20":"tag-les","21":"tag-nom","22":"tag-par","23":"tag-parmi","24":"tag-plus","25":"tag-recherches","26":"tag-science","27":"tag-science-and-technology","28":"tag-sciences","29":"tag-sciences-et-technologies","30":"tag-signes","31":"tag-sont","32":"tag-technologies","33":"tag-technology","34":"tag-un","35":"tag-valent"},"share_on_mastodon":{"url":"https:\/\/pubeurope.com\/@fr\/115789117031234233","error":""},"_links":{"self":[{"href":"https:\/\/www.europesays.com\/fr\/wp-json\/wp\/v2\/posts\/624401","targetHints":{"allow":["GET"]}}],"collection":[{"href":"https:\/\/www.europesays.com\/fr\/wp-json\/wp\/v2\/posts"}],"about":[{"href":"https:\/\/www.europesays.com\/fr\/wp-json\/wp\/v2\/types\/post"}],"author":[{"embeddable":true,"href":"https:\/\/www.europesays.com\/fr\/wp-json\/wp\/v2\/users\/2"}],"replies":[{"embeddable":true,"href":"https:\/\/www.europesays.com\/fr\/wp-json\/wp\/v2\/comments?post=624401"}],"version-history":[{"count":0,"href":"https:\/\/www.europesays.com\/fr\/wp-json\/wp\/v2\/posts\/624401\/revisions"}],"wp:featuredmedia":[{"embeddable":true,"href":"https:\/\/www.europesays.com\/fr\/wp-json\/wp\/v2\/media\/624402"}],"wp:attachment":[{"href":"https:\/\/www.europesays.com\/fr\/wp-json\/wp\/v2\/media?parent=624401"}],"wp:term":[{"taxonomy":"category","embeddable":true,"href":"https:\/\/www.europesays.com\/fr\/wp-json\/wp\/v2\/categories?post=624401"},{"taxonomy":"post_tag","embeddable":true,"href":"https:\/\/www.europesays.com\/fr\/wp-json\/wp\/v2\/tags?post=624401"}],"curies":[{"name":"wp","href":"https:\/\/api.w.org\/{rel}","templated":true}]}}