{"id":624403,"date":"2025-12-27T02:14:13","date_gmt":"2025-12-27T02:14:13","guid":{"rendered":"https:\/\/www.europesays.com\/fr\/624403\/"},"modified":"2025-12-27T02:14:13","modified_gmt":"2025-12-27T02:14:13","slug":"actionnaire-chinois-capital-volatilise-bras-de-fer-aux-iles-vierges-sandro-et-maje-enfin-liberes-dun-incroyable-imbroglio-financier","status":"publish","type":"post","link":"https:\/\/www.europesays.com\/fr\/624403\/","title":{"rendered":"Actionnaire chinois, capital volatilis\u00e9, bras de fer aux \u00eeles Vierges&#8230; Sandro et Maje enfin lib\u00e9r\u00e9s d\u2019un incroyable imbroglio financier"},"content":{"rendered":"<p>\n    <strong>D\u00c9CRYPTAGE<\/strong> &#8211; Le groupe SMCP, \u00e9galement propri\u00e9taire de Claudie Pierlot et Fursac, est d\u00e9sormais \u00e0 vendre.<\/p>\n<p class=\"fig-paragraph\">Rien n\u2019a jamais filtr\u00e9 dans les boutiques Sandro, Maje et Claudie Pierlot. Pendant des ann\u00e9es, les clientes ont fait leurs achats sans imaginer l\u2019incroyable crise de gouvernance qui minait les marges de man\u0153uvre de l\u2019entreprise. Comme si de rien n\u2019\u00e9tait, les collections ont \u00e9t\u00e9 renouvel\u00e9es au fil des saisons. L\u2019activit\u00e9, elle, a \u00e9volu\u00e9 au gr\u00e9 du\u00a0<a href=\"https:\/\/www.lefigaro.fr\/societes\/la-crise-du-pret-a-porter-s-etend-au-haut-de-gamme-20230919\" data-fig-type=\"Article\" data-gtm-custom-categorie=\"navigation\" data-gtm-custom-action=\"crossclick\" data-gtm-custom-label=\"Contextuel\" data-gtm-event=\"customEventSPE\" data-fig-domain=\"LEFIGARO\" target=\"_blank\" rel=\"noopener\">contexte \u00e9conomique, de plus en plus difficile pour la mode<\/a>. Pourtant, depuis mi-2021 et jusqu\u2019\u00e0 la fin de cet \u00e9t\u00e9, le groupe SMCP (Sandro, Maje, Claudie Pierlot et, pour les hommes,\u00a0<a href=\"https:\/\/www.lefigaro.fr\/mode-homme\/fursac-prend-la-vague-20250627\" data-fig-type=\"Article\" data-gtm-custom-categorie=\"navigation\" data-gtm-custom-action=\"crossclick\" data-gtm-custom-label=\"Contextuel\" data-gtm-event=\"customEventSPE\" data-fig-domain=\"LEFIGARO\" target=\"_blank\" rel=\"noopener\">Fursac<\/a>) a v\u00e9cu un enfer financier, qui a sid\u00e9r\u00e9 la place de Paris\u00a0: 15,5\u00a0% du capital ayant appartenu \u00e0 son ancien propri\u00e9taire chinois Yafi Qiu s\u2019\u00e9taient volatilis\u00e9s.<\/p>\n<p class=\"fig-paragraph\">L\u2019homme d\u2019affaires, fondateur du conglom\u00e9rat Shandong Ruyi, avait pris le contr\u00f4le de SMCP en 2016, via un holding bas\u00e9 au Luxembourg, European TopShoho (ETS). \u00c0 l\u2019\u00e9poque, l\u2019op\u00e9ration semble pleine de promesses. Au mitan des ann\u00e9es 2010, l\u2019entrepreneur chinois est l\u2019un des plus grands sous-traitants\u2026<\/p>\n<p class=\"fig-premium-paywall__infos\">\n        Cet article est r\u00e9serv\u00e9 aux abonn\u00e9s.        Il vous reste 87% \u00e0 d\u00e9couvrir.\n    <\/p>\n<p>                <img  data- alt=\"Le Figaro\" class=\"fig-img--complete fig-img\"\/><\/p>\n<p class=\"fig-premium-paywall__title\">Vous avez envie de lire la suite ?<\/p>\n<p class=\"fig-premium-paywall__subtitle\">D\u00e9bloquez tous les articles imm\u00e9diatement.<\/p>\n<p class=\"fig-premium-paywall__connect\">\n                D\u00e9j\u00e0 abonn\u00e9\u00a0?                <a class=\"fig-premium-paywall__connect-link\" href=\"https:\/\/connect.lefigaro.fr\/login?client=horizon_web&amp;type=main&amp;redirect_uri=https%3A%2F%2Fwww.lefigaro.fr%2Fsocietes%2Factionnaire-chinois-capital-volatilise-bras-de-fer-aux-iles-vierges-sandro-et-maje-enfin-liberes-d-un-incroyable-imbroglio-financier-20251226\" data-js-gtm=\"{&quot;customCategorie&quot;: &quot;conversion&quot;, &quot;customAction&quot;: &quot;before_Landing_Connexion_paywall_auto&quot;, &quot;customLabel&quot;: &quot;bGVmaWdhcm8uZnJfXzFmMGFmMjU4LTc2OTEtNjAxYS04YTZkLTYxY2I4ZjcwNmU2Nl9fQXJ0aWNsZQ==_Actionnaire chinois, capital volatilis\u00e9, bras de fer aux \u00eeles Vierges... Sandro et Maje enfin lib\u00e9r\u00e9s d\u2019un incroyable imbroglio financier_297&quot;, &quot;customIDSPE&quot;: &quot;bGVmaWdhcm8uZnJfXzFmMGFmMjU4LTc2OTEtNjAxYS04YTZkLTYxY2I4ZjcwNmU2Nl9fQXJ0aWNsZQ==&quot;, &quot;event&quot;: &quot;customEventSPE&quot;}\" target=\"_blank\" rel=\"noopener\"><br \/>\n                    Connectez-vous<br \/>\n                <\/a>\n            <\/p>\n","protected":false},"excerpt":{"rendered":"D\u00c9CRYPTAGE &#8211; Le groupe SMCP, \u00e9galement propri\u00e9taire de Claudie Pierlot et Fursac, est d\u00e9sormais \u00e0 vendre. Rien n\u2019a&hellip;\n","protected":false},"author":2,"featured_media":624404,"comment_status":"","ping_status":"","sticky":false,"template":"","format":"standard","meta":{"footnotes":""},"categories":[6],"tags":[25446,35,73389,33,34,1011,27,73388,985,1103,49368],"class_list":{"0":"post-624403","1":"post","2":"type-post","3":"status-publish","4":"format-standard","5":"has-post-thumbnail","7":"category-economie","8":"tag-amf","9":"tag-business","10":"tag-claudie-pierlot","11":"tag-economie","12":"tag-economy","13":"tag-fr","14":"tag-france","15":"tag-maje","16":"tag-mode","17":"tag-pret-a-porter","18":"tag-sandro"},"share_on_mastodon":{"url":"https:\/\/pubeurope.com\/@fr\/115789122756553023","error":""},"_links":{"self":[{"href":"https:\/\/www.europesays.com\/fr\/wp-json\/wp\/v2\/posts\/624403","targetHints":{"allow":["GET"]}}],"collection":[{"href":"https:\/\/www.europesays.com\/fr\/wp-json\/wp\/v2\/posts"}],"about":[{"href":"https:\/\/www.europesays.com\/fr\/wp-json\/wp\/v2\/types\/post"}],"author":[{"embeddable":true,"href":"https:\/\/www.europesays.com\/fr\/wp-json\/wp\/v2\/users\/2"}],"replies":[{"embeddable":true,"href":"https:\/\/www.europesays.com\/fr\/wp-json\/wp\/v2\/comments?post=624403"}],"version-history":[{"count":0,"href":"https:\/\/www.europesays.com\/fr\/wp-json\/wp\/v2\/posts\/624403\/revisions"}],"wp:featuredmedia":[{"embeddable":true,"href":"https:\/\/www.europesays.com\/fr\/wp-json\/wp\/v2\/media\/624404"}],"wp:attachment":[{"href":"https:\/\/www.europesays.com\/fr\/wp-json\/wp\/v2\/media?parent=624403"}],"wp:term":[{"taxonomy":"category","embeddable":true,"href":"https:\/\/www.europesays.com\/fr\/wp-json\/wp\/v2\/categories?post=624403"},{"taxonomy":"post_tag","embeddable":true,"href":"https:\/\/www.europesays.com\/fr\/wp-json\/wp\/v2\/tags?post=624403"}],"curies":[{"name":"wp","href":"https:\/\/api.w.org\/{rel}","templated":true}]}}