{"id":624411,"date":"2025-12-27T02:20:24","date_gmt":"2025-12-27T02:20:24","guid":{"rendered":"https:\/\/www.europesays.com\/fr\/624411\/"},"modified":"2025-12-27T02:20:24","modified_gmt":"2025-12-27T02:20:24","slug":"%f0%9f%96%a4%f0%9f%92%9a-verts-et-anciens-verts-rendent-hommage-a-gasset","status":"publish","type":"post","link":"https:\/\/www.europesays.com\/fr\/624411\/","title":{"rendered":"\ud83d\udda4\ud83d\udc9a Verts et anciens verts rendent hommage \u00e0 Gasset"},"content":{"rendered":"<p>Jean-Fran\u00e7ois Bedenik, Florian Tardieu, Micka\u00ebl Nad\u00e9, Yvann Ma\u00e7on ainsi qu&rsquo;Emmanuel Demont, ont post\u00e9 un message sur les r\u00e9seaux sociaux, un sobre \u00ab\u00a0Merci pour tout Monsieur Gasset\u00a0\u00bb publi\u00e9 par le speaker de l&rsquo;AS Saint-\u00c9tienne.\u00a0<\/p>\n<p>Form\u00e9s dans le Forez, ils ont eu l&rsquo;occasion de c\u00f4toyer Jean-Louis Gasset \u00e0 Saint-\u00c9tienne, c&rsquo;est le cas de Charles Abi, Cyril Martin Pichon, Louis Mouton, Wesley Fofana, Lucas Gourna-Douath et Bilal Benkhedim, tous ont partag\u00e9 la publication de l&rsquo;ASSE, accompagn\u00e9e d&rsquo;un mot ou non, \u00e0 l&rsquo;image de Victor Petit qui a post\u00e9 \u00ab\u00a0RIP Grand Monsieur\u00a0\u00bb.<\/p>\n<p><img decoding=\"async\" src=\"https:\/\/www.europesays.com\/fr\/wp-content\/uploads\/2025\/12\/c936e966476c9821fa0e15c9a572da44d5359b1b.jpg\" class=\"fr-fic fr-dib\"\/><\/p>\n<p>Du c\u00f4t\u00e9 des anciens joueurs, <strong>R\u00e9my Cabella<\/strong> a post\u00e9 un message \u00e9mouvant, lui qui a \u00e9galement port\u00e9 les couleurs du MHSC, comme Gasset : \u00ab\u00a0J&rsquo;ai pas les mots. Repose en paix coach. Merci pour tout. Une grosse pens\u00e9e pour sa famille et ses proches. \u00c0 jamais dans mon c\u0153ur \u00ab\u00a0le coach.\u00a0\u00bb\u00a0De nombreux autres anciens verts sous la houlette de Gasset, ont rendu hommage \u00e0 l&rsquo;homme et entra\u00eeneur : Arnaud Nordin, Wahbi Khazri, Mathieu Debuchy, Makhtar Gueye, K\u00e9vin Th\u00e9ophile-Catherine, Assane Diousse, Robert Beric ainsi que Jessy Moulin qui a post\u00e9 sur son compte instagram : \u00ab\u00a0Quelle tristesse, RIP coach.\u00a0\u00bb<\/p>\n<p><img decoding=\"async\" src=\"https:\/\/www.europesays.com\/fr\/wp-content\/uploads\/2025\/12\/8e3b50130e1121a4c14327a4d073f2212782d4e2.jpg\" class=\"fr-fic fr-dib\"\/><\/p>\n<p>Ancien joueur de l&rsquo;ASSE et du MHSC, Geoffrey Dernis a \u00e9galement r\u00e9agi sur Instagram : \u00ab\u00a0\u00c0 l&rsquo;homme, l&rsquo;entra\u00eeneur et la personne qu&rsquo;il \u00e9tait. Repose en paix.\u00a0\u00bb, tout comme Baf\u00e9timbi Gomis.\u00a0<\/p>\n<p>Ancien joueur et entra\u00eeneur de l&rsquo;AS Saint-\u00c9tienne,<strong>\u00a0Laurent Batlles<\/strong> qui travaillait alors au centre de formation du club, s&rsquo;est lui aussi exprim\u00e9 sur les r\u00e9seaux sociaux pour saluer sa m\u00e9moire : \u00ab\u00a0Une tr\u00e8s belle et grande personne. RIP Mister, quelle joie d&rsquo;avoir pu te c\u00f4toyer et apprendre \u00e0 tes c\u00f4t\u00e9s.\u00a0\u00bb\u00a0<\/p>\n<blockquote class=\"twitter-tweet\">\n<p dir=\"ltr\" lang=\"fr\">Une tr\u00e8s belle et grande personne<br \/>RIP MISTER<br \/>Quelle joie d\u2019avoir pu te c\u00f4toyer et apprendre \u00e0 tes c\u00f4t\u00e9s \ud83e\udebd\ud83e\udebd <a href=\"https:\/\/t.co\/6zzMuPsP2X\">pic.twitter.com\/6zzMuPsP2X<\/a><\/p>\n<p>\u2014 Batlles Laurent (@azgui31) <a href=\"https:\/\/twitter.com\/azgui31\/status\/2004549744291623173?ref_src=twsrc%5Etfw\" target=\"_blank\" rel=\"noopener\">December 26, 2025<\/a><\/p><\/blockquote>\n<p>Lui aussi l&rsquo;a c\u00f4toy\u00e9 \u00e0 l&rsquo;ASSE lorsqu&rsquo;il exer\u00e7ait au centre de formation, Razik Nedder s&rsquo;est \u00e9galement exprim\u00e9 sur X.<\/p>\n<blockquote class=\"twitter-tweet\">\n<p dir=\"ltr\" lang=\"fr\">Quelle immense tristesse\u2026<br \/>Un grand homme sur et en dehors des Terrains !<br \/>Quelle honneur d\u2019avoir pu apprendre \u00e0 tes c\u00f4t\u00e9s, de loin le meilleur que j\u2019ai c\u00f4toy\u00e9.<br \/>Repose en paix Jean-Louis \ud83e\udde2.<br \/>Que Dieu accompagne ses proches. \ud83d\udd4a\ufe0f <a href=\"https:\/\/t.co\/g9L4aAKLSw\">pic.twitter.com\/g9L4aAKLSw<\/a><\/p>\n<p>\u2014 Razik Nedder (@coach_razz) <a href=\"https:\/\/twitter.com\/coach_razz\/status\/2004562700702273944?ref_src=twsrc%5Etfw\" target=\"_blank\" rel=\"noopener\">December 26, 2025<\/a><\/p><\/blockquote>\n<p>Son fid\u00e8le adjoint, <strong>Ghislain Printant<\/strong>, a lui aussi r\u00e9agi sux X pleurant la disparition de son ami : \u00ab\u00a0Tu n&rsquo;as pas le droit JL. Merci mon ami \ud83d\udda4\u00a0\u00bb<\/p>\n<blockquote class=\"twitter-tweet\">\n<p dir=\"ltr\" lang=\"fr\">Tu n\u2019as pas le droit JL\u2026\u2026\u2026\ud83d\ude25\ud83d\ude25\ud83d\ude25<br \/>Merci mon ami\u2026.\ud83d\udda4 <a href=\"https:\/\/t.co\/XFlJa92xL0\">pic.twitter.com\/XFlJa92xL0<\/a><\/p>\n<p>\u2014 Printant Ghislain (@GPrintant) <a href=\"https:\/\/twitter.com\/GPrintant\/status\/2004586216499654909?ref_src=twsrc%5Etfw\" target=\"_blank\" rel=\"noopener\">December 26, 2025<\/a><\/p><\/blockquote>\n<p>                         <script async src=\"https:\/\/platform.twitter.com\/widgets.js\" charset=\"utf-8\"><\/script><\/p>\n","protected":false},"excerpt":{"rendered":"Jean-Fran\u00e7ois Bedenik, Florian Tardieu, Micka\u00ebl Nad\u00e9, Yvann Ma\u00e7on ainsi qu&rsquo;Emmanuel Demont, ont post\u00e9 un message sur les r\u00e9seaux&hellip;\n","protected":false},"author":2,"featured_media":624412,"comment_status":"","ping_status":"","sticky":false,"template":"","format":"standard","meta":{"footnotes":""},"categories":[9653],"tags":[1111,11,2430,1777,674,1011,27,12,25,4001],"class_list":{"0":"post-624411","1":"post","2":"type-post","3":"status-publish","4":"format-standard","5":"has-post-thumbnail","7":"category-saint-etienne","8":"tag-actu","9":"tag-actualites","10":"tag-auvergne-rhone-alpes","11":"tag-eu","12":"tag-europe","13":"tag-fr","14":"tag-france","15":"tag-news","16":"tag-republique-francaise","17":"tag-saint-etienne"},"share_on_mastodon":{"url":"https:\/\/pubeurope.com\/@fr\/115789144755430966","error":""},"_links":{"self":[{"href":"https:\/\/www.europesays.com\/fr\/wp-json\/wp\/v2\/posts\/624411","targetHints":{"allow":["GET"]}}],"collection":[{"href":"https:\/\/www.europesays.com\/fr\/wp-json\/wp\/v2\/posts"}],"about":[{"href":"https:\/\/www.europesays.com\/fr\/wp-json\/wp\/v2\/types\/post"}],"author":[{"embeddable":true,"href":"https:\/\/www.europesays.com\/fr\/wp-json\/wp\/v2\/users\/2"}],"replies":[{"embeddable":true,"href":"https:\/\/www.europesays.com\/fr\/wp-json\/wp\/v2\/comments?post=624411"}],"version-history":[{"count":0,"href":"https:\/\/www.europesays.com\/fr\/wp-json\/wp\/v2\/posts\/624411\/revisions"}],"wp:featuredmedia":[{"embeddable":true,"href":"https:\/\/www.europesays.com\/fr\/wp-json\/wp\/v2\/media\/624412"}],"wp:attachment":[{"href":"https:\/\/www.europesays.com\/fr\/wp-json\/wp\/v2\/media?parent=624411"}],"wp:term":[{"taxonomy":"category","embeddable":true,"href":"https:\/\/www.europesays.com\/fr\/wp-json\/wp\/v2\/categories?post=624411"},{"taxonomy":"post_tag","embeddable":true,"href":"https:\/\/www.europesays.com\/fr\/wp-json\/wp\/v2\/tags?post=624411"}],"curies":[{"name":"wp","href":"https:\/\/api.w.org\/{rel}","templated":true}]}}