{"id":624415,"date":"2025-12-27T02:25:05","date_gmt":"2025-12-27T02:25:05","guid":{"rendered":"https:\/\/www.europesays.com\/fr\/624415\/"},"modified":"2025-12-27T02:25:05","modified_gmt":"2025-12-27T02:25:05","slug":"jalibert-signe-un-coup-de-maitre-bielle-biarrey-au-sommet-le-rct-coule-encore-loin-de-mayol-les-tops-et-flops","status":"publish","type":"post","link":"https:\/\/www.europesays.com\/fr\/624415\/","title":{"rendered":"Jalibert signe un coup de ma\u00eetre, Bielle-Biarrey au sommet, le RCT coule (encore) loin de Mayol&#8230; Les tops et flops"},"content":{"rendered":"<p>\n    L\u2019UBB a r\u00e9alis\u00e9 un festival face au RCT (46-7) \u00e0 Chaban Delmas gr\u00e2ce \u00e0 un Matthieu Jalibert de gala et \u00e0 un nouvel essai de Louis Bielle-Biarrey.<\/p>\n<p class=\"fig-paragraph\"><strong>TOPS\u00a0<\/strong><\/p>\n<p>                                            <strong>Matthieu Jalibert en maestro<\/strong><\/p>\n<p class=\"fig-paragraph\">Prestation XXl de l\u2019ouvreur bordelais. D\u00e8s la 2e minute de jeu,<a href=\"http:\/\/www.lefigaro.fr\/sports\/rugby\/top-14\/ubb-la-relance-totalement-inedite-au-pied-de-matthieu-jalibert-plaque-derriere-sa-ligne-d-en-but-20251129\" target=\"_blank\" data-fig-type=\"NewsFlash\" rel=\"sponsored noopener\" data-gtm-custom-categorie=\"navigation\" data-gtm-custom-action=\"crossclick\" data-gtm-custom-label=\"Contextuel\" data-gtm-event=\"customEventSPE\" data-fig-domain=\"LEFIGARO\">\u00a0Matthieu Jalibert<\/a>\u00a0est \u00e0 la baguette et sert parfaitement le TGV\u00a0<a href=\"http:\/\/www.lefigaro.fr\/sports\/rugby\/rugby-louis-bielle-biarrey-seul-francais-retenu-dans-l-equipe-de-l-annee-2025-de-world-rugby-20251125\" target=\"_blank\" data-fig-type=\"NewsFlash\" rel=\"sponsored noopener\" data-gtm-custom-categorie=\"navigation\" data-gtm-custom-action=\"crossclick\" data-gtm-custom-label=\"Contextuel\" data-gtm-event=\"customEventSPE\" data-fig-domain=\"LEFIGARO\">Louis Bielle-Biarrey<\/a>\u00a0pour faire la course en t\u00eate \u00e0 Chaban Delmas. Dix minutes plus tard, il effectue un 50\/22 d\u2019anthologie pour renverser la situation en cours du RCT. Il est \u00e0 nouveau d\u00e9cisif sur l\u2019essai de Depoortere avant de ponctuer son match d\u2019un essai en solo pour offrir le point de bonus offensif \u00e0 son \u00e9quipe<a href=\"http:\/\/www.lefigaro.fr\/sports\/rugby\/top-14\/dans-un-match-a-sens-unique-l-ubb-roule-sur-toulon-et-retrouve-le-podium-20251221\" target=\"_blank\" data-fig-type=\"NewsFlash\" rel=\"sponsored noopener\" data-gtm-custom-categorie=\"navigation\" data-gtm-custom-action=\"crossclick\" data-gtm-custom-label=\"Contextuel\" data-gtm-event=\"customEventSPE\" data-fig-domain=\"LEFIGARO\">\u00a0qui chipe la 3e place du Top 14 \u00e0 Toulon\u00a0<\/a>(46-7).<\/p>\n<p>                                            <a class=\"fig-a11y-skip\" href=\"#fig-a11y-skip-main-inarticle\" data-module=\"a11y-skip\" data-context=\"was @visible\"><br \/>\n    Passer la publicit\u00e9<br \/>\n<\/a>            <\/p>\n<p>                                            <strong>Lou<\/strong>is Bielle-Biarrey au sommet<\/p>\n<p class=\"fig-paragraph\">Le serial marqueur de l\u2019UBB a encore frapp\u00e9. D\u2019entr\u00e9e, les compteurs de Louis Bielle-Biarrey se sont affol\u00e9s. Au bout d\u2019une course sur son c\u00f4t\u00e9 gauche, l\u2019international fran\u00e7ais a permis \u00e0 son \u00e9quipe de faire la course en t\u00eate en signant son 8e essai de la saison en\u00a0<a href=\"http:\/\/www.lefigaro.fr\/sports\/rugby\/top-14\/top-14-en-video-le-coup-de-pied-de-mammouth-et-maitrise-de-jalibert-qui-trouve-une-sublime-touche-avec-l-ubb-20251221\" target=\"_blank\" data-fig-type=\"NewsFlash\" rel=\"sponsored noopener\" data-gtm-custom-categorie=\"navigation\" data-gtm-custom-action=\"crossclick\" data-gtm-custom-label=\"Contextuel\" data-gtm-event=\"customEventSPE\" data-fig-domain=\"LEFIGARO\">Top 14.<\/a>\u00a0Une r\u00e9alisation qui lui permet de devenir le co-meilleur marqueur du championnat aux c\u00f4t\u00e9s de\u00a0<a href=\"http:\/\/www.lefigaro.fr\/sports\/rugby\/top-14\/top-14-annee-probablement-terminee-pour-le-toulousain-matthis-lebel-20251202\" target=\"_blank\" data-fig-type=\"NewsFlash\" rel=\"sponsored noopener\" data-gtm-custom-categorie=\"navigation\" data-gtm-custom-action=\"crossclick\" data-gtm-custom-label=\"Contextuel\" data-gtm-event=\"customEventSPE\" data-fig-domain=\"LEFIGARO\">Matthis Lebel<\/a>\u00a0(Stade Toulousain) et\u00a0<a href=\"http:\/\/www.lefigaro.fr\/sports\/rugby\/top-14\/eddie-murphy-champion-olympique-cinq-choses-a-savoir-sur-jiuta-wainiqolo-le-frissonnant-ailier-de-toulon-20250621\" target=\"_blank\" data-fig-type=\"NewsFlash\" rel=\"sponsored noopener\" data-gtm-custom-categorie=\"navigation\" data-gtm-custom-action=\"crossclick\" data-gtm-custom-label=\"Contextuel\" data-gtm-event=\"customEventSPE\" data-fig-domain=\"LEFIGARO\">Jiuta Wainiqolo<\/a>\u00a0(LOU).<\/p>\n<p>                                            La d\u00e9fense de l\u2019UBB<\/p>\n<p class=\"fig-paragraph\">Six essais inscrits par l\u2019UBB, mais surtout une d\u00e9fense de fer. Mis en difficult\u00e9 par le RCT au retour des vestiaires, les Girondins ont tenu devant leur ligne face \u00e0 certes des Toulonnais trop maladroits. Une volont\u00e9 symbolis\u00e9e par le sauvetage de\u00a0<a href=\"http:\/\/www.lefigaro.fr\/sports\/rugby\/top-14\/top-14-romain-buros-prolonge-avec-bordeaux-begles-jusqu-en-2029-20251105\" target=\"_blank\" data-fig-type=\"NewsFlash\" rel=\"sponsored noopener\" data-gtm-custom-categorie=\"navigation\" data-gtm-custom-action=\"crossclick\" data-gtm-custom-label=\"Contextuel\" data-gtm-event=\"customEventSPE\" data-fig-domain=\"LEFIGARO\">Romain Buros<\/a>\u00a0qui s\u2019est envol\u00e9 pour emp\u00eacher les Varois d\u2019obtenir une touche dangereuse en fin de match.<\/p>\n<p class=\"fig-paragraph\"><strong>FLOPS<\/strong><\/p>\n<p>                                            Le RCT coule encore en dehors de Mayol<\/p>\n<p class=\"fig-paragraph\">Les hommes de\u00a0<a href=\"http:\/\/www.lefigaro.fr\/sports\/rugby\/top-14\/top-14-je-pense-que-c-est-peut-etre-le-match-le-plus-abouti-se-felicite-pierre-mignoni-20251020\" target=\"_blank\" data-fig-type=\"NewsFlash\" rel=\"sponsored noopener\" data-gtm-custom-categorie=\"navigation\" data-gtm-custom-action=\"crossclick\" data-gtm-custom-label=\"Contextuel\" data-gtm-event=\"customEventSPE\" data-fig-domain=\"LEFIGARO\">Pierre Mignoni<\/a>\u00a0repartent une nouvelle fois avec une lourde d\u00e9faite d\u2019un match hors de leur base. Pour la troisi\u00e8me fois d\u2019affil\u00e9e, le RCT encaisse plus de 45 points \u00e0 l\u2019ext\u00e9rieur (51 pris au Stade fran\u00e7ais et 59 \u00e0 Toulouse). Depuis le d\u00e9but de la saison, Toulon ne s\u2019est impos\u00e9 qu\u2019\u00e0 Montpellier en d\u00e9placement lors de la premi\u00e8re journ\u00e9e du Top 14&#8230; C\u2019\u00e9tait le 6 septembre.<\/p>\n<p>                                            L\u2019infirmerie de Toulon s\u2019agrandit<\/p>\n<p class=\"fig-paragraph\">Avant la rencontre, le RCT \u00e9tait d\u00e9j\u00e0 priv\u00e9 de nombreux joueurs\u00a0:\u00a0<a href=\"http:\/\/www.lefigaro.fr\/sports\/rugby\/coupe-d-europe\/rugby-champions-cup-on-n-a-toujours-pas-compris-l-etrange-blessure-a-la-main-de-melvyn-jaminet-20251209\" target=\"_blank\" data-fig-type=\"NewsFlash\" rel=\"sponsored noopener\" data-gtm-custom-categorie=\"navigation\" data-gtm-custom-action=\"crossclick\" data-gtm-custom-label=\"Contextuel\" data-gtm-event=\"customEventSPE\" data-fig-domain=\"LEFIGARO\">Melvyn Jaminet<\/a>, David Ribbans , Gabin Villi\u00e8re, Patrick Tuifua, Jean-Baptiste Gros&#8230; Plus de 10 absents. Si\u00a0<a href=\"http:\/\/www.lefigaro.fr\/sports\/rugby\/xv-de-france\/top-14-gabin-villiere-forfait-pour-la-tournee-d-automne-avec-le-xv-de-france-20250922\" target=\"_blank\" data-fig-type=\"NewsFlash\" rel=\"sponsored noopener\" data-gtm-custom-categorie=\"navigation\" data-gtm-custom-action=\"crossclick\" data-gtm-custom-label=\"Contextuel\" data-gtm-event=\"customEventSPE\" data-fig-domain=\"LEFIGARO\">Gabin Villi\u00e8re<\/a>\u00a0est tout proche d\u2019un retour, le deuxi\u00e8me ligne varois\u00a0Swan\u00a0<a href=\"http:\/\/www.lefigaro.fr\/sports\/rugby\/top-14\/top-14-apres-rebbadj-et-smaili-toulon-enchaine-avec-la-prolongation-de-marius-domon-20250417\" target=\"_blank\" data-fig-type=\"NewsFlash\" rel=\"sponsored noopener\" data-gtm-custom-categorie=\"navigation\" data-gtm-custom-action=\"crossclick\" data-gtm-custom-label=\"Contextuel\" data-gtm-event=\"customEventSPE\" data-fig-domain=\"LEFIGARO\">Rebbadj\u00a0<\/a>est sorti sur blessure. L\u2019international fran\u00e7ais redoute de s\u2019\u00eatre fait les crois\u00e9s. Un nouveau coup dur pour Toulon.<\/p>\n","protected":false},"excerpt":{"rendered":"L\u2019UBB a r\u00e9alis\u00e9 un festival face au RCT (46-7) \u00e0 Chaban Delmas gr\u00e2ce \u00e0 un Matthieu Jalibert de&hellip;\n","protected":false},"author":2,"featured_media":624416,"comment_status":"","ping_status":"","sticky":false,"template":"","format":"standard","meta":{"footnotes":""},"categories":[9619],"tags":[1111,11,1777,674,1011,27,12099,24802,12,882,3461,25,2310,4364],"class_list":{"0":"post-624415","1":"post","2":"type-post","3":"status-publish","4":"format-standard","5":"has-post-thumbnail","7":"category-toulon","8":"tag-actu","9":"tag-actualites","10":"tag-eu","11":"tag-europe","12":"tag-fr","13":"tag-france","14":"tag-louis-bielle-biarrey","15":"tag-matthieu-jalibert","16":"tag-news","17":"tag-provence-alpes-cote-dazur","18":"tag-rct","19":"tag-republique-francaise","20":"tag-toulon","21":"tag-ubb"},"share_on_mastodon":{"url":"https:\/\/pubeurope.com\/@fr\/115789163588896523","error":""},"_links":{"self":[{"href":"https:\/\/www.europesays.com\/fr\/wp-json\/wp\/v2\/posts\/624415","targetHints":{"allow":["GET"]}}],"collection":[{"href":"https:\/\/www.europesays.com\/fr\/wp-json\/wp\/v2\/posts"}],"about":[{"href":"https:\/\/www.europesays.com\/fr\/wp-json\/wp\/v2\/types\/post"}],"author":[{"embeddable":true,"href":"https:\/\/www.europesays.com\/fr\/wp-json\/wp\/v2\/users\/2"}],"replies":[{"embeddable":true,"href":"https:\/\/www.europesays.com\/fr\/wp-json\/wp\/v2\/comments?post=624415"}],"version-history":[{"count":0,"href":"https:\/\/www.europesays.com\/fr\/wp-json\/wp\/v2\/posts\/624415\/revisions"}],"wp:featuredmedia":[{"embeddable":true,"href":"https:\/\/www.europesays.com\/fr\/wp-json\/wp\/v2\/media\/624416"}],"wp:attachment":[{"href":"https:\/\/www.europesays.com\/fr\/wp-json\/wp\/v2\/media?parent=624415"}],"wp:term":[{"taxonomy":"category","embeddable":true,"href":"https:\/\/www.europesays.com\/fr\/wp-json\/wp\/v2\/categories?post=624415"},{"taxonomy":"post_tag","embeddable":true,"href":"https:\/\/www.europesays.com\/fr\/wp-json\/wp\/v2\/tags?post=624415"}],"curies":[{"name":"wp","href":"https:\/\/api.w.org\/{rel}","templated":true}]}}