{"id":624417,"date":"2025-12-27T02:27:15","date_gmt":"2025-12-27T02:27:15","guid":{"rendered":"https:\/\/www.europesays.com\/fr\/624417\/"},"modified":"2025-12-27T02:27:15","modified_gmt":"2025-12-27T02:27:15","slug":"pau-mhr-le-drole-de-noel-des-joueurs-de-montpellier-avant-daller-defier-la-section-paloise-leader-du-top-14","status":"publish","type":"post","link":"https:\/\/www.europesays.com\/fr\/624417\/","title":{"rendered":"Pau-MHR\u00a0: le dr\u00f4le de No\u00ebl des joueurs de Montpellier avant d\u2019aller d\u00e9fier la Section paloise, leader du Top 14"},"content":{"rendered":"<p>\n                                                                Les Montpelli\u00e9rains ont b\u00e9n\u00e9fici\u00e9 de trois jours de repos pour passer les f\u00eates de No\u00ebl en famille, mais sous surveillance tout de m\u00eame avant d\u2019aller d\u00e9fier le leader Pau, dimanche 28\u00a0d\u00e9cembre (16\u00a0h) au stade du Hameau.\n                            <\/p>\n<p>Trois jours de repos entour\u00e9s de deux journ\u00e9es d\u2019entra\u00eenement, puis d\u2019un soup\u00e7on de bus. C\u2019\u00e9tait le menu de cette semaine de No\u00ebl pour les joueurs du MHR. \u00ab\u00a0Lundi, c\u2019\u00e9tait water-polo, vu le temps qu\u2019il faisait. Mais on a essay\u00e9 de mettre au m\u00eame niveau les joueurs qui ont eu moins de temps de jeu, explique Joan Caudullo le manager h\u00e9raultais. C\u2019\u00e9tait important et on a les moyens de pouvoir le faire \u00e0 l\u2019abri. On\u00a0a\u00a0travaill\u00e9\u00a0d\u00e8s lundi sur le plan de jeu, sur tout ce qu\u2019on va mettre en place contre Pau, pour qu\u2019ils aient, pendant ces trois jours off, la possibilit\u00e9 de savoir ce qu\u2019ils font.\u00a0\u00bb<\/p>\n<p>Une fois n\u2019est pas coutume, les joueurs ont appris d\u00e8s le d\u00e9but de semaine lesquels allaient \u00eatre concern\u00e9s par le d\u00e9placement dans les Pyr\u00e9n\u00e9es Atlantiques. \u00ab\u00a0On a tr\u00e8s rapidement annonc\u00e9 individuellement les joueurs qui pouvaient jouer et ceux qui ne jouaient pas, pour qu\u2019ils se sentent concern\u00e9s et qu\u2019ils fassent attention pendant les f\u00eates, poursuit Caudullo. Puis de reprendre ce vendredi, m\u00eame si on sait que c\u2019est toujours difficile. L\u2019ann\u00e9e derni\u00e8re on a eu le m\u00eame type de semaine et on est all\u00e9 gagner \u00e0 Clermont-Ferrand. Donc \u00e7a nous r\u00e9ussit pas mal, quand le staff on travaille moins.\u00a0\u00bb<\/p>\n<p>Pes\u00e9e et GPS<\/p>\n<p>Chez les joueurs, il a donc fallu faire attention au repas de No\u00ebl car la balance les attendait, vendredi \u00e0 la reprise. Mais pas de mauvaise surprise. \u00ab\u00a0On avait un programme physique \u00e0 faire, ils nous avaient donn\u00e9 les GPS pour\u00a0justement essayer de garder un petit peu la forme\u00a0\u00bb, assure le troisi\u00e8me ligne Lenni Nouchi.<\/p>\n<p>\u00ab\u00a0Moi, je ne suis pas leur p\u00e8re, ils ont le droit \u00e0 ce qu\u2019ils veulent, ajoute Joan Caudullo. Le tout, c\u2019est qu\u2019ils m\u2019arrivent en forme. Je pense qu\u2019\u00e0 petite dose, des choses comme \u00e7a, c\u2019est int\u00e9ressant de partager \u00e7a en famille, m\u00eame s\u2019il ne faut pas en profiter trop.\u00a0\u00bb<\/p>\n<p>Le capitaine montpelli\u00e9rain avoue ne pas avoir fait d\u2019exc\u00e8s. \u00ab\u00a0J\u2019ai mang\u00e9\u00a0r\u00e9gime, beaucoup de haricots verts, se marre-t-il\u2026 Non pas du tout, on s\u2019est\u00a0fait un petit peu plaisir, mais on essaie de ne pas trop abuser. Il y avait un peu de tout, foie gras, saumon, hu\u00eetres, un peu de tout, j\u2019ai un peu oubli\u00e9 le menu, j\u2019en ai mang\u00e9 beaucoup. Les haricots c\u2019\u00e9tait en d\u00e9coration sur le bord de l\u2019assiette.\u00a0\u00bb<\/p>\n<p>\u00ab\u00a0Pas besoin d\u2019\u00eatre des p\u00e8res fouettards\u00a0\u00bb<\/p>\n<p>Pas de crainte, donc au moment de la pes\u00e9e de rentr\u00e9e. \u00ab\u00a0Le staff\u00a0nous avait mis un programme en place pour justement pouvoir \u00e9liminer un petit peu ce qu\u2019on mangeait.\u00a0J\u2019esp\u00e8re que tout le monde l\u2019a respect\u00e9, mais du coup, \u00e7a nous a permis d\u2019\u00e9vacuer un peu le surplus\u00a0\u00bb, poursuit Nouchi.<\/p>\n<p>\u00ab\u00a0Ce sont des joueurs professionnels. On n\u2019a pas besoin d\u2019\u00eatre des p\u00e8res fouettards pour qu\u2019ils soient motiv\u00e9s \u00e0 vouloir rester dans les six premi\u00e8res places. C\u2019\u00e9tait assez positif. Je n\u2019ai pas senti des mecs en difficult\u00e9 physique, en tout cas de ce que j\u2019ai vu sur l\u2019entra\u00eenement tout \u00e0 l\u2019heure\u00a0\u00bb, se satisfait encore Caudullo. En esp\u00e9rant que les sacrifices fournis cette semaine seront payants dimanche soir.<\/p>\n","protected":false},"excerpt":{"rendered":"Les Montpelli\u00e9rains ont b\u00e9n\u00e9fici\u00e9 de trois jours de repos pour passer les f\u00eates de No\u00ebl en famille, mais&hellip;\n","protected":false},"author":2,"featured_media":624418,"comment_status":"","ping_status":"","sticky":false,"template":"","format":"standard","meta":{"footnotes":""},"categories":[9599],"tags":[1111,11,1777,674,1011,27,7089,2208,12,2680,25,65087,517],"class_list":{"0":"post-624417","1":"post","2":"type-post","3":"status-publish","4":"format-standard","5":"has-post-thumbnail","7":"category-montpellier","8":"tag-actu","9":"tag-actualites","10":"tag-eu","11":"tag-europe","12":"tag-fr","13":"tag-france","14":"tag-herault","15":"tag-montpellier","16":"tag-news","17":"tag-occitanie","18":"tag-republique-francaise","19":"tag-rugby-xv","20":"tag-sport"},"share_on_mastodon":{"url":"https:\/\/pubeurope.com\/@fr\/115789171504040249","error":""},"_links":{"self":[{"href":"https:\/\/www.europesays.com\/fr\/wp-json\/wp\/v2\/posts\/624417","targetHints":{"allow":["GET"]}}],"collection":[{"href":"https:\/\/www.europesays.com\/fr\/wp-json\/wp\/v2\/posts"}],"about":[{"href":"https:\/\/www.europesays.com\/fr\/wp-json\/wp\/v2\/types\/post"}],"author":[{"embeddable":true,"href":"https:\/\/www.europesays.com\/fr\/wp-json\/wp\/v2\/users\/2"}],"replies":[{"embeddable":true,"href":"https:\/\/www.europesays.com\/fr\/wp-json\/wp\/v2\/comments?post=624417"}],"version-history":[{"count":0,"href":"https:\/\/www.europesays.com\/fr\/wp-json\/wp\/v2\/posts\/624417\/revisions"}],"wp:featuredmedia":[{"embeddable":true,"href":"https:\/\/www.europesays.com\/fr\/wp-json\/wp\/v2\/media\/624418"}],"wp:attachment":[{"href":"https:\/\/www.europesays.com\/fr\/wp-json\/wp\/v2\/media?parent=624417"}],"wp:term":[{"taxonomy":"category","embeddable":true,"href":"https:\/\/www.europesays.com\/fr\/wp-json\/wp\/v2\/categories?post=624417"},{"taxonomy":"post_tag","embeddable":true,"href":"https:\/\/www.europesays.com\/fr\/wp-json\/wp\/v2\/tags?post=624417"}],"curies":[{"name":"wp","href":"https:\/\/api.w.org\/{rel}","templated":true}]}}