{"id":624420,"date":"2025-12-27T02:34:21","date_gmt":"2025-12-27T02:34:21","guid":{"rendered":"https:\/\/www.europesays.com\/fr\/624420\/"},"modified":"2025-12-27T02:34:21","modified_gmt":"2025-12-27T02:34:21","slug":"le-real-liverpool-et-arsenal-sabonnent-au-roazhon-park","status":"publish","type":"post","link":"https:\/\/www.europesays.com\/fr\/624420\/","title":{"rendered":"Le Real, Liverpool et Arsenal s\u2019abonnent au Roazhon Park"},"content":{"rendered":"<p><b>Install\u00e9 dans le onze d\u2019Habib Beye \u00e0 Rennes, le jeune J\u00e9r\u00e9my Jacquet attise les convoitises des plus grands clubs europ\u00e9ens. Le Real Madrid, Liverpool ou encore Arsenal viennent r\u00e9guli\u00e8rement observer les performances du d\u00e9fenseur central en vue d\u2019un gros transfert l\u2019\u00e9t\u00e9 prochain.<\/b><\/p>\n<p>Une grosse vente se pr\u00e9pare \u00e0 <a href=\"https:\/\/www.foot01.com\/equipe\/rennes\/\" target=\"_blank\" rel=\"noopener\">Rennes<\/a>. Consid\u00e9r\u00e9 comme l\u2019un des meilleurs joueurs de sa g\u00e9n\u00e9ration, J\u00e9r\u00e9my Jacquet va sans doute rapporter gros. Son transfert ne devrait pas aboutir cet hiver dans la mesure o\u00f9 le Stade Rennais tient \u00e0 le conserver jusqu\u2019\u00e0 la fin de la saison. Mais il sera tr\u00e8s difficile de le retenir au terme de l\u2019exercice. Le d\u00e9fenseur central de 20 ans poss\u00e8de une sacr\u00e9e cote chez les cadors europ\u00e9ens.Son d\u00e9part d\u00e9j\u00e0 programm\u00e9<\/p>\n<p>Ces derniers mois, de nombreuses rumeurs l\u2019ont associ\u00e9 \u00e0 des \u00e9curies telles que le Bayern Munich, Arsenal ou encore Liverpool qui anticipe le d\u00e9part libre d\u2019Ibrahima Konat\u00e9. On parle aussi du Real Madrid qui, selon les informations de Marca et d\u2019ESPN, suit attentivement les performances de J\u00e9r\u00e9my Jacquet. Tous ces courtisans envoient r\u00e9guli\u00e8rement des interm\u00e9diaires afin de l\u2019observer au Roazhon Park. Manifestement, les rapports transmis aux clubs int\u00e9ress\u00e9s sont positifs. Reste \u00e0 savoir jusqu\u2019o\u00f9 seront-ils pr\u00eats \u00e0 faire monter les ench\u00e8res.<\/p>\n<\/p>\n<p>Si le site Transfermarkt \u00e9value l\u2019international Espoirs fran\u00e7ais \u00e0 20 millions d\u2019euros, il est clair que le Stade Rennais pourra n\u00e9gocier un montant beaucoup plus \u00e9lev\u00e9. Les d\u00e9fenseurs centraux dot\u00e9s d\u2019un tel potentiel \u00e0 un si jeune \u00e2ge sont rares sur le march\u00e9 des transferts. Il faut aussi rappeler que J\u00e9r\u00e9my Jacquet avait prolong\u00e9 son contrat l\u2019\u00e9t\u00e9 dernier jusqu\u2019en juin 2029. Autant dire que le club breton peut s\u2019attendre \u00e0 toucher le jackpot gr\u00e2ce \u00e0 son jeune talent. De quoi justifier l\u2019investissement r\u00e9alis\u00e9 l\u2019hiver dernier lorsque Rennes avait pay\u00e9 1 million d\u2019euros pour interrompre son pr\u00eat \u00e0 Clermont (Ligue 2).<\/p>\n","protected":false},"excerpt":{"rendered":"Install\u00e9 dans le onze d\u2019Habib Beye \u00e0 Rennes, le jeune J\u00e9r\u00e9my Jacquet attise les convoitises des plus grands&hellip;\n","protected":false},"author":2,"featured_media":624421,"comment_status":"","ping_status":"","sticky":false,"template":"","format":"standard","meta":{"footnotes":""},"categories":[2821],"tags":[1111,11,829,1777,674,1011,27,1434,12,584,25],"class_list":{"0":"post-624420","1":"post","2":"type-post","3":"status-publish","4":"format-standard","5":"has-post-thumbnail","7":"category-rennes","8":"tag-actu","9":"tag-actualites","10":"tag-bretagne","11":"tag-eu","12":"tag-europe","13":"tag-fr","14":"tag-france","15":"tag-mercato","16":"tag-news","17":"tag-rennes","18":"tag-republique-francaise"},"share_on_mastodon":{"url":"https:\/\/pubeurope.com\/@fr\/115789199227313892","error":""},"_links":{"self":[{"href":"https:\/\/www.europesays.com\/fr\/wp-json\/wp\/v2\/posts\/624420","targetHints":{"allow":["GET"]}}],"collection":[{"href":"https:\/\/www.europesays.com\/fr\/wp-json\/wp\/v2\/posts"}],"about":[{"href":"https:\/\/www.europesays.com\/fr\/wp-json\/wp\/v2\/types\/post"}],"author":[{"embeddable":true,"href":"https:\/\/www.europesays.com\/fr\/wp-json\/wp\/v2\/users\/2"}],"replies":[{"embeddable":true,"href":"https:\/\/www.europesays.com\/fr\/wp-json\/wp\/v2\/comments?post=624420"}],"version-history":[{"count":0,"href":"https:\/\/www.europesays.com\/fr\/wp-json\/wp\/v2\/posts\/624420\/revisions"}],"wp:featuredmedia":[{"embeddable":true,"href":"https:\/\/www.europesays.com\/fr\/wp-json\/wp\/v2\/media\/624421"}],"wp:attachment":[{"href":"https:\/\/www.europesays.com\/fr\/wp-json\/wp\/v2\/media?parent=624420"}],"wp:term":[{"taxonomy":"category","embeddable":true,"href":"https:\/\/www.europesays.com\/fr\/wp-json\/wp\/v2\/categories?post=624420"},{"taxonomy":"post_tag","embeddable":true,"href":"https:\/\/www.europesays.com\/fr\/wp-json\/wp\/v2\/tags?post=624420"}],"curies":[{"name":"wp","href":"https:\/\/api.w.org\/{rel}","templated":true}]}}