{"id":624426,"date":"2025-12-27T02:37:22","date_gmt":"2025-12-27T02:37:22","guid":{"rendered":"https:\/\/www.europesays.com\/fr\/624426\/"},"modified":"2025-12-27T02:37:22","modified_gmt":"2025-12-27T02:37:22","slug":"louverture-du-nouvel-espace-leo-ferre-repoussee-de-plusieurs-mois-a-monaco","status":"publish","type":"post","link":"https:\/\/www.europesays.com\/fr\/624426\/","title":{"rendered":"L\u2019ouverture du nouvel Espace L\u00e9o-Ferr\u00e9 repouss\u00e9e de plusieurs mois \u00e0 Monaco"},"content":{"rendered":"<p class=\"fs-5 \">L\u2019espace L\u00e9o-Ferr\u00e9,<strong> autrefois salle du Canton<\/strong>, a accueilli sa derni\u00e8re grande soir\u00e9e le 11\u00a0d\u00e9cembre avec le spectacle \u00ab\u00a0G\u00e9n\u00e9ration 90-2000\u00a0\u00bb.<\/p>\n<p class=\"fs-5 \">Sur sc\u00e8ne, \u00e0 l\u2019animation, on retrouvera<a href=\"https:\/\/www.nicematin.com\/culture\/charly-et-lulu-la-grande-roue-de-la-nostagie-arrive-10660259\" target=\"_blank\" rel=\"noopener\"> Charly et Lulu, le duo mythique du Hit Machine<\/a>.<\/p>\n<p class=\"fs-5 \">Durant plus de trois d\u00e9cennies, le chant, la danse et le divertissement auront rythm\u00e9 cette structure bas\u00e9e \u00e0 Fontvieille.<\/p>\n<p>                                                                                Rendez-vous \u00e0 la rentr\u00e9e 2026\u00a0au mieux<\/p>\n<p class=\"fs-5 \">\u00ab\u00a0Live by L\u00e9o-Ferr\u00e9\u00a0\u00bb, comme l\u2019espace d\u00e9sormais intitul\u00e9, ouvrira ses portes le 11 septembre 2026\u00a0au mieux.<\/p>\n<p class=\"fs-5 \">Situ\u00e9e au c\u0153ur de l\u2019\u00celot Pasteur, la future salle de spectacle pourra accueillir environ 1\u2005200 personnes.<\/p>\n<p>        <img src=\"https:\/\/www.europesays.com\/fr\/wp-content\/uploads\/2025\/12\/e16b196_upload-1-55sahk06c7mh-archive-photo-1-3668-36683593.jpg\"   loading=\"lazy\" decoding=\"async\" alt=\"La nouvelle salle de spectacles de Monaco b\u00e9n\u00e9ficiera d\u2019une capacit\u00e9 d\u2019au moins 1200\u00a0places.\" class=\"img-fluid position-absolute w-100 object-fit-cover rounded-2\" width=\"600\" height=\"400\"\/><\/p>\n","protected":false},"excerpt":{"rendered":"L\u2019espace L\u00e9o-Ferr\u00e9, autrefois salle du Canton, a accueilli sa derni\u00e8re grande soir\u00e9e le 11\u00a0d\u00e9cembre avec le spectacle \u00ab\u00a0G\u00e9n\u00e9ration&hellip;\n","protected":false},"author":2,"featured_media":624427,"comment_status":"","ping_status":"","sticky":false,"template":"","format":"standard","meta":{"footnotes":""},"categories":[2819],"tags":[1111,11,1777,674,1011,27,12,2401,882,25],"class_list":{"0":"post-624426","1":"post","2":"type-post","3":"status-publish","4":"format-standard","5":"has-post-thumbnail","7":"category-nice","8":"tag-actu","9":"tag-actualites","10":"tag-eu","11":"tag-europe","12":"tag-fr","13":"tag-france","14":"tag-news","15":"tag-nice","16":"tag-provence-alpes-cote-dazur","17":"tag-republique-francaise"},"share_on_mastodon":{"url":"https:\/\/pubeurope.com\/@fr\/115789211614532240","error":""},"_links":{"self":[{"href":"https:\/\/www.europesays.com\/fr\/wp-json\/wp\/v2\/posts\/624426","targetHints":{"allow":["GET"]}}],"collection":[{"href":"https:\/\/www.europesays.com\/fr\/wp-json\/wp\/v2\/posts"}],"about":[{"href":"https:\/\/www.europesays.com\/fr\/wp-json\/wp\/v2\/types\/post"}],"author":[{"embeddable":true,"href":"https:\/\/www.europesays.com\/fr\/wp-json\/wp\/v2\/users\/2"}],"replies":[{"embeddable":true,"href":"https:\/\/www.europesays.com\/fr\/wp-json\/wp\/v2\/comments?post=624426"}],"version-history":[{"count":0,"href":"https:\/\/www.europesays.com\/fr\/wp-json\/wp\/v2\/posts\/624426\/revisions"}],"wp:featuredmedia":[{"embeddable":true,"href":"https:\/\/www.europesays.com\/fr\/wp-json\/wp\/v2\/media\/624427"}],"wp:attachment":[{"href":"https:\/\/www.europesays.com\/fr\/wp-json\/wp\/v2\/media?parent=624426"}],"wp:term":[{"taxonomy":"category","embeddable":true,"href":"https:\/\/www.europesays.com\/fr\/wp-json\/wp\/v2\/categories?post=624426"},{"taxonomy":"post_tag","embeddable":true,"href":"https:\/\/www.europesays.com\/fr\/wp-json\/wp\/v2\/tags?post=624426"}],"curies":[{"name":"wp","href":"https:\/\/api.w.org\/{rel}","templated":true}]}}