{"id":624428,"date":"2025-12-27T02:38:18","date_gmt":"2025-12-27T02:38:18","guid":{"rendered":"https:\/\/www.europesays.com\/fr\/624428\/"},"modified":"2025-12-27T02:38:18","modified_gmt":"2025-12-27T02:38:18","slug":"ancien-joueur-de-logc-nice-et-las-monaco-serge-roy-nest-plus","status":"publish","type":"post","link":"https:\/\/www.europesays.com\/fr\/624428\/","title":{"rendered":"Ancien joueur de l\u2019OGC Nice et l\u2019AS Monaco, Serge Roy n\u2019est plus"},"content":{"rendered":"<p class=\"fs-5 \">Il y a un peu plus de deux ans, le Cavigal, o\u00f9 il a fini sa carri\u00e8re, lui avait rendu un juste et bel hommage.<\/p>\n<p class=\"fs-5 \">L\u2019homme, malgr\u00e9 ses 91 ans, avait alors pris le temps de convoquer ses souvenirs. D\u2019\u00e9voquer avec nous ses 288 matches chez les pros, sous les couleurs de l\u2019AS Monaco, de l\u2019Olympique de Marseille, de Valenciennes ou encore de l\u2019OGC Nice. Mais aussi de parler de son unique s\u00e9lection chez les Bleus (c\u2019\u00e9tait le 2 avril 1961, \u00e0 Madrid, face \u00e0 l\u2019Espagne), Georges Verriest l\u2019ayant alors align\u00e9 en attaque aux c\u00f4t\u00e9s de l\u2019immense Raymond Kopa.<\/p>\n<p>                                                                                Di St\u00e9fano, Puskas et Cruyff \u00e0 son jubil\u00e9<\/p>\n<p class=\"fs-5 \">Un essai non transform\u00e9 en \u00e9quipe de France, certes, mais qui apr\u00e8s la disparition de Dominique Colonna, avait fait de lui le \u00ab\u00a0doyen des internationaux\u00a0\u00bb. Serial buteur sur les pr\u00e8s, Serge Roy compte indiscutablement parmi les joueurs ayant marqu\u00e9 leur \u00e9poque.<\/p>\n<p class=\"fs-5 \">En t\u00e9moigne son jubil\u00e9, \u00e0 l\u2019\u00e9t\u00e9 1973, auquel ont particip\u00e9 les Di St\u00e9fano, Puskas, et autres Johann Cruyff. Que des l\u00e9gendes et un match qui avait d\u2019ailleurs mis le Ray en fusion. \u00c0 sa famille et ses proches, la r\u00e9daction pr\u00e9sente ses plus sinc\u00e8res condol\u00e9ances\u2026<\/p>\n","protected":false},"excerpt":{"rendered":"Il y a un peu plus de deux ans, le Cavigal, o\u00f9 il a fini sa carri\u00e8re, lui&hellip;\n","protected":false},"author":2,"featured_media":624429,"comment_status":"","ping_status":"","sticky":false,"template":"","format":"standard","meta":{"footnotes":""},"categories":[2819],"tags":[1111,11,2266,1777,674,1011,27,12,2401,54521,882,25],"class_list":{"0":"post-624428","1":"post","2":"type-post","3":"status-publish","4":"format-standard","5":"has-post-thumbnail","7":"category-nice","8":"tag-actu","9":"tag-actualites","10":"tag-as-monaco","11":"tag-eu","12":"tag-europe","13":"tag-fr","14":"tag-france","15":"tag-news","16":"tag-nice","17":"tag-ogcnice","18":"tag-provence-alpes-cote-dazur","19":"tag-republique-francaise"},"share_on_mastodon":{"url":"https:\/\/pubeurope.com\/@fr\/115789214681549889","error":""},"_links":{"self":[{"href":"https:\/\/www.europesays.com\/fr\/wp-json\/wp\/v2\/posts\/624428","targetHints":{"allow":["GET"]}}],"collection":[{"href":"https:\/\/www.europesays.com\/fr\/wp-json\/wp\/v2\/posts"}],"about":[{"href":"https:\/\/www.europesays.com\/fr\/wp-json\/wp\/v2\/types\/post"}],"author":[{"embeddable":true,"href":"https:\/\/www.europesays.com\/fr\/wp-json\/wp\/v2\/users\/2"}],"replies":[{"embeddable":true,"href":"https:\/\/www.europesays.com\/fr\/wp-json\/wp\/v2\/comments?post=624428"}],"version-history":[{"count":0,"href":"https:\/\/www.europesays.com\/fr\/wp-json\/wp\/v2\/posts\/624428\/revisions"}],"wp:featuredmedia":[{"embeddable":true,"href":"https:\/\/www.europesays.com\/fr\/wp-json\/wp\/v2\/media\/624429"}],"wp:attachment":[{"href":"https:\/\/www.europesays.com\/fr\/wp-json\/wp\/v2\/media?parent=624428"}],"wp:term":[{"taxonomy":"category","embeddable":true,"href":"https:\/\/www.europesays.com\/fr\/wp-json\/wp\/v2\/categories?post=624428"},{"taxonomy":"post_tag","embeddable":true,"href":"https:\/\/www.europesays.com\/fr\/wp-json\/wp\/v2\/tags?post=624428"}],"curies":[{"name":"wp","href":"https:\/\/api.w.org\/{rel}","templated":true}]}}