{"id":624430,"date":"2025-12-27T02:40:16","date_gmt":"2025-12-27T02:40:16","guid":{"rendered":"https:\/\/www.europesays.com\/fr\/624430\/"},"modified":"2025-12-27T02:40:16","modified_gmt":"2025-12-27T02:40:16","slug":"mercato-ralenti-nantes-sest-trop-emballe","status":"publish","type":"post","link":"https:\/\/www.europesays.com\/fr\/624430\/","title":{"rendered":"Mercato ralenti, Nantes s&rsquo;est trop emball\u00e9"},"content":{"rendered":"<p><b>Mal embarqu\u00e9 dans la course au maintien en Ligue 1, le FC Nantes se donne les moyens d\u2019atteindre son objectif. Le club de Waldemar Kita tente de recruter des joueurs confirm\u00e9s, quitte \u00e0 se lancer sur des pistes trop ambitieuses.<\/b><\/p>\n<p>R\u00e9my Cabella ne sera pas la derni\u00e8re recrue du <a href=\"https:\/\/www.foot01.com\/equipe\/nantes\/\" target=\"_blank\" rel=\"noopener\">FC Nantes<\/a>. L\u2019actuel 17e de Ligue 1, qui annoncera bient\u00f4t la venue en pr\u00eat du milieu offensif de l\u2019Olympiakos, a encore besoin de renforts pour se maintenir en Ligue 1. Selon les informations d\u2019Ouest-France, les Canaris attendent aussi les signatures d\u2019un ailier, d\u2019un milieu relayeur et d\u2019un voire deux d\u00e9fenseurs centraux.<\/p>\n<p>La charni\u00e8re semble repr\u00e9senter une priorit\u00e9 pour la direction pr\u00eate \u00e0 se lancer sur des pistes audacieuses. Apr\u00e8s la venue du lat\u00e9ral gauche Deiver Machado en tant que joker, les dirigeants nantais ont ouvert les dossiers Abakar Sylla et Issa Diop. Mais le quotidien r\u00e9gional affirme que ces pistes ont finalement \u00e9t\u00e9 abandonn\u00e9es. La source ne donne pas les raisons de ces \u00e9checs. M\u00eame si le pr\u00e9sident et actionnaire Waldemar Kita accepte de verser des salaires importants, ce param\u00e8tre a pu poser probl\u00e8me. On peut aussi imaginer que leur manque de temps de jeu a frein\u00e9 les ardeurs du FC Nantes.<\/p>\n<p>Cette saison, Abakar Sylla n\u2019a pas jou\u00e9 un seul match avec l\u2019\u00e9quipe premi\u00e8re de Strasbourg. L\u2019Ivoirien de 23 ans \u00e9tait certes bless\u00e9 en d\u00e9but d\u2019exercice. Mais son absence sur le terrain est surtout li\u00e9e aux choix de l\u2019entra\u00eeneur Liam Rosenior. De son c\u00f4t\u00e9, Issa Diop a davantage jou\u00e9 \u00e0 Fulham (7 matchs toutes comp\u00e9titions confondues). Et ce malgr\u00e9 ses blessures \u00e0 r\u00e9p\u00e9tition. Mais le Fran\u00e7ais form\u00e9 \u00e0 Toulouse est loin d\u2019\u00eatre un titulaire chez les Cottagers. Leurs situations respectives ont peut-\u00eatre fait r\u00e9fl\u00e9chir le FC Nantes qui a besoin de recrues rapidement op\u00e9rationnelles, si possible d\u00e8s le 4 janvier pour le d\u00e9placement \u00e0 Marseille.<\/p>\n","protected":false},"excerpt":{"rendered":"Mal embarqu\u00e9 dans la course au maintien en Ligue 1, le FC Nantes se donne les moyens d\u2019atteindre&hellip;\n","protected":false},"author":2,"featured_media":624431,"comment_status":"","ping_status":"","sticky":false,"template":"","format":"standard","meta":{"footnotes":""},"categories":[2818],"tags":[1111,11,1777,674,462,1011,27,1434,766,12,2636,25],"class_list":{"0":"post-624430","1":"post","2":"type-post","3":"status-publish","4":"format-standard","5":"has-post-thumbnail","7":"category-nantes","8":"tag-actu","9":"tag-actualites","10":"tag-eu","11":"tag-europe","12":"tag-fc-nantes","13":"tag-fr","14":"tag-france","15":"tag-mercato","16":"tag-nantes","17":"tag-news","18":"tag-pays-de-la-loire","19":"tag-republique-francaise"},"share_on_mastodon":{"url":"https:\/\/pubeurope.com\/@fr\/115789222664908340","error":""},"_links":{"self":[{"href":"https:\/\/www.europesays.com\/fr\/wp-json\/wp\/v2\/posts\/624430","targetHints":{"allow":["GET"]}}],"collection":[{"href":"https:\/\/www.europesays.com\/fr\/wp-json\/wp\/v2\/posts"}],"about":[{"href":"https:\/\/www.europesays.com\/fr\/wp-json\/wp\/v2\/types\/post"}],"author":[{"embeddable":true,"href":"https:\/\/www.europesays.com\/fr\/wp-json\/wp\/v2\/users\/2"}],"replies":[{"embeddable":true,"href":"https:\/\/www.europesays.com\/fr\/wp-json\/wp\/v2\/comments?post=624430"}],"version-history":[{"count":0,"href":"https:\/\/www.europesays.com\/fr\/wp-json\/wp\/v2\/posts\/624430\/revisions"}],"wp:featuredmedia":[{"embeddable":true,"href":"https:\/\/www.europesays.com\/fr\/wp-json\/wp\/v2\/media\/624431"}],"wp:attachment":[{"href":"https:\/\/www.europesays.com\/fr\/wp-json\/wp\/v2\/media?parent=624430"}],"wp:term":[{"taxonomy":"category","embeddable":true,"href":"https:\/\/www.europesays.com\/fr\/wp-json\/wp\/v2\/categories?post=624430"},{"taxonomy":"post_tag","embeddable":true,"href":"https:\/\/www.europesays.com\/fr\/wp-json\/wp\/v2\/tags?post=624430"}],"curies":[{"name":"wp","href":"https:\/\/api.w.org\/{rel}","templated":true}]}}