{"id":624438,"date":"2025-12-27T02:44:15","date_gmt":"2025-12-27T02:44:15","guid":{"rendered":"https:\/\/www.europesays.com\/fr\/624438\/"},"modified":"2025-12-27T02:44:15","modified_gmt":"2025-12-27T02:44:15","slug":"que-fait-ce-microtunnelier-sous-le-canal-et-les-voies-ferrees-au-nord-de-toulouse","status":"publish","type":"post","link":"https:\/\/www.europesays.com\/fr\/624438\/","title":{"rendered":"Que fait ce microtunnelier, sous le canal et les voies ferr\u00e9es au nord de Toulouse\u00a0?"},"content":{"rendered":"<p>\n                                                                    l&rsquo;essentiel<br \/>\n                                                                Les am\u00e9nagements ferroviaires au nord de Toulouse prennent forme avec un microtunnelier \u00e0 Saint-Jory. Ce projet ambitieux, men\u00e9 par Bessac, n\u00e9cessite deux puits de 11 m\u00e8tres pour relier 135 m\u00e8tres de r\u00e9seaux. L\u2019excellence industrielle locale est mise en lumi\u00e8re.\n                            <\/p>\n<p>Dans le cadre du chantier des Am\u00e9nagements ferroviaires au nord de Toulouse (AFNT), la commune de Saint-Jory accueille actuellement une op\u00e9ration technique remarquable\u00a0: la r\u00e9alisation d\u2019une d\u00e9viation des r\u00e9seaux (sous le canal lat\u00e9ral de la Garonne et les voies ferr\u00e9es) \u00e0 l\u2019aide d\u2019un microtunnelier, confi\u00e9e \u00e0 l\u2019entreprise Bessac par Eau de Toulouse M\u00e9tropole. Cette intervention s\u2019inscrit dans les travaux pr\u00e9paratoires indispensables \u00e0 la modernisation des infrastructures ferroviaires et \u00e0 l\u2019am\u00e9lioration des mobilit\u00e9s du quotidien.<\/p>\n<p>R\u00e9aliser cet ouvrage impressionnant a n\u00e9cessit\u00e9 la cr\u00e9ation de deux puits de onze m\u00e8tres de profondeur, de part et d\u2019autre des voies ferr\u00e9es et du canal lat\u00e9ral de la Garonne, que le microtunnelier doit relier sur une longueur de 135 m\u00e8tres.<\/p>\n<p>V\u00e9ritable r\u00e9f\u00e9rence mondiale du tunnelage, Bessac est aujourd\u2019hui la derni\u00e8re entreprise de tunneliers en France. Implant\u00e9e \u00e0 Saint-Jory, elle intervient cette fois sur son propre territoire, mobilisant un savoir-faire industriel de tr\u00e8s haut niveau au service d\u2019un projet structurant pour l\u2019aire m\u00e9tropolitaine toulousaine. Ce chantier illustre concr\u00e8tement l\u2019excellence industrielle locale et la capacit\u00e9 du territoire \u00e0 accueillir des op\u00e9rations techniques complexes, souvent invisibles en surface mais essentielles au bon fonctionnement des r\u00e9seaux.<\/p>\n<p class=\"std-elt__inline\">\n        <strong>\u00c0 lire aussi :<\/strong><br \/>\n        <a href=\"https:\/\/www.ladepeche.fr\/2025\/03\/10\/les-grands-chantiers-sncf-reseau-2-afnt-le-chantier-strategique-du-nord-toulousain-12828140.php\" target=\"_blank\" rel=\"noopener\">Les Grands Chantiers SNCF R\u00e9seau #2 \u2013 AFNT : le chantier strat\u00e9gique du Nord toulousain<\/a>\n    <\/p>\n<p>Le maire de Saint-Jory, Victor Denouvion, s\u2019est rendu sur site aux c\u00f4t\u00e9s de Robert Medina, vice-pr\u00e9sident de Toulouse M\u00e9tropole, ainsi que des repr\u00e9sentants d\u2019Eau de Toulouse M\u00e9tropole et de l\u2019entreprise Bessac. Cette visite a permis d\u2019\u00e9changer avec les \u00e9quipes techniques et de mesurer l\u2019ampleur d\u2019un chantier \u00e0 la fois exigeant sur le plan technologique et strat\u00e9gique pour le territoire. \u00ab\u00a0Ce microtunnel est un symbole fort\u00a0: celui d\u2019un savoir-faire industriel d\u2019excellence, implant\u00e9 \u00e0 Saint-Jory, mobilis\u00e9 au service des mobilit\u00e9s de demain. Il d\u00e9montre que notre commune prend toute sa part dans les grands projets m\u00e9tropolitains, tout en restant attentive au cadre de vie des habitants\u00a0\u00bb, a soulign\u00e9 l\u2019\u00e9lu.<\/p>\n<p class=\"std-elt__inline\">\n        <strong>\u00c0 lire aussi :<\/strong><br \/>\n        <a href=\"https:\/\/www.ladepeche.fr\/2025\/11\/22\/travaux-du-microtunnelier-la-circulation-devra-etre-deviee-13067190.php\" target=\"_blank\" rel=\"noopener\">Travaux du microtunnelier  :  la circulation devra \u00eatre d\u00e9vi\u00e9e<\/a>\n    <\/p>\n<p>\u00c0 l\u2019issue des travaux, le parking sera int\u00e9gralement r\u00e9tabli. Par ailleurs, une passerelle pi\u00e9tonne sera r\u00e9alis\u00e9e, afin de permettre la travers\u00e9e du pont dans des conditions de s\u00e9curit\u00e9 renforc\u00e9es et d\u2019am\u00e9liorer durablement les cheminements doux.<\/p>\n<p>Autres travaux en cours \u00e0 Saint-Jory<\/p>\n<p>D\u00e9but 2026, plusieurs travaux se poursuivront \u00e0 Saint-Jory. Un parking d\u2019une dizaine de places sera cr\u00e9\u00e9 le long de la M820, face au bureau de tabac. L\u2019am\u00e9nagement paysager du giratoire d\u2019entr\u00e9e nord de la m\u00e9tropole se poursuit. Du mobilier urbain sera install\u00e9 le long des nouvelles liaisons douces, notamment \u00e0 la Maison de la culture et au lac de Labou, tandis que la continuit\u00e9 du trottoir va \u00eatre r\u00e9alis\u00e9e en bas du pont de la route de Saint-Caprais.<\/p>\n","protected":false},"excerpt":{"rendered":"l&rsquo;essentiel Les am\u00e9nagements ferroviaires au nord de Toulouse prennent forme avec un microtunnelier \u00e0 Saint-Jory. Ce projet ambitieux,&hellip;\n","protected":false},"author":2,"featured_media":624439,"comment_status":"","ping_status":"","sticky":false,"template":"","format":"standard","meta":{"footnotes":""},"categories":[2816],"tags":[1111,11,1777,674,1011,27,329,73390,2722,12,2680,25,68800,1857,2312,69111],"class_list":{"0":"post-624438","1":"post","2":"type-post","3":"status-publish","4":"format-standard","5":"has-post-thumbnail","7":"category-toulouse","8":"tag-actu","9":"tag-actualites","10":"tag-eu","11":"tag-europe","12":"tag-fr","13":"tag-france","14":"tag-france-monde","15":"tag-grands-chantiers","16":"tag-haute-garonne","17":"tag-news","18":"tag-occitanie","19":"tag-republique-francaise","20":"tag-saintjory","21":"tag-sociu00e9tu00e9","22":"tag-toulouse","23":"tag-urbanisme-amu00e9nagement"},"share_on_mastodon":{"url":"https:\/\/pubeurope.com\/@fr\/115789238269503752","error":""},"_links":{"self":[{"href":"https:\/\/www.europesays.com\/fr\/wp-json\/wp\/v2\/posts\/624438","targetHints":{"allow":["GET"]}}],"collection":[{"href":"https:\/\/www.europesays.com\/fr\/wp-json\/wp\/v2\/posts"}],"about":[{"href":"https:\/\/www.europesays.com\/fr\/wp-json\/wp\/v2\/types\/post"}],"author":[{"embeddable":true,"href":"https:\/\/www.europesays.com\/fr\/wp-json\/wp\/v2\/users\/2"}],"replies":[{"embeddable":true,"href":"https:\/\/www.europesays.com\/fr\/wp-json\/wp\/v2\/comments?post=624438"}],"version-history":[{"count":0,"href":"https:\/\/www.europesays.com\/fr\/wp-json\/wp\/v2\/posts\/624438\/revisions"}],"wp:featuredmedia":[{"embeddable":true,"href":"https:\/\/www.europesays.com\/fr\/wp-json\/wp\/v2\/media\/624439"}],"wp:attachment":[{"href":"https:\/\/www.europesays.com\/fr\/wp-json\/wp\/v2\/media?parent=624438"}],"wp:term":[{"taxonomy":"category","embeddable":true,"href":"https:\/\/www.europesays.com\/fr\/wp-json\/wp\/v2\/categories?post=624438"},{"taxonomy":"post_tag","embeddable":true,"href":"https:\/\/www.europesays.com\/fr\/wp-json\/wp\/v2\/tags?post=624438"}],"curies":[{"name":"wp","href":"https:\/\/api.w.org\/{rel}","templated":true}]}}