{"id":624440,"date":"2025-12-27T02:46:29","date_gmt":"2025-12-27T02:46:29","guid":{"rendered":"https:\/\/www.europesays.com\/fr\/624440\/"},"modified":"2025-12-27T02:46:29","modified_gmt":"2025-12-27T02:46:29","slug":"soupconne-de-feminicide-un-homme-place-en-garde-a-vue-apres-la-mort-de-sa-compagne-a-lille","status":"publish","type":"post","link":"https:\/\/www.europesays.com\/fr\/624440\/","title":{"rendered":"Soup\u00e7onn\u00e9 de f\u00e9minicide, un homme plac\u00e9 en garde \u00e0 vue apr\u00e8s la mort de sa compagne \u00e0 Lille"},"content":{"rendered":"<p>Un homme de 36 ans a \u00e9t\u00e9 plac\u00e9 en garde \u00e0 vue jeudi 25 d\u00e9cembre apr\u00e8s que sa compagne de 34 ans a \u00e9t\u00e9 retrouv\u00e9e morte \u00e0 son domicile \u00e0 Lille. Pendant sa garde \u00e0 vue, le suspect a reconnu que la situation avait d\u00e9g\u00e9n\u00e9r\u00e9 apr\u00e8s une soir\u00e9e alcoolis\u00e9e.<\/p>\n<p>Un homme de 36 ans a \u00e9t\u00e9 plac\u00e9 en garde \u00e0 vue jeudi 25 d\u00e9cembre \u00e0 Lille. <strong>Il est accus\u00e9 d&rsquo;avoir tu\u00e9 sa compagne<\/strong>, une ressortissante belge de 34 ans. Selon une source polici\u00e8re,\u00a0le suspect,\u00a0un Alg\u00e9rien \u00e2g\u00e9 de 36 ans, a appel\u00e9 de lui m\u00eame la police vers 13h30 jeudi\u00a0en d\u00e9clarant que la victime \u00e9tait en arr\u00eat cardiaque. \u00c0 leur arriv\u00e9e au domicile situ\u00e9 dans le quartier de Fives, les forces de l&rsquo;ordre ont constat\u00e9 des h\u00e9matomes sur son corps et l&rsquo;appartement \u00e9tait sans dessus dessous, signes de sc\u00e8nes de violences pass\u00e9es et r\u00e9currentes.<\/p>\n<p>En garde \u00e0 vue,\u00a0le suspect a reconnu que <strong>la situation avait d\u00e9g\u00e9n\u00e9r\u00e9 apr\u00e8s une soir\u00e9e alcoolis\u00e9e<\/strong>.\u00a0Il est connu de la justice pour des faits de d\u00e9lit routier.\u00a0Contact\u00e9, le parquet de Lille n\u2019a pour l&rsquo;instant pas donn\u00e9 suite aux sollicitations d&rsquo;ICI Nord.<\/p>\n<p>  <img decoding=\"async\" src=\"https:\/\/www.europesays.com\/fr\/wp-content\/uploads\/2025\/12\/1766803589_183_1280\" alt=\"illustration agrandir l'image\" style=\"--_image-preview:url('data:image\/jpeg;base64,\/9j\/2wBDACgcHiMeGSgjISMtKygwPGRBPDc3PHtYXUlkkYCZlo+AjIqgtObDoKrarYqMyP\/L2u71\/\/\/\/m8H\/\/\/\/6\/+b9\/\/j\/2wBDASstLTw1PHZBQXb4pYyl+Pj4+Pj4+Pj4+Pj4+Pj4+Pj4+Pj4+Pj4+Pj4+Pj4+Pj4+Pj4+Pj4+Pj4+Pj4+Pj4+Pj\/wAARCAANACoDASIAAhEBAxEB\/8QAFwABAQEBAAAAAAAAAAAAAAAAAgABA\/\/EABcQAQEBAQAAAAAAAAAAAAAAAAABEQL\/xAAWAQEBAQAAAAAAAAAAAAAAAAAAAQL\/xAAUEQEAAAAAAAAAAAAAAAAAAAAA\/9oADAMBAAIRAxEAPwAYsOxYjQ4yw8ZQcqJdAo\/\/2Q==');\" loading=\"lazy\" fetchpriority=\"low\" class=\"svelte-1cksh76 rounded\" onload=\"this.__e=event\" onerror=\"this.__e=event\"\/> Le 3919, Violences Femmes Info, est le num\u00e9ro national de r\u00e9f\u00e9rence pour l&rsquo;\u00e9coute et l&rsquo;orientation des femmes victimes de violences. \u00a9 Radio France  <\/p>\n","protected":false},"excerpt":{"rendered":"Un homme de 36 ans a \u00e9t\u00e9 plac\u00e9 en garde \u00e0 vue jeudi 25 d\u00e9cembre apr\u00e8s que sa&hellip;\n","protected":false},"author":2,"featured_media":624441,"comment_status":"","ping_status":"","sticky":false,"template":"","format":"standard","meta":{"footnotes":""},"categories":[2815],"tags":[1111,11,1777,674,1011,27,811,1307,12,25],"class_list":{"0":"post-624440","1":"post","2":"type-post","3":"status-publish","4":"format-standard","5":"has-post-thumbnail","7":"category-lille","8":"tag-actu","9":"tag-actualites","10":"tag-eu","11":"tag-europe","12":"tag-fr","13":"tag-france","14":"tag-hauts-de-france","15":"tag-lille","16":"tag-news","17":"tag-republique-francaise"},"share_on_mastodon":{"url":"https:\/\/pubeurope.com\/@fr\/115789246937566149","error":""},"_links":{"self":[{"href":"https:\/\/www.europesays.com\/fr\/wp-json\/wp\/v2\/posts\/624440","targetHints":{"allow":["GET"]}}],"collection":[{"href":"https:\/\/www.europesays.com\/fr\/wp-json\/wp\/v2\/posts"}],"about":[{"href":"https:\/\/www.europesays.com\/fr\/wp-json\/wp\/v2\/types\/post"}],"author":[{"embeddable":true,"href":"https:\/\/www.europesays.com\/fr\/wp-json\/wp\/v2\/users\/2"}],"replies":[{"embeddable":true,"href":"https:\/\/www.europesays.com\/fr\/wp-json\/wp\/v2\/comments?post=624440"}],"version-history":[{"count":0,"href":"https:\/\/www.europesays.com\/fr\/wp-json\/wp\/v2\/posts\/624440\/revisions"}],"wp:featuredmedia":[{"embeddable":true,"href":"https:\/\/www.europesays.com\/fr\/wp-json\/wp\/v2\/media\/624441"}],"wp:attachment":[{"href":"https:\/\/www.europesays.com\/fr\/wp-json\/wp\/v2\/media?parent=624440"}],"wp:term":[{"taxonomy":"category","embeddable":true,"href":"https:\/\/www.europesays.com\/fr\/wp-json\/wp\/v2\/categories?post=624440"},{"taxonomy":"post_tag","embeddable":true,"href":"https:\/\/www.europesays.com\/fr\/wp-json\/wp\/v2\/tags?post=624440"}],"curies":[{"name":"wp","href":"https:\/\/api.w.org\/{rel}","templated":true}]}}