{"id":624445,"date":"2025-12-27T02:50:20","date_gmt":"2025-12-27T02:50:20","guid":{"rendered":"https:\/\/www.europesays.com\/fr\/624445\/"},"modified":"2025-12-27T02:50:20","modified_gmt":"2025-12-27T02:50:20","slug":"ligue-1-endrick-fait-deja-sensation-a-lyon","status":"publish","type":"post","link":"https:\/\/www.europesays.com\/fr\/624445\/","title":{"rendered":"Ligue 1, Endrick fait d\u00e9j\u00e0 sensation \u00e0 Lyon"},"content":{"rendered":"<p data-testid=\"article-teaser\">Pr\u00eat\u00e9 par le Real Madrid \u00e0 l\u2019OL cet hiver, Endrick impose d\u00e9j\u00e0 sa patte dans le Rh\u00f4ne avant m\u00eame de fouler la pelouse. <\/p>\n<p>L\u2019Olympique Lyonnais a frapp\u00e9 fort cet hiver en accueillant Endrick en provenance du Real Madrid. Malgr\u00e9 un temps de jeu limit\u00e9 chez les Merengues, le jeune international br\u00e9silien a rapidement capt\u00e9 l\u2019attention des supporters lyonnais et des observateurs de Ligue 1. Avec un environnement comp\u00e9titif et une \u00e9quipe ambitieuse, Endrick aura l\u2019opportunit\u00e9 de se relancer et de montrer l\u2019\u00e9tendue de son talent. Les premi\u00e8res r\u00e9actions du public et l\u2019engouement m\u00e9diatique autour de son arriv\u00e9e laissent d\u00e9j\u00e0 pr\u00e9sager un impact significatif.<\/p>\n<p>Endrick s\u2019offre d\u00e9j\u00e0 un record avec l\u2019OL \u00a0\u00a0\u00a0\u00a0\u00a0\u00a0\u00a0\u00a0\u00a0\u00a0\u00a0\u00a0\u00a0\u00a0\u00a0\u00a0\u00a0\u00a0<\/p>\n<p><a href=\"https:\/\/www.goal.com\/fr\/news\/officiel-endrick-rejoint-l-ol\/blt0961d8ec38b9291f\" target=\"_self\" rel=\"noopener\">Endrick rejoint l\u2019OL dans le cadre d\u2019un pr\u00eat payant jusqu\u2019\u00e0 la fin de la saison 2025-2026, estim\u00e9 \u00e0 environ un million d\u2019euros pour les six premiers mois, sans option d\u2019achat.\u00a0<\/a>\u00c2g\u00e9 de 19 ans, Endrick dispose d\u00e9j\u00e0 d\u2019une exp\u00e9rience internationale avec le Br\u00e9sil, totalisant 14 s\u00e9lections et 3 buts, malgr\u00e9 son manque de temps de jeu au Real Madrid. Cinqui\u00e8me de Ligue 1 apr\u00e8s 16 journ\u00e9es et engag\u00e9 en Ligue Europa ainsi qu\u2019en Coupe de France, Lyon offre \u00e0 Endrick un cadre id\u00e9al pour se montrer et retrouver du rythme. L\u2019attaquant portera le num\u00e9ro 9, signe des ambitions plac\u00e9es sur lui pour cette deuxi\u00e8me partie de saison.<\/p>\n<p>La communication autour d\u2019Endrick a \u00e9t\u00e9 un succ\u00e8s imm\u00e9diat. La vid\u00e9o annon\u00e7ant son arriv\u00e9e, publi\u00e9e le 23 d\u00e9cembre, a d\u00e9j\u00e0 \u00e9t\u00e9 visionn\u00e9e 16,6 millions de fois, \u00e9tablissant un record pour l\u2019OL sur Instagram, selon <a href=\"https:\/\/www.footmercato.net\/a2601617194930026978-endrick-bat-deja-un-record-a-lol\" target=\"_self\" rel=\"noopener\">Foot Mercato<\/a>. L\u2019enthousiasme ne se limite pas aux r\u00e9seaux sociaux\u202f: les ventes de maillots floqu\u00e9s \u00e0 son nom devraient \u00e9galement battre des records. Endrick est ainsi attendu pour devenir un acteur majeur sur le terrain, mais aussi un symbole fort du renouveau et de l\u2019attractivit\u00e9 de l\u2019Olympique Lyonnais cette saison.<\/p>\n","protected":false},"excerpt":{"rendered":"Pr\u00eat\u00e9 par le Real Madrid \u00e0 l\u2019OL cet hiver, Endrick impose d\u00e9j\u00e0 sa patte dans le Rh\u00f4ne avant&hellip;\n","protected":false},"author":2,"featured_media":624446,"comment_status":"","ping_status":"","sticky":false,"template":"","format":"standard","meta":{"footnotes":""},"categories":[1889],"tags":[1111,11,2430,64783,1777,674,1011,27,66,2428,3127,73391,12,25],"class_list":{"0":"post-624445","1":"post","2":"type-post","3":"status-publish","4":"format-standard","5":"has-post-thumbnail","7":"category-lyon","8":"tag-actu","9":"tag-actualites","10":"tag-auvergne-rhone-alpes","11":"tag-endrick","12":"tag-eu","13":"tag-europe","14":"tag-fr","15":"tag-france","16":"tag-ligue-1","17":"tag-lyon","18":"tag-monaco","19":"tag-monaco-vs-lyon","20":"tag-news","21":"tag-republique-francaise"},"share_on_mastodon":{"url":"https:\/\/pubeurope.com\/@fr\/115789261870592045","error":""},"_links":{"self":[{"href":"https:\/\/www.europesays.com\/fr\/wp-json\/wp\/v2\/posts\/624445","targetHints":{"allow":["GET"]}}],"collection":[{"href":"https:\/\/www.europesays.com\/fr\/wp-json\/wp\/v2\/posts"}],"about":[{"href":"https:\/\/www.europesays.com\/fr\/wp-json\/wp\/v2\/types\/post"}],"author":[{"embeddable":true,"href":"https:\/\/www.europesays.com\/fr\/wp-json\/wp\/v2\/users\/2"}],"replies":[{"embeddable":true,"href":"https:\/\/www.europesays.com\/fr\/wp-json\/wp\/v2\/comments?post=624445"}],"version-history":[{"count":0,"href":"https:\/\/www.europesays.com\/fr\/wp-json\/wp\/v2\/posts\/624445\/revisions"}],"wp:featuredmedia":[{"embeddable":true,"href":"https:\/\/www.europesays.com\/fr\/wp-json\/wp\/v2\/media\/624446"}],"wp:attachment":[{"href":"https:\/\/www.europesays.com\/fr\/wp-json\/wp\/v2\/media?parent=624445"}],"wp:term":[{"taxonomy":"category","embeddable":true,"href":"https:\/\/www.europesays.com\/fr\/wp-json\/wp\/v2\/categories?post=624445"},{"taxonomy":"post_tag","embeddable":true,"href":"https:\/\/www.europesays.com\/fr\/wp-json\/wp\/v2\/tags?post=624445"}],"curies":[{"name":"wp","href":"https:\/\/api.w.org\/{rel}","templated":true}]}}