{"id":624449,"date":"2025-12-27T02:54:16","date_gmt":"2025-12-27T02:54:16","guid":{"rendered":"https:\/\/www.europesays.com\/fr\/624449\/"},"modified":"2025-12-27T02:54:16","modified_gmt":"2025-12-27T02:54:16","slug":"trois-femmes-blessees-a-larme-blanche-dans-le-metro-a-paris-a-differentes-stations-ce-que-lon-sait-2","status":"publish","type":"post","link":"https:\/\/www.europesays.com\/fr\/624449\/","title":{"rendered":"Trois femmes bless\u00e9es \u00e0 l&rsquo;arme blanche dans le m\u00e9tro \u00e0 Paris \u00e0 diff\u00e9rentes stations : ce que l&rsquo;on sait"},"content":{"rendered":"<p>                    Par<br \/>\n        <strong><br \/>\n            <a href=\"https:\/\/actu.fr\/auteur\/julie-bossart-actu-fr\" title=\"Consulter tous les articles de Julie Bossart\" target=\"_blank\" rel=\"noopener\">Julie Bossart<\/a><br \/>\n                    <\/strong><\/p>\n<p>        Publi\u00e9 le<\/p>\n<p>            26 d\u00e9c. 2025 \u00e0 19h22        <\/p>\n<p>Trois femmes ont \u00e9t\u00e9 bless\u00e9es \u00e0 l\u2019arme blanche dans le<a href=\"https:\/\/actu.fr\/tag\/metro\" target=\"_blank\" rel=\"noopener\"> m\u00e9tro <\/a>\u00e0 <a href=\"https:\/\/actu.fr\/ile-de-france\/paris_75056\" target=\"_blank\" rel=\"noopener\">Paris<\/a>, ce vendredi 26\u00a0d\u00e9cembre 2025, a appris actu aupr\u00e8s du parquet, confirmant une information du <a href=\"https:\/\/www.leparisien.fr\/faits-divers\/paris-trois-femmes-poignardees-dans-le-metro-par-un-homme-26-12-2025-6SINKZU5ZNDAJNV5OBXLQJIMWE.php\" target=\"_blank\" rel=\"noopener\">Parisien<\/a>.<\/p>\n<p>Vid\u00e9osurveillance et g\u00e9olocalisation\u00a0<\/p>\n<p class=\" wall-content\">Les faits se sont d\u00e9roul\u00e9s entre 16\u2009h\u200915 et 16\u2009h\u200945, situe la <a href=\"https:\/\/actu.fr\/tag\/ratp\" target=\"_blank\" rel=\"noopener\">RATP<\/a>, sur la ligne 3, en plein c\u0153ur de la capitale. Vers 17\u00a0heures, le compte X de la ligne indiquait que l\u2019arr\u00eat n\u2019\u00e9tait \u00ab\u2009pas desservi \u00e0 R\u00e9publique vers Gallieni, en raison de l\u2019intervention des forces de l\u2019ordre\u2009\u00bb. Les victimes ont \u00e9t\u00e9 poignard\u00e9es \u00e0 trois stations diff\u00e9rentes, successivement, pr\u00e9cise le parquet\u2009: \u00e0 R\u00e9publique, Arts-et-M\u00e9tiers et Op\u00e9ra.<\/p>\n<p class=\" wall-content\">Selon une source police, les trois victimes souffriraient de blessures superficielles. Elles ont \u00e9t\u00e9 transport\u00e9es en milieu hospitalier sans pronostic vital engag\u00e9.<\/p>\n<p class=\" wall-content\">Le suspect de ces agressions a pris la fuite. Une enqu\u00eate a \u00e9t\u00e9 ouverte des chefs de tentative d\u2019homicide volontaire et violences volontaires avec arme, confi\u00e9e aux services de la <a href=\"https:\/\/actu.fr\/ile-de-france\/paris_75056\/paris-a-la-decouverte-de-la-base-secrete-ou-s-entrainent-les-agents-de-securite-de-la-ratp_61074750.html\" target=\"_blank\" rel=\"noopener\">s\u00fbret\u00e9 r\u00e9gionale des transports<\/a> (SRT), ajoute le minist\u00e8re public. Gr\u00e2ce aux images de vid\u00e9osurveillance, un homme n\u00e9 en 2000 a \u00e9t\u00e9 identifi\u00e9. Il est connu des services de police pour divers faits, dont des faits d\u2019atteinte aux biens. De source police, l\u2019individu pr\u00e9senterait des ant\u00e9c\u00e9dents psychiatriques.<\/p>\n<p class=\" wall-content\">La mise en \u0153uvre de la g\u00e9olocalisation de son t\u00e9l\u00e9phone portable a permis son interpellation peu avant 19 heures dans le Val-d\u2019Oise, ajoute le parquet, plus pr\u00e9cis\u00e9ment \u00e0 Sarcelles.<\/p>\n<p class=\" wall-content\">\u00c0\u00a0la suite de cette interpellation, la pr\u00e9sidente de la r\u00e9gion et d\u2019<a href=\"https:\/\/actu.fr\/tag\/ile-de-france-mobilites\" target=\"_blank\" rel=\"noopener\">IDFM<\/a>, <a href=\"https:\/\/actu.fr\/tag\/valerie-pecresse\" target=\"_blank\" rel=\"noopener\">Val\u00e9rie P\u00e9cresse<\/a>, a adress\u00e9 leur prompt r\u00e9tablissement aux victimes et remerci\u00e9 les forces de police pour leur r\u00e9activit\u00e9. Dans son message sur X, l\u2019\u00e9lue a soulign\u00e9 que l\u2019arrestation du suspect avait \u00e9t\u00e9 permise notamment gr\u00e2ce aux images de vid\u00e9osurveillance.\u00a0<\/p>\n<p class=\" wall-content\">\n<p class=\" wall-content\">Le 9 d\u00e9cembre, lors de la Journ\u00e9e de mobilisation contre les violences faites aux femmes dans les transports en commun, l\u2019\u00e9lue avait pr\u00f4n\u00e9 que\u00a0 la \u00ab\u2009<a href=\"https:\/\/actu.fr\/ile-de-france\/saint-ouen-sur-seine_93070\/intelligence-artificielle-dans-les-transports-en-commun-d-ile-de-france-les-contours-d-une-revolution-a-venir_63552649.html\" target=\"_blank\" rel=\"noopener\">vid\u00e9o algorithmique devrait \u00eatre l\u2019un des deux piliers\u2009<\/a>\u00bb pour renforcer la s\u00e9curit\u00e9 au sein du r\u00e9seau. Un projet soutenu par <a href=\"https:\/\/actu.fr\/tag\/laurent-nunez\" target=\"_blank\" rel=\"noopener\">Laurent Nu\u00f1ez<\/a>, ce que l\u2019ancien patron de la pr\u00e9fecture de Police de Paris et aujourd\u2019hui ministre de l\u2019Int\u00e9rieur a eu l\u2019occasion de rappeler dans son <a href=\"https:\/\/x.com\/NunezLaurent\/status\/2004629774967218586\">propre message sur X ce soir<\/a>.\u00a0<\/p>\n<p class=\" wall-content\">Personnalisez votre actualit\u00e9 en ajoutant vos villes et m\u00e9dias en favori avec <a href=\"https:\/\/moncompte.actu.fr\" title=\"D\u00e9couvez Mon Actu\" rel=\"nofollow noopener\" data-trk=\"{&quot;cta&quot;:{&quot;action&quot;:&quot;https:\\\/\\\/moncompte.actu.fr&quot;,&quot;category&quot;:&quot;mon compte&quot;,&quot;from&quot;:&quot;article footer&quot;,&quot;name&quot;:&quot;Mon actu&quot;,&quot;type&quot;:&quot;cta&quot;}}\" target=\"_blank\">Mon Actu<\/a>.<\/p>\n","protected":false},"excerpt":{"rendered":"Par Julie Bossart Publi\u00e9 le 26 d\u00e9c. 2025 \u00e0 19h22 Trois femmes ont \u00e9t\u00e9 bless\u00e9es \u00e0 l\u2019arme blanche&hellip;\n","protected":false},"author":2,"featured_media":624349,"comment_status":"","ping_status":"","sticky":false,"template":"","format":"standard","meta":{"footnotes":""},"categories":[1888],"tags":[1111,1928,11,1927,1777,674,118,1011,27,12,1926,626,1925,1072,625,25,2949],"class_list":{"0":"post-624449","1":"post","2":"type-post","3":"status-publish","4":"format-standard","5":"has-post-thumbnail","7":"category-paris","8":"tag-actu","9":"tag-actu-paris","10":"tag-actualites","11":"tag-actualites-paris","12":"tag-eu","13":"tag-europe","14":"tag-faits-divers","15":"tag-fr","16":"tag-france","17":"tag-news","18":"tag-news-paris","19":"tag-paris","20":"tag-paris-news","21":"tag-police","22":"tag-ratp","23":"tag-republique-francaise","24":"tag-violences"},"share_on_mastodon":{"url":"https:\/\/pubeurope.com\/@fr\/115789277696075219","error":""},"_links":{"self":[{"href":"https:\/\/www.europesays.com\/fr\/wp-json\/wp\/v2\/posts\/624449","targetHints":{"allow":["GET"]}}],"collection":[{"href":"https:\/\/www.europesays.com\/fr\/wp-json\/wp\/v2\/posts"}],"about":[{"href":"https:\/\/www.europesays.com\/fr\/wp-json\/wp\/v2\/types\/post"}],"author":[{"embeddable":true,"href":"https:\/\/www.europesays.com\/fr\/wp-json\/wp\/v2\/users\/2"}],"replies":[{"embeddable":true,"href":"https:\/\/www.europesays.com\/fr\/wp-json\/wp\/v2\/comments?post=624449"}],"version-history":[{"count":0,"href":"https:\/\/www.europesays.com\/fr\/wp-json\/wp\/v2\/posts\/624449\/revisions"}],"wp:featuredmedia":[{"embeddable":true,"href":"https:\/\/www.europesays.com\/fr\/wp-json\/wp\/v2\/media\/624349"}],"wp:attachment":[{"href":"https:\/\/www.europesays.com\/fr\/wp-json\/wp\/v2\/media?parent=624449"}],"wp:term":[{"taxonomy":"category","embeddable":true,"href":"https:\/\/www.europesays.com\/fr\/wp-json\/wp\/v2\/categories?post=624449"},{"taxonomy":"post_tag","embeddable":true,"href":"https:\/\/www.europesays.com\/fr\/wp-json\/wp\/v2\/tags?post=624449"}],"curies":[{"name":"wp","href":"https:\/\/api.w.org\/{rel}","templated":true}]}}