{"id":624452,"date":"2025-12-27T02:56:12","date_gmt":"2025-12-27T02:56:12","guid":{"rendered":"https:\/\/www.europesays.com\/fr\/624452\/"},"modified":"2025-12-27T02:56:12","modified_gmt":"2025-12-27T02:56:12","slug":"saint-ouen-deux-ans-apres-lengouement-de-sa-premiere-ouverture-en-ville-picard-mise-sur-les-docks","status":"publish","type":"post","link":"https:\/\/www.europesays.com\/fr\/624452\/","title":{"rendered":"Saint-Ouen\u00a0: deux ans apr\u00e8s \u00ab\u00a0l\u2019engouement\u00a0\u00bb de sa premi\u00e8re ouverture en ville, Picard mise sur les Docks"},"content":{"rendered":"<p class=\"\">Cette fois encore, \u00ab le succ\u00e8s a \u00e9t\u00e9 imm\u00e9diat \u00bb, assure Mehdi Grongueche. \u00ab C\u2019est la preuve que nous \u00e9tions attendus, estime le responsable r\u00e9gional de Picard pour la Seine-Saint-Denis. M\u00eame le temps du remplissage, quelques jours avant l\u2019ouverture, des habitants et des commer\u00e7ants nous posaient des questions. Apr\u00e8s l\u2019engouement qu\u2019a suscit\u00e9 l\u2019ouverture du premier Picard, nous \u00e9tions persuad\u00e9s de l\u2019opportunit\u00e9 d\u2019en ouvrir un second. \u00bb<\/p>\n","protected":false},"excerpt":{"rendered":"Cette fois encore, \u00ab le succ\u00e8s a \u00e9t\u00e9 imm\u00e9diat \u00bb, assure Mehdi Grongueche. \u00ab C\u2019est la preuve que&hellip;\n","protected":false},"author":2,"featured_media":624453,"comment_status":"","ping_status":"","sticky":false,"template":"","format":"standard","meta":{"footnotes":""},"categories":[1888],"tags":[11,1777,674,1011,27,1944,12,626,25,1945],"class_list":{"0":"post-624452","1":"post","2":"type-post","3":"status-publish","4":"format-standard","5":"has-post-thumbnail","7":"category-paris","8":"tag-actualites","9":"tag-eu","10":"tag-europe","11":"tag-fr","12":"tag-france","13":"tag-ma-ville","14":"tag-news","15":"tag-paris","16":"tag-republique-francaise","17":"tag-seine-saint-denis"},"share_on_mastodon":{"url":"https:\/\/pubeurope.com\/@fr\/115789285517044597","error":""},"_links":{"self":[{"href":"https:\/\/www.europesays.com\/fr\/wp-json\/wp\/v2\/posts\/624452","targetHints":{"allow":["GET"]}}],"collection":[{"href":"https:\/\/www.europesays.com\/fr\/wp-json\/wp\/v2\/posts"}],"about":[{"href":"https:\/\/www.europesays.com\/fr\/wp-json\/wp\/v2\/types\/post"}],"author":[{"embeddable":true,"href":"https:\/\/www.europesays.com\/fr\/wp-json\/wp\/v2\/users\/2"}],"replies":[{"embeddable":true,"href":"https:\/\/www.europesays.com\/fr\/wp-json\/wp\/v2\/comments?post=624452"}],"version-history":[{"count":0,"href":"https:\/\/www.europesays.com\/fr\/wp-json\/wp\/v2\/posts\/624452\/revisions"}],"wp:featuredmedia":[{"embeddable":true,"href":"https:\/\/www.europesays.com\/fr\/wp-json\/wp\/v2\/media\/624453"}],"wp:attachment":[{"href":"https:\/\/www.europesays.com\/fr\/wp-json\/wp\/v2\/media?parent=624452"}],"wp:term":[{"taxonomy":"category","embeddable":true,"href":"https:\/\/www.europesays.com\/fr\/wp-json\/wp\/v2\/categories?post=624452"},{"taxonomy":"post_tag","embeddable":true,"href":"https:\/\/www.europesays.com\/fr\/wp-json\/wp\/v2\/tags?post=624452"}],"curies":[{"name":"wp","href":"https:\/\/api.w.org\/{rel}","templated":true}]}}