{"id":624456,"date":"2025-12-27T02:58:24","date_gmt":"2025-12-27T02:58:24","guid":{"rendered":"https:\/\/www.europesays.com\/fr\/624456\/"},"modified":"2025-12-27T02:58:24","modified_gmt":"2025-12-27T02:58:24","slug":"rencontre-trump-zelensky-dimanche-alors-que-la-russie-accuse-kiev-de-torpiller-les-negociations","status":"publish","type":"post","link":"https:\/\/www.europesays.com\/fr\/624456\/","title":{"rendered":"Rencontre Trump-Zelensky dimanche alors que la Russie accuse Kiev de \u00ab\u00a0torpiller\u00a0\u00bb les n\u00e9gociations"},"content":{"rendered":"<p>Vous avez rat\u00e9 les derniers \u00e9v\u00e9nements sur la <a href=\"https:\/\/www.20minutes.fr\/monde\/ukraine\/\" class=\"c-link c-link--is-underlined\" target=\"_blank\" rel=\"noopener\">guerre en Ukraine<\/a>\u00a0? 20 Minutes fait le point pour vous tous les soirs. Voici l\u2019essentiel de ce vendredi 26\u00a0d\u00e9cembre, au 1.402e jour du conflit.<\/p>\n<p>Le fait du jour<\/p>\n<p>Le pr\u00e9sident ukrainien <a href=\"https:\/\/www.20minutes.fr\/monde\/volodymyr-zelensky\/\" class=\"c-link c-link--is-underlined\" target=\"_blank\" rel=\"noopener\">Volodymyr Zelensky<\/a> doit rencontrer dimanche en Floride son homologue am\u00e9ricain <a href=\"https:\/\/www.20minutes.fr\/dossier\/donald_trump\" class=\"c-link c-link--is-underlined\" target=\"_blank\" rel=\"noopener\">Donald Trump<\/a> pour \u00e9voquer la question sensible des territoires, dans le cadre des n\u00e9gociations pour mettre fin \u00e0 la guerre avec la <a href=\"https:\/\/www.20minutes.fr\/monde\/russie\/\" class=\"c-link c-link--is-underlined\" target=\"_blank\" rel=\"noopener\">Russie<\/a>. Mercredi, Volodymyr Zelensky avait d\u00e9voil\u00e9 les d\u00e9tails de la nouvelle mouture du plan am\u00e9ricain en vingt points, visant \u00e0 mettre fin au conflit.<\/p>\n<p>Retravaill\u00e9 apr\u00e8s des pourparlers avec l\u2019Ukraine, ce document pr\u00e9voit un gel de l\u2019actuelle ligne de front sans offrir de solution imm\u00e9diate concernant les revendications territoriales de la Russie, qui occupe plus de 19\u00a0% de l\u2019Ukraine. Le pr\u00e9sident ukrainien avait dit vouloir discuter de ce sujet en face-\u00e0-face avec le pr\u00e9sident Trump.<\/p>\n<\/p>\n<p>Selon lui, cette r\u00e9union portera sur les \u00ab\u00a0questions sensibles\u00a0\u00bb que sont le sort du <a href=\"https:\/\/www.20minutes.fr\/monde\/donbass\/\" class=\"c-link c-link--is-underlined\" target=\"_blank\" rel=\"noopener\">Donbass<\/a>, une r\u00e9gion industrielle et mini\u00e8re de l\u2019est l\u2019Ukraine que Moscou revendique, et celui de la centrale nucl\u00e9aire de Zaporijjia occup\u00e9e par les soldats russes, dans le Sud. Les deux hommes \u00e9voqueront aussi les garanties de s\u00e9curit\u00e9 que les Occidentaux pourraient fournir \u00e0 l\u2019Ukraine dans le cadre d\u2019un \u00e9ventuel accord de paix avec la Russie, a-t-il poursuivi.<\/p>\n<p>La d\u00e9claration du jour<\/p>\n<blockquote class=\"mx-m@xs mx-xxl@md color-ultramarine c-citation\">\n<p class=\"font-weight-regular@xs text-italic font-source-serif-pro text-l@xs c-citation__content\">\u00ab\u00a0Il n\u2019y a pas eu d\u2019\u00e9change entre Emmanuel Macron et Vladimir Poutine, il n\u2019y a pas pour l\u2019instant de projet d\u2019appel et il n\u2019y a pas de projet de voyage d\u2019Emmanuel Macron \u00e0 Moscou.\u00a0\u00bb<\/p>\n<\/blockquote>\n<p>L\u2019Elys\u00e9e a tenu \u00e0 clarifier la situation entre le chef de l\u2019Etat fran\u00e7ais et son homologue russe. La semaine derni\u00e8re, le Kremlin avait fait savoir que Vladimir Poutine \u00e9tait pr\u00eat \u00e0 parler \u00e0 Emmanuel Macron, r\u00e9pondant \u00e0 des d\u00e9clarations en ce sens du pr\u00e9sident fran\u00e7ais. L\u2019Elys\u00e9e avait jug\u00e9 cela \u00ab\u00a0bienvenu\u00a0\u00bb et dit que ses \u00e9quipes aviseraient \u00ab\u00a0dans les prochains jours sur la meilleure mani\u00e8re de proc\u00e9der\u00a0\u00bb. Mais cela devait se faire \u00ab\u00a0en toute transparence\u00a0\u00bb avec Kiev et les partenaires europ\u00e9ens.<\/p>\n<p>La tendance<\/p>\n<p>La Russie constate que le nouveau texte pr\u00e9sent\u00e9 cette semaine par Kiev est \u00ab\u00a0radicalement diff\u00e9rent\u00a0\u00bb de ce que Moscou avait n\u00e9goci\u00e9 avec les Am\u00e9ricains. \u00ab\u00a0C\u2019est de notre travail et de la volont\u00e9 politique de l\u2019autre partie que d\u00e9pendra notre capacit\u00e9 \u00e0 faire le dernier effort et \u00e0 parvenir \u00e0 un accord. Surtout dans un contexte o\u00f9 Kiev et ses sponsors, notamment au sein de l\u2019Union europ\u00e9enne, qui ne sont pas favorables \u00e0 un accord, ont redoubl\u00e9 d\u2019efforts pour le torpiller\u00a0\u00bb, d\u00e9clare le vice-ministre russe des Affaires \u00e9trang\u00e8res, Sergue\u00ef Riabkov.<\/p>\n<p><a href=\"https:\/\/www.20minutes.fr\/monde\/ukraine\/\" class=\"c-link c-btn c-btn--primary\" target=\"_blank\" rel=\"noopener\">Notre dossier sur la guerre en Ukraine<\/a><\/p>\n<p>\u00ab\u00a0Sans une r\u00e9solution ad\u00e9quate des probl\u00e8mes qui sont \u00e0 l\u2019origine de cette crise, il sera tout simplement impossible de parvenir \u00e0 un accord d\u00e9finitif\u00a0\u00bb, estime-t-il. Il appelle \u00e0 \u00ab\u00a0rester dans les limites fix\u00e9es\u00a0\u00bb par le sommet entre les pr\u00e9sidents Vladimir Poutine et Donald Trump en Alaska en ao\u00fbt\u00a02025, faut de quoi \u00ab\u00a0aucun accord ne pourra \u00eatre conclu\u00a0\u00bb.<\/p>\n","protected":false},"excerpt":{"rendered":"Vous avez rat\u00e9 les derniers \u00e9v\u00e9nements sur la guerre en Ukraine\u00a0? 20 Minutes fait le point pour vous&hellip;\n","protected":false},"author":2,"featured_media":624457,"comment_status":"","ping_status":"","sticky":false,"template":"","format":"standard","meta":{"footnotes":""},"categories":[1591],"tags":[47,11,75,1073,73,1887,131,74,12,1885,1886,132,135,134],"class_list":{"0":"post-624456","1":"post","2":"type-post","3":"status-publish","4":"format-standard","5":"has-post-thumbnail","7":"category-russie","8":"tag-actualite","9":"tag-actualites","10":"tag-donald-trump","11":"tag-emmanuel-macron","12":"tag-etats-unis","13":"tag-federation-de-russie","14":"tag-guerre-en-ukraine","15":"tag-monde","16":"tag-news","17":"tag-russia","18":"tag-russian-federation","19":"tag-russie","20":"tag-vladimir-poutine","21":"tag-volodymyr-zelensky"},"share_on_mastodon":{"url":"https:\/\/pubeurope.com\/@fr\/115789293422492506","error":""},"_links":{"self":[{"href":"https:\/\/www.europesays.com\/fr\/wp-json\/wp\/v2\/posts\/624456","targetHints":{"allow":["GET"]}}],"collection":[{"href":"https:\/\/www.europesays.com\/fr\/wp-json\/wp\/v2\/posts"}],"about":[{"href":"https:\/\/www.europesays.com\/fr\/wp-json\/wp\/v2\/types\/post"}],"author":[{"embeddable":true,"href":"https:\/\/www.europesays.com\/fr\/wp-json\/wp\/v2\/users\/2"}],"replies":[{"embeddable":true,"href":"https:\/\/www.europesays.com\/fr\/wp-json\/wp\/v2\/comments?post=624456"}],"version-history":[{"count":0,"href":"https:\/\/www.europesays.com\/fr\/wp-json\/wp\/v2\/posts\/624456\/revisions"}],"wp:featuredmedia":[{"embeddable":true,"href":"https:\/\/www.europesays.com\/fr\/wp-json\/wp\/v2\/media\/624457"}],"wp:attachment":[{"href":"https:\/\/www.europesays.com\/fr\/wp-json\/wp\/v2\/media?parent=624456"}],"wp:term":[{"taxonomy":"category","embeddable":true,"href":"https:\/\/www.europesays.com\/fr\/wp-json\/wp\/v2\/categories?post=624456"},{"taxonomy":"post_tag","embeddable":true,"href":"https:\/\/www.europesays.com\/fr\/wp-json\/wp\/v2\/tags?post=624456"}],"curies":[{"name":"wp","href":"https:\/\/api.w.org\/{rel}","templated":true}]}}