{"id":624458,"date":"2025-12-27T02:59:21","date_gmt":"2025-12-27T02:59:21","guid":{"rendered":"https:\/\/www.europesays.com\/fr\/624458\/"},"modified":"2025-12-27T02:59:21","modified_gmt":"2025-12-27T02:59:21","slug":"volodymyr-zelensky-na-rien-tant-que-je-ne-donne-pas-mon-accord-previent-donald-trump","status":"publish","type":"post","link":"https:\/\/www.europesays.com\/fr\/624458\/","title":{"rendered":"Volodymyr Zelensky \u00abn&rsquo;a rien tant que je ne donne pas mon accord\u00bb, pr\u00e9vient Donald Trump"},"content":{"rendered":"<p>\n    Au cours d\u2019un entretien avec le site internet Politico, et avant de recevoir le pr\u00e9sident ukrainien dimanche, Donald Trump a rappel\u00e9 son r\u00f4le dans les n\u00e9gociations de paix pour mettre fin \u00e0 la guerre entre l\u2019Ukraine et la Russie.<\/p>\n<p class=\"fig-paragraph\">Avant\u00a0<a href=\"http:\/\/www.lefigaro.fr\/international\/avant-la-prochaine-rencontre-donald-trump-volodymyr-zelensky-les-occidentaux-en-quete-de-convergence-20251226\" target=\"_blank\" data-fig-type=\"Article\" rel=\"noopener\" data-gtm-custom-categorie=\"navigation\" data-gtm-custom-action=\"crossclick\" data-gtm-custom-label=\"Contextuel\" data-gtm-event=\"customEventSPE\" data-fig-domain=\"LEFIGARO\">de recevoir dimanche Volodymyr Zelensky<\/a>, muni de nouvelles propositions pour mettre fin \u00e0 la guerre avec la Russie, Donald Trump a averti vendredi son homologue ukrainien que rien n&rsquo;\u00e9tait acquis avant qu&rsquo;il ne donne son \u00abaccord.\u00bb Le chef d&rsquo;\u00c9tat ukrainien \u00abn&rsquo;a rien tant que je ne donne pas mon accord\u00bb, a d\u00e9clar\u00e9 le pr\u00e9sident am\u00e9ricain au site internet Politico.<\/p>\n<p class=\"fig-paragraph\">\u00abDonc nous verrons bien ce qu&rsquo;il a\u00bb, a-t-il ajout\u00e9, tout en estimant: \u00abJe pense que \u00e7a se passera bien avec lui. Je pense que \u00e7a se passera bien avec (le pr\u00e9sident russe Vladimir) Poutine\u00bb, avec lequel il pr\u00e9voit de s&rsquo;entretenir \u00abbient\u00f4t.\u00bb<\/p>\n<p>                                            <a class=\"fig-a11y-skip\" href=\"#fig-a11y-skip-main-inarticle\" data-module=\"a11y-skip\" data-context=\"was @visible\"><br \/>\n    Passer la publicit\u00e9<br \/>\n<\/a>            <\/p>\n<p>                                            Rencontre \u00e0 venir<\/p>\n<p class=\"fig-paragraph\">Volodymyr Zelensky fera dimanche le d\u00e9placement jusqu&rsquo;en Floride, o\u00f9 le pr\u00e9sident am\u00e9ricain passe les f\u00eates de fin d&rsquo;ann\u00e9e dans sa r\u00e9sidence Mar-a-Lago. Il veut \u00e9voquer avec lui la question toujours en suspens des territoires, dans le cadre des n\u00e9gociations\u00a0<a href=\"http:\/\/www.lefigaro.fr\/international\/guerre-en-ukraine-kiev-frappe-une-raffinerie-avec-le-missile-britannique-storm-shadow-20251226\" target=\"_blank\" data-fig-type=\"NewsFlash\" rel=\"noopener\" data-gtm-custom-categorie=\"navigation\" data-gtm-custom-action=\"crossclick\" data-gtm-custom-label=\"Contextuel\" data-gtm-event=\"customEventSPE\" data-fig-domain=\"LEFIGARO\">pour mettre fin \u00e0 la guerre avec la Russie<\/a>.<\/p>\n<p class=\"fig-paragraph\">Cette r\u00e9union aura lieu quelques jours apr\u00e8s que le pr\u00e9sident ukrainien a d\u00e9voil\u00e9 les d\u00e9tails de la nouvelle mouture du plan am\u00e9ricain visant \u00e0 mettre fin au conflit, qui a \u00e9t\u00e9 retravaill\u00e9 apr\u00e8s des pourparlers avec l&rsquo;Ukraine. Cette version a \u00e9t\u00e9 critiqu\u00e9e par Moscou, qui a accus\u00e9 Kiev de vouloir \u00abtorpiller\u00bb les discussions. Ce document pr\u00e9voit un gel de l&rsquo;actuelle ligne de front sans offrir de solution imm\u00e9diate concernant les revendications territoriales de la Russie, qui occupe plus de 19% de l&rsquo;Ukraine.<\/p>\n","protected":false},"excerpt":{"rendered":"Au cours d\u2019un entretien avec le site internet Politico, et avant de recevoir le pr\u00e9sident ukrainien dimanche, Donald&hellip;\n","protected":false},"author":2,"featured_media":624459,"comment_status":"","ping_status":"","sticky":false,"template":"","format":"standard","meta":{"footnotes":""},"categories":[1590],"tags":[11,75,1777,674,12,220,134],"class_list":{"0":"post-624458","1":"post","2":"type-post","3":"status-publish","4":"format-standard","5":"has-post-thumbnail","7":"category-ukraine","8":"tag-actualites","9":"tag-donald-trump","10":"tag-eu","11":"tag-europe","12":"tag-news","13":"tag-ukraine","14":"tag-volodymyr-zelensky"},"share_on_mastodon":{"url":"https:\/\/pubeurope.com\/@fr\/115789297385069597","error":""},"_links":{"self":[{"href":"https:\/\/www.europesays.com\/fr\/wp-json\/wp\/v2\/posts\/624458","targetHints":{"allow":["GET"]}}],"collection":[{"href":"https:\/\/www.europesays.com\/fr\/wp-json\/wp\/v2\/posts"}],"about":[{"href":"https:\/\/www.europesays.com\/fr\/wp-json\/wp\/v2\/types\/post"}],"author":[{"embeddable":true,"href":"https:\/\/www.europesays.com\/fr\/wp-json\/wp\/v2\/users\/2"}],"replies":[{"embeddable":true,"href":"https:\/\/www.europesays.com\/fr\/wp-json\/wp\/v2\/comments?post=624458"}],"version-history":[{"count":0,"href":"https:\/\/www.europesays.com\/fr\/wp-json\/wp\/v2\/posts\/624458\/revisions"}],"wp:featuredmedia":[{"embeddable":true,"href":"https:\/\/www.europesays.com\/fr\/wp-json\/wp\/v2\/media\/624459"}],"wp:attachment":[{"href":"https:\/\/www.europesays.com\/fr\/wp-json\/wp\/v2\/media?parent=624458"}],"wp:term":[{"taxonomy":"category","embeddable":true,"href":"https:\/\/www.europesays.com\/fr\/wp-json\/wp\/v2\/categories?post=624458"},{"taxonomy":"post_tag","embeddable":true,"href":"https:\/\/www.europesays.com\/fr\/wp-json\/wp\/v2\/tags?post=624458"}],"curies":[{"name":"wp","href":"https:\/\/api.w.org\/{rel}","templated":true}]}}