{"id":62446,"date":"2025-04-29T18:30:10","date_gmt":"2025-04-29T18:30:10","guid":{"rendered":"https:\/\/www.europesays.com\/fr\/62446\/"},"modified":"2025-04-29T18:30:10","modified_gmt":"2025-04-29T18:30:10","slug":"tribune-europe-ne-plus-subir","status":"publish","type":"post","link":"https:\/\/www.europesays.com\/fr\/62446\/","title":{"rendered":"[Tribune] Europe\u00a0: ne plus subir"},"content":{"rendered":"<p>Le monde ne ralentit plus. Il se fracture. Brutalement. Nous sommes entr\u00e9s dans une \u00e9poque d\u2019hyper-r\u00e9alit\u00e9 g\u00e9opolitique\u00a0: la force pr\u00e9c\u00e8de le droit, la puissance pr\u00e9c\u00e8de la norme. La guerre est revenue sur notre continent. L\u2019Am\u00e9rique ne prot\u00e8ge plus. <a href=\"https:\/\/www.letelegramme.fr\/monde\/guerre-ukraine-russie\/\" target=\"_blank\" rel=\"noopener\">La Russie attaque<\/a>. L\u2019ordre mondial s\u2019effondre. Et l\u2019Europe parle encore de valeurs, croyant conjurer le r\u00e9el par des mots. Nous vivons sur des ruines\u00a0: celles du droit international, de la dissuasion collective, du confort strat\u00e9gique.<\/p>\n<p><a href=\"https:\/\/www.letelegramme.fr\/recherche\/?keywords[]=donald-trump\" target=\"_blank\" rel=\"noopener\">Trump est de retour<\/a>. Il ne d\u00e9fendra pas l\u2019Europe. Il la consid\u00e8re comme un fardeau. Il calcule. Il facture. Il exprime la fin d\u2019une \u00e8re transatlantique dont nous avons \u00e9t\u00e9 les grands b\u00e9n\u00e9ficiaires et que nous avons trop longtemps prise pour acquise. La Russie ne n\u00e9gocie pas. Elle efface. Elle veut d\u00e9truire la nation ukrainienne. Elle m\u00e8ne une guerre d\u2019annexion que l\u2019Occident n\u2019a pas voulu voir. Nous avons cru que l\u2019histoire \u00e9tait finie. Elle recommence. Elle sera brutale, cynique, implacable.<\/p>\n<p><img decoding=\"async\" src=\"https:\/\/www.europesays.com\/fr\/wp-content\/uploads\/2025\/04\/681113601cf1809c6304e58e.1.jpeg\" width=\"480\" height=\"300\" class=\"web_golden_m\" loading=\"lazy\" alt=\"Florian Bachelier, ici en juin\u00a02021, alors d\u00e9put\u00e9.\"\/>Florian Bachelier, ici en juin\u00a02021, alors d\u00e9put\u00e9. (Vincent Michel\/Le Mensuel)<\/p>\n<p>Hubert V\u00e9drine l\u2019a dit\u00a0: il n\u2019y a plus d\u2019Occident. Il y a des nations, des coalitions \u00e9ph\u00e9m\u00e8res, des affrontements. Et il y a l\u2019Europe, qui a cru abolir la conflictualit\u00e9 par d\u00e9cret. Elle doit comprendre que l\u2019histoire est de retour, avec ses volont\u00e9s, ses passions, ses rapports de force. L\u2019Europe a r\u00e9gul\u00e9, harmonis\u00e9, \u00e9tendu ses comp\u00e9tences. Mais elle n\u2019a pas b\u00e2ti de volont\u00e9 strat\u00e9gique. R\u00e9sultat\u00a0: vuln\u00e9rable, d\u00e9pendante, divis\u00e9e. Elle est somm\u00e9e de choisir\u00a0: rester dans la soumission ou redevenir puissance. La neutralit\u00e9 n\u2019existe plus.<\/p>\n<p>Il faut que cela cesse. Cesser de d\u00e9pendre. Cesser d\u2019attendre. Cesser de croire que la paix est un acquis. Nous devons redevenir strat\u00e8ges. Souverains. Pr\u00e9sents. La na\u00efvet\u00e9 n\u2019est plus une option. Le d\u00e9ni est devenu une faute strat\u00e9gique, l\u2019ang\u00e9lisme une capitulation. Quelques nations doivent prendre la t\u00eate\u00a0: la France, le Royaume-Uni, la Pologne. Et d\u2019autres, si elles le veulent. Pas besoin de tous. Besoin de volontaires. D\u00e9fense, renseignement, fronti\u00e8res\u00a0: il faut reconstruire une force, une capacit\u00e9 r\u00e9elle \u00e0 dire non et \u00e0 le faire respecter.<\/p>\n<p>Le d\u00e9sordre est aussi int\u00e9rieur. Offensive islamiste. Immigration mal ma\u00eetris\u00e9e. D\u00e9ni du r\u00e9el. Il faut restaurer l\u2019autorit\u00e9 de l\u2019\u00c9tat, sans sombrer dans la panique identitaire, ni c\u00e9der au confort du d\u00e9ni. Il faut rappeler une \u00e9vidence\u00a0: la France a le droit de d\u00e9cider qui peut devenir fran\u00e7ais, selon ses propres exigences, non sous la pression des modes ou des injonctions ext\u00e9rieures. Pas de discours. Des actes. Pas de valeurs proclam\u00e9es. Des d\u00e9cisions assum\u00e9es. Pas d\u2019id\u00e9ologie. Une strat\u00e9gie.<\/p>\n<p>Le plus grave n\u2019est pas la multiplicit\u00e9 des menaces. C\u2019est l\u2019effondrement du sens commun. L\u2019Europe vit dans un confort post-historique, alors que le monde revient avec ses f\u00e9rocit\u00e9s. Il faut retrouver le fil d\u2019une civilisation europ\u00e9enne consciente d\u2019elle-m\u00eame. Pas une Europe abstraite, mais une Europe incarn\u00e9e. Faite de nations fi\u00e8res et solidaires. De cultures li\u00e9es par une m\u00e9moire commune, un style, une exigence. C\u2019est cela que nous devons d\u00e9fendre. Non contre le monde, mais dans le monde. Non en restaurant les empires, mais en assumant nos responsabilit\u00e9s. Non pour donner des le\u00e7ons, mais pour ne plus en recevoir.<\/p>\n","protected":false},"excerpt":{"rendered":"Le monde ne ralentit plus. Il se fracture. Brutalement. Nous sommes entr\u00e9s dans une \u00e9poque d\u2019hyper-r\u00e9alit\u00e9 g\u00e9opolitique\u00a0: la&hellip;\n","protected":false},"author":2,"featured_media":62447,"comment_status":"","ping_status":"","sticky":false,"template":"","format":"standard","meta":{"footnotes":""},"categories":[1586],"tags":[11,312,75,73,1777,674,16028,1011,27,74,12,1427,25,132,364],"class_list":{"0":"post-62446","1":"post","2":"type-post","3":"status-publish","4":"format-standard","5":"has-post-thumbnail","7":"category-europe","8":"tag-actualites","9":"tag-diplomatie","10":"tag-donald-trump","11":"tag-etats-unis","12":"tag-eu","13":"tag-europe","14":"tag-florian-bachelier","15":"tag-fr","16":"tag-france","17":"tag-monde","18":"tag-news","19":"tag-opinions","20":"tag-republique-francaise","21":"tag-russie","22":"tag-union-europeenne"},"share_on_mastodon":{"url":"https:\/\/pubeurope.com\/@fr\/114422679130582487","error":""},"_links":{"self":[{"href":"https:\/\/www.europesays.com\/fr\/wp-json\/wp\/v2\/posts\/62446","targetHints":{"allow":["GET"]}}],"collection":[{"href":"https:\/\/www.europesays.com\/fr\/wp-json\/wp\/v2\/posts"}],"about":[{"href":"https:\/\/www.europesays.com\/fr\/wp-json\/wp\/v2\/types\/post"}],"author":[{"embeddable":true,"href":"https:\/\/www.europesays.com\/fr\/wp-json\/wp\/v2\/users\/2"}],"replies":[{"embeddable":true,"href":"https:\/\/www.europesays.com\/fr\/wp-json\/wp\/v2\/comments?post=62446"}],"version-history":[{"count":0,"href":"https:\/\/www.europesays.com\/fr\/wp-json\/wp\/v2\/posts\/62446\/revisions"}],"wp:featuredmedia":[{"embeddable":true,"href":"https:\/\/www.europesays.com\/fr\/wp-json\/wp\/v2\/media\/62447"}],"wp:attachment":[{"href":"https:\/\/www.europesays.com\/fr\/wp-json\/wp\/v2\/media?parent=62446"}],"wp:term":[{"taxonomy":"category","embeddable":true,"href":"https:\/\/www.europesays.com\/fr\/wp-json\/wp\/v2\/categories?post=62446"},{"taxonomy":"post_tag","embeddable":true,"href":"https:\/\/www.europesays.com\/fr\/wp-json\/wp\/v2\/tags?post=62446"}],"curies":[{"name":"wp","href":"https:\/\/api.w.org\/{rel}","templated":true}]}}