{"id":624462,"date":"2025-12-27T03:01:13","date_gmt":"2025-12-27T03:01:13","guid":{"rendered":"https:\/\/www.europesays.com\/fr\/624462\/"},"modified":"2025-12-27T03:01:13","modified_gmt":"2025-12-27T03:01:13","slug":"royaume-uni-des-experts-sinquietent-du-sort-de-grevistes-de-la-faim-pro-palestiniens","status":"publish","type":"post","link":"https:\/\/www.europesays.com\/fr\/624462\/","title":{"rendered":"Royaume-Uni : des experts s&rsquo;inqui\u00e8tent du sort de gr\u00e9vistes de la faim pro-palestiniens"},"content":{"rendered":"<p dir=\"ltr\">Dans un communiqu\u00e9 conjoint publi\u00e9 vendredi, sept rapporteurs sp\u00e9ciaux de l\u2019ONU se disent \u00ab profond\u00e9ment pr\u00e9occup\u00e9s \u00bb par la d\u00e9gradation rapide de l\u2019\u00e9tat de sant\u00e9 des d\u00e9tenus. Selon eux, ces derniers se trouvent \u00e0 un \u00ab risque critique \u00bb de complications graves, allant de la d\u00e9faillance organique \u00e0 des l\u00e9sions neurologiques irr\u00e9versibles, en passant par des troubles cardiaques pouvant \u00eatre fatals.<\/p>\n<p dir=\"ltr\">\u00ab La gr\u00e8ve de la faim est souvent une mesure de dernier recours pour des personnes qui estiment que leurs droits \u00e0 manifester et \u00e0 disposer d\u2019un recours effectif ont \u00e9t\u00e9 \u00e9puis\u00e9s \u00bb, soulignent les experts.<\/p>\n<p>Une obligation renforc\u00e9e de protection<\/p>\n<p dir=\"ltr\">Les rapporteurs rappellent un principe central du droit international : le droit \u00e0 la sant\u00e9 s\u2019applique \u00e0 toutes les personnes, y compris celles priv\u00e9es de libert\u00e9. Loin de s\u2019att\u00e9nuer dans le contexte carc\u00e9ral, l\u2019obligation de protection de l\u2019\u00c9tat s\u2019en trouve au contraire renforc\u00e9e. \u00ab Le devoir de protection de l\u2019\u00c9tat envers les personnes en gr\u00e8ve de la faim est plus \u00e9lev\u00e9, et non moindre \u00bb, insistent-ils.<\/p>\n<p dir=\"ltr\">Or, selon les informations recueillies par les experts, les conditions de prise en charge m\u00e9dicale des gr\u00e9vistes soul\u00e8vent de s\u00e9rieuses inqui\u00e9tudes. Ils font \u00e9tat de retards dans l\u2019acc\u00e8s aux soins, d\u2019un usage jug\u00e9 excessif de moyens de contention lors de traitements hospitaliers, de restrictions impos\u00e9es aux contacts avec les proches et les avocats, ainsi que de l\u2019absence d\u2019un suivi m\u00e9dical ind\u00e9pendant et continu \u2014 une situation particuli\u00e8rement pr\u00e9occupante pour les personnes souffrant de pathologies pr\u00e9existantes.<\/p>\n<p dir=\"ltr\">\u00ab Ces informations soul\u00e8vent de s\u00e9rieuses interrogations quant au respect du droit international des droits humains, notamment des obligations de prot\u00e9ger la vie et de pr\u00e9venir les traitements cruels, inhumains ou d\u00e9gradants \u00bb, avertissent-ils.<\/p>\n<p>Un contexte plus large de restrictions<\/p>\n<p dir=\"ltr\">Les experts replacent ces gr\u00e8ves de la faim dans un environnement politique et juridique plus vaste, marqu\u00e9, selon eux, par un durcissement des restrictions \u00e0 l\u2019\u00e9gard de la mobilisation pro-palestinienne au Royaume-Uni. Ils rappellent avoir d\u00e9j\u00e0 alert\u00e9 Londres sur l\u2019utilisation de cadres antiterroristes pour encadrer, voire r\u00e9primer, des actes de protestation politique, ainsi que sur la criminalisation de formes de dissidence qu\u2019ils estiment l\u00e9gitimes.<\/p>\n<p dir=\"ltr\">Ils expriment \u00e9galement leur pr\u00e9occupation face \u00e0 l\u2019ampleur de la d\u00e9finition du terrorisme dans la l\u00e9gislation britannique, \u00e0 l\u2019interdiction du r\u00e9seau de protestation pro-palestinien\u00a0Palestine Action en vertu de la loi antiterroriste de 2000, et aux arrestations et poursuites engag\u00e9es pour un soutien pr\u00e9sum\u00e9 \u00e0 ce mouvement.<\/p>\n<p dir=\"ltr\">\u00ab Ces gr\u00e8ves de la faim doivent \u00eatre comprises dans le contexte plus large des restrictions impos\u00e9es \u00e0 l\u2019activisme pro-palestinien au Royaume-Uni \u00bb, soulignent-ils.<\/p>\n<p>\u00ab Les d\u00e9c\u00e8s \u00e9vitables en d\u00e9tention ne sont jamais acceptables \u00bb<\/p>\n<p dir=\"ltr\">En conclusion, les rapporteurs appellent les autorit\u00e9s britanniques \u00e0 garantir sans d\u00e9lai une prise en charge m\u00e9dicale ad\u00e9quate pour l\u2019ensemble des gr\u00e9vistes et \u00e0 engager un dialogue r\u00e9el afin de r\u00e9pondre \u00e0 leurs revendications, comme aux violations pr\u00e9sum\u00e9es des droits fondamentaux.<\/p>\n<p dir=\"ltr\">\u00ab Les d\u00e9c\u00e8s \u00e9vitables en d\u00e9tention ne sont jamais acceptables. L\u2019\u00c9tat porte l\u2019enti\u00e8re responsabilit\u00e9 de la vie et du bien-\u00eatre des personnes d\u00e9tenues \u00bb, concluent-ils.<\/p>\n<p>Les experts signataires :<\/p>\n<ul>\n<li>\n<p dir=\"ltr\"><strong>Gina Romero<\/strong>, rapporteuse sp\u00e9ciale sur les droits \u00e0 la libert\u00e9 de r\u00e9union pacifique et d&rsquo;association<\/p>\n<\/li>\n<li>\n<p dir=\"ltr\"><strong>Tlaleng Mofokeng<\/strong>,\u00a0rapporteuse sp\u00e9ciale sur le droit \u00e0 la jouissance du meilleur \u00e9tat de sant\u00e9 physique et mentale possible<\/p>\n<\/li>\n<li>\n<p dir=\"ltr\"><strong>Cecilia M. Bailliet<\/strong>, experte ind\u00e9pendante sur les droits de l&rsquo;homme et la solidarit\u00e9 internationale<\/p>\n<\/li>\n<li>\n<p dir=\"ltr\"><strong>George Katrougalos<\/strong>,\u00a0expert ind\u00e9pendant charg\u00e9 de promouvoir un ordre international d\u00e9mocratique et \u00e9quitable<\/p>\n<\/li>\n<li>\n<p dir=\"ltr\"><strong>Ben Saul<\/strong>, rapporteur sp\u00e9cial sur la protection des droits humains dans la lutte contre le terrorisme<\/p>\n<\/li>\n<li>\n<p dir=\"ltr\"><strong>Irene Khan<\/strong>, rapporteuse sp\u00e9ciale sur le droit \u00e0 la libert\u00e9 d\u2019opinion et d\u2019expression<\/p>\n<\/li>\n<li>\n<p dir=\"ltr\"><strong>Francesca Albanese<\/strong>, rapporteuse sp\u00e9ciale sur la situation des droits humains dans les territoires palestiniens occup\u00e9s<\/p>\n<\/li>\n<\/ul>\n<p dir=\"ltr\">&#8212;<\/p>\n<p dir=\"ltr\">* Les Rapporteurs sp\u00e9ciaux, experts ind\u00e9pendants et groupes de travail font partie de ce que l\u2019on appelle les proc\u00e9dures sp\u00e9ciales du Conseil des droits de l\u2019homme. Les experts des proc\u00e9dures sp\u00e9ciales travaillent sur une base volontaire. Ils ne font pas partie du personnel des Nations Unies et ne re\u00e7oivent pas de salaire pour leur travail. Ils sont ind\u00e9pendants de tout gouvernement ou organisation et travaillent \u00e0 titre individuel.<\/p>\n","protected":false},"excerpt":{"rendered":"Dans un communiqu\u00e9 conjoint publi\u00e9 vendredi, sept rapporteurs sp\u00e9ciaux de l\u2019ONU se disent \u00ab profond\u00e9ment pr\u00e9occup\u00e9s \u00bb par&hellip;\n","protected":false},"author":2,"featured_media":319880,"comment_status":"","ping_status":"","sticky":false,"template":"","format":"standard","meta":{"footnotes":""},"categories":[1588],"tags":[11,1777,674,12,473,1853,1851,1850,1852],"class_list":{"0":"post-624462","1":"post","2":"type-post","3":"status-publish","4":"format-standard","5":"has-post-thumbnail","7":"category-royaume-uni","8":"tag-actualites","9":"tag-eu","10":"tag-europe","11":"tag-news","12":"tag-royaume-uni","13":"tag-royaume-uni-de-grande-bretagne-et-dirlande-du-nord","14":"tag-uk","15":"tag-united-kingdom","16":"tag-united-kingdom-of-great-britain-and-northern-ireland"},"share_on_mastodon":{"url":"https:\/\/pubeurope.com\/@fr\/115789305232526767","error":""},"_links":{"self":[{"href":"https:\/\/www.europesays.com\/fr\/wp-json\/wp\/v2\/posts\/624462","targetHints":{"allow":["GET"]}}],"collection":[{"href":"https:\/\/www.europesays.com\/fr\/wp-json\/wp\/v2\/posts"}],"about":[{"href":"https:\/\/www.europesays.com\/fr\/wp-json\/wp\/v2\/types\/post"}],"author":[{"embeddable":true,"href":"https:\/\/www.europesays.com\/fr\/wp-json\/wp\/v2\/users\/2"}],"replies":[{"embeddable":true,"href":"https:\/\/www.europesays.com\/fr\/wp-json\/wp\/v2\/comments?post=624462"}],"version-history":[{"count":0,"href":"https:\/\/www.europesays.com\/fr\/wp-json\/wp\/v2\/posts\/624462\/revisions"}],"wp:featuredmedia":[{"embeddable":true,"href":"https:\/\/www.europesays.com\/fr\/wp-json\/wp\/v2\/media\/319880"}],"wp:attachment":[{"href":"https:\/\/www.europesays.com\/fr\/wp-json\/wp\/v2\/media?parent=624462"}],"wp:term":[{"taxonomy":"category","embeddable":true,"href":"https:\/\/www.europesays.com\/fr\/wp-json\/wp\/v2\/categories?post=624462"},{"taxonomy":"post_tag","embeddable":true,"href":"https:\/\/www.europesays.com\/fr\/wp-json\/wp\/v2\/tags?post=624462"}],"curies":[{"name":"wp","href":"https:\/\/api.w.org\/{rel}","templated":true}]}}