{"id":624475,"date":"2025-12-27T03:10:24","date_gmt":"2025-12-27T03:10:24","guid":{"rendered":"https:\/\/www.europesays.com\/fr\/624475\/"},"modified":"2025-12-27T03:10:24","modified_gmt":"2025-12-27T03:10:24","slug":"top-14-manu-tuilagi-bayonne-forfait-pour-la-reception-du-stade-francais-paris-tevita-tatafu-pas-encore-pret","status":"publish","type":"post","link":"https:\/\/www.europesays.com\/fr\/624475\/","title":{"rendered":"Top 14 \u2013 Manu Tuilagi (Bayonne) forfait pour la r\u00e9ception du Stade fran\u00e7ais Paris, Tevita Tatafu pas encore pr\u00eat"},"content":{"rendered":"<p>\n                Sorti sur commotion face \u00e0 La\u00a0Rochelle la semaine pass\u00e9e, le trois-quarts centre anglais Manu Tuilagi ne pourra pas tenir sa place samedi contre Paris. Tevita Tatafu, qui n\u2019a pas encore repris l\u2019entra\u00eenement, non plus.\n            <\/p>\n<p dir=\"ltr\">Manu Tuilagi ne sera pas sur la pelouse de Jean -auger, demain apr\u00e8s-midi. <a href=\"https:\/\/www.rugbyrama.fr\/resultats\/rugby\/top-14\/phase-reguliere\/rencontre\/55846\/la-rochelle-bayonne\/direct\" target=\"_self\" rel=\"noopener\"><strong>Sorti sur commotion face \u00e0 La\u00a0Rochelle la semaine pass\u00e9e<\/strong><\/a>, apr\u00e8s un choc avec Simeli Daunivucu (65e), le trois-quarts centre ne s\u2019est pas entra\u00een\u00e9 de la semaine.<\/p>\n<p dir=\"ltr\">Lui voulait jouer, mais il a pass\u00e9 divers examens et avait rendez-vous avec un neurologue ce vendredi matin. Il n\u2019a pas obtenu le feu vert pour disputer la rencontre face au Stade fran\u00e7ais Paris demain apr\u00e8s-midi. La star anglaise de l\u2019Aviron va \u00eatre \u00e9loign\u00e9e des terrains pendant douze jours. \u201cIl est rentr\u00e9 dans le protocole plus strict et pourra \u00eatre l\u00e0 pour Montpellier\u201d, indique Gr\u00e9gory Patat. Il sera remplac\u00e9 par Guillaume Martocq, qui sera associ\u00e9 au centre avec le fidjien Sireli Maqala.<\/p>\n<p>\u201cPas de date pr\u00e9cise\u201d concernant un retour de Tatafu<\/p>\n<p>Si Tuilagi devrait donc faire son retour d\u00e9but 2026, Tevita Tatafu, lui n\u2019a toujours pas retrouv\u00e9 le chemin des terrains. Le manager de l\u2019Aviron bayonnais esp\u00e9rait initialement que son pilier droit puisse faire son retour \u00e0 la comp\u00e9tition \u00e0 La\u00a0Rochelle. <a href=\"https:\/\/www.rugbyrama.fr\/2025\/12\/04\/top-14-bayonne-une-date-ciblee-pour-le-retour-a-la-competition-de-tevita-tatafu-13090506.php\" target=\"_self\" rel=\"noopener\"><strong>Il avait ensuite pens\u00e9 le faire reprendre face \u00e0 Paris<\/strong><\/a>. Il n\u2019en sera rien. \u201cOn n\u2019arrive pas \u00e0 respecter les d\u00e9lais avec Tevita. Il y a une remise en route, mais je n\u2019ai pas de date pr\u00e9cise le concernant\u201d, explique Patat.<\/p>\n","protected":false},"excerpt":{"rendered":"Sorti sur commotion face \u00e0 La\u00a0Rochelle la semaine pass\u00e9e, le trois-quarts centre anglais Manu Tuilagi ne pourra pas&hellip;\n","protected":false},"author":2,"featured_media":624476,"comment_status":"","ping_status":"","sticky":false,"template":"","format":"standard","meta":{"footnotes":""},"categories":[1416],"tags":[1011,27,26279,479,1468,68796,60,478],"class_list":{"0":"post-624475","1":"post","2":"type-post","3":"status-publish","4":"format-standard","5":"has-post-thumbnail","7":"category-rugby","8":"tag-fr","9":"tag-france","10":"tag-manu-tuilagi","11":"tag-rugby","12":"tag-rugby-football","13":"tag-rugby-u00e0-xv","14":"tag-sports","15":"tag-top-14"},"share_on_mastodon":{"url":"https:\/\/pubeurope.com\/@fr\/115789340586038718","error":""},"_links":{"self":[{"href":"https:\/\/www.europesays.com\/fr\/wp-json\/wp\/v2\/posts\/624475","targetHints":{"allow":["GET"]}}],"collection":[{"href":"https:\/\/www.europesays.com\/fr\/wp-json\/wp\/v2\/posts"}],"about":[{"href":"https:\/\/www.europesays.com\/fr\/wp-json\/wp\/v2\/types\/post"}],"author":[{"embeddable":true,"href":"https:\/\/www.europesays.com\/fr\/wp-json\/wp\/v2\/users\/2"}],"replies":[{"embeddable":true,"href":"https:\/\/www.europesays.com\/fr\/wp-json\/wp\/v2\/comments?post=624475"}],"version-history":[{"count":0,"href":"https:\/\/www.europesays.com\/fr\/wp-json\/wp\/v2\/posts\/624475\/revisions"}],"wp:featuredmedia":[{"embeddable":true,"href":"https:\/\/www.europesays.com\/fr\/wp-json\/wp\/v2\/media\/624476"}],"wp:attachment":[{"href":"https:\/\/www.europesays.com\/fr\/wp-json\/wp\/v2\/media?parent=624475"}],"wp:term":[{"taxonomy":"category","embeddable":true,"href":"https:\/\/www.europesays.com\/fr\/wp-json\/wp\/v2\/categories?post=624475"},{"taxonomy":"post_tag","embeddable":true,"href":"https:\/\/www.europesays.com\/fr\/wp-json\/wp\/v2\/tags?post=624475"}],"curies":[{"name":"wp","href":"https:\/\/api.w.org\/{rel}","templated":true}]}}