{"id":624477,"date":"2025-12-27T03:11:13","date_gmt":"2025-12-27T03:11:13","guid":{"rendered":"https:\/\/www.europesays.com\/fr\/624477\/"},"modified":"2025-12-27T03:11:13","modified_gmt":"2025-12-27T03:11:13","slug":"kouame-la-nouvelle-demie","status":"publish","type":"post","link":"https:\/\/www.europesays.com\/fr\/624477\/","title":{"rendered":"Kouam\u00e9, la nouvelle demie"},"content":{"rendered":"<p><strong>Ce vendredi, Mo\u00efse Kouam\u00e9 s&rsquo;est<br \/>\nqualifi\u00e9 pour les demi-finales du M15 de Monastir en battant Felipe<br \/>\nVirgili Berini. Dans l&rsquo;autre partie de tableau, Nicolas Tepmahc<br \/>\nverra, lui aussi, le dernier carr\u00e9 du tournoi.<\/strong><\/p>\n<p>En cette p\u00e9riode de f\u00eates de fin d\u2019ann\u00e9e, Mo\u00efse Kouam\u00e9 ne ch\u00f4me<br \/>\npas. En effet, si de nombreux joueurs sont actuellement au repos en<br \/>\nattendant d\u2019attaquer la saison 2026 en Oc\u00e9anie, le jeune Fran\u00e7ais<br \/>\n(16 ans) est en ce moment en Tunisie, o\u00f9 il dispute le M15 de<br \/>\nMonastir. Apr\u00e8s avoir \u00e9limin\u00e9 le local Omar Knani puis son<br \/>\ncompatriote Robin Bertrand lors des premiers tours, le natif de<br \/>\nSarcelles s\u2019est impos\u00e9 ce vendredi face \u00e0 Felipe Virgili Berini en<br \/>\ndeux sets (6-4, 6-0), lors des quarts de finale.<\/p>\n<p>Face \u00e0 l\u2019Italien, qui n\u2019est pas class\u00e9, l\u2019actuel 894e mondial au<br \/>\nclassement ATP a dans un premier temps d\u00fb batailler dans la<br \/>\npremi\u00e8re manche, avant de d\u00e9rouler dans la seconde et a inflig\u00e9 un<br \/>\ncinglant 6-0 \u00e0 son adversaire du jour. Autoritaire lors de ce<br \/>\ntournoi qui se dispute sur dur, Kouam\u00e9, qui n\u2019a pas encore l\u00e2ch\u00e9 un<br \/>\nset, s\u2019est donc brillamment qualifi\u00e9 pour les demi-finales \u00e0<br \/>\nMonastir.<\/p>\n<p>Une finale entre Fran\u00e7ais \u00e0<br \/>\nMonastir ?<\/p>\n<p>Au prochain tour, qui se tiendra ce samedi, le jeune Fran\u00e7ais<br \/>\ntentera de se qualifier pour sa premi\u00e8re finale sur le circuit ITF,<br \/>\nlui qui avait d\u00e9j\u00e0 atteint les demi-finales dans cette cat\u00e9gorie de<br \/>\ntournois en avril dernier \u00e0 Antalya (Turquie). Il devra pour cela<br \/>\nbattre l\u2019Indien Manas Dhamne (588e mondial), qui vient de sortir<br \/>\nl\u2019Allemand Mika Petkovic en trois manches (4-6, 6-0, 6-4).<\/p>\n<p>Dans l\u2019autre partie de tableau, on retrouve un autre Fran\u00e7ais, \u00e0<br \/>\nsavoir Nicolas Tepmahc. Tombeur du Libanais Mustapha El Natour puis<br \/>\ndu Turc Kerem Yilmaz lors des deux premiers tours, l\u2019actuel 772e<br \/>\nmondial a profit\u00e9 de l\u2019abandon ce vendredi de l\u2019Australien Chen<br \/>\nDong (\u00e0 6-2) pour rejoindre le dernier carr\u00e9 du tournoi \u00e0 Monastir.<br \/>\nEn demie, Tepmahc sera oppos\u00e9 au Bulgare Petr Nesterov (587e<br \/>\nmondial), qui a sorti l\u2019Italien Juan Cruz Martin Manzano (6-2,<br \/>\n7-6), lors des quarts de finale. On pourrait donc assister \u00e0 une<br \/>\nfinale 100 % fran\u00e7aise ce dimanche.<\/p>\n","protected":false},"excerpt":{"rendered":"Ce vendredi, Mo\u00efse Kouam\u00e9 s&rsquo;est qualifi\u00e9 pour les demi-finales du M15 de Monastir en battant Felipe Virgili Berini.&hellip;\n","protected":false},"author":2,"featured_media":624478,"comment_status":"","ping_status":"","sticky":false,"template":"","format":"standard","meta":{"footnotes":""},"categories":[1415],"tags":[1011,27,73393,73394,57681,60,1467,73395],"class_list":{"0":"post-624477","1":"post","2":"type-post","3":"status-publish","4":"format-standard","5":"has-post-thumbnail","7":"category-tennis","8":"tag-fr","9":"tag-france","10":"tag-kouame","11":"tag-monastir","12":"tag-sport365-fr","13":"tag-sports","14":"tag-tennis","15":"tag-tepmahc"},"share_on_mastodon":{"url":"https:\/\/pubeurope.com\/@fr\/115789344452841976","error":""},"_links":{"self":[{"href":"https:\/\/www.europesays.com\/fr\/wp-json\/wp\/v2\/posts\/624477","targetHints":{"allow":["GET"]}}],"collection":[{"href":"https:\/\/www.europesays.com\/fr\/wp-json\/wp\/v2\/posts"}],"about":[{"href":"https:\/\/www.europesays.com\/fr\/wp-json\/wp\/v2\/types\/post"}],"author":[{"embeddable":true,"href":"https:\/\/www.europesays.com\/fr\/wp-json\/wp\/v2\/users\/2"}],"replies":[{"embeddable":true,"href":"https:\/\/www.europesays.com\/fr\/wp-json\/wp\/v2\/comments?post=624477"}],"version-history":[{"count":0,"href":"https:\/\/www.europesays.com\/fr\/wp-json\/wp\/v2\/posts\/624477\/revisions"}],"wp:featuredmedia":[{"embeddable":true,"href":"https:\/\/www.europesays.com\/fr\/wp-json\/wp\/v2\/media\/624478"}],"wp:attachment":[{"href":"https:\/\/www.europesays.com\/fr\/wp-json\/wp\/v2\/media?parent=624477"}],"wp:term":[{"taxonomy":"category","embeddable":true,"href":"https:\/\/www.europesays.com\/fr\/wp-json\/wp\/v2\/categories?post=624477"},{"taxonomy":"post_tag","embeddable":true,"href":"https:\/\/www.europesays.com\/fr\/wp-json\/wp\/v2\/tags?post=624477"}],"curies":[{"name":"wp","href":"https:\/\/api.w.org\/{rel}","templated":true}]}}