{"id":624484,"date":"2025-12-27T03:18:12","date_gmt":"2025-12-27T03:18:12","guid":{"rendered":"https:\/\/www.europesays.com\/fr\/624484\/"},"modified":"2025-12-27T03:18:12","modified_gmt":"2025-12-27T03:18:12","slug":"ce-que-prevoient-vraiment-les-designers-et-ce-qui-pourrait-vite-lasser-chez-vous","status":"publish","type":"post","link":"https:\/\/www.europesays.com\/fr\/624484\/","title":{"rendered":"ce que pr\u00e9voient vraiment les designers (et ce qui pourrait vite lasser chez vous)"},"content":{"rendered":"<p>Bleus encre, verts bouteille, bordeaux profonds\u2026 En 2025, les<br \/>\nint\u00e9rieurs se sont largement assombris, rel\u00e9guant au second plan<br \/>\nles salons tout blancs et les beiges \u00e9th\u00e9r\u00e9s. Sur Instagram comme<br \/>\ndans les collections d\u00e9co, les peintures fonc\u00e9es ont habill\u00e9 murs,<br \/>\nplafonds et boiseries, jusqu\u2019\u00e0 devenir la norme plut\u00f4t qu\u2019une<br \/>\naudace r\u00e9serv\u00e9e aux initi\u00e9s.<\/p>\n<p>\u00c0 l\u2019heure o\u00f9 tombent les couleurs de l\u2019ann\u00e9e 2026 et o\u00f9 les<br \/>\ndesigners dressent le bilan, une question revient partout : les<br \/>\n<strong>couleurs sombres tendance 2026<\/strong> vont-elles vraiment<br \/>\ndurer ou risquent-elles de lasser ? Derri\u00e8re cette interrogation,<br \/>\nles avis se croisent, parfois s\u2019opposent. Et ce d\u00e9saccord change<br \/>\ntout.<\/p>\n<p>Pourquoi les couleurs sombres restent au c\u0153ur des tendances<br \/>\n2026<\/p>\n<p>Du c\u00f4t\u00e9 des grandes marques de peinture, le message est clair :<br \/>\nles fonc\u00e9s n\u2019ont pas dit leur dernier mot. Behr mise sur Hidden<br \/>\nGem, un jade fum\u00e9 bleu-vert, Benjamin Moore sur Silhouette, un brun<br \/>\nespresso tr\u00e8s profond, et Krylon sur un brun caf\u00e9 presque noir<br \/>\npr\u00e9sent\u00e9 comme un neutre sombre. Toutes ces teintes, riches et<br \/>\nenveloppantes, confirment que les couleurs profondes restent<br \/>\ncentrales en 2026, mais dans des versions plus sophistiqu\u00e9es et<br \/>\nchaleureuses que les simples gris anthracite.<\/p>\n<p>Beaucoup de d\u00e9corateurs partagent cet enthousiasme. \u00ab\u00a0M\u00eame si une<br \/>\nnouvelle ann\u00e9e invite toujours \u00e0 repartir de z\u00e9ro, je pense que les<br \/>\npeintures aux couleurs profondes et riches vont rester encore un<br \/>\nbon moment. Avec autant d\u00a0\u00bbincertitude dans le monde, avoir chez<br \/>\nnous des espaces qui paraissent particuli\u00e8rement chaleureux et<br \/>\naccueillants n&rsquo;est pas quelque chose dont nous voudrons nous<br \/>\n\u00e9loigner de sit\u00f4t\u00a0\u00bb, explique Hannah Blumenthal, du Studio Olivine,<br \/>\ncit\u00e9e par Homes &amp; Gardens. Kristina Khersonsky, de Studio<br \/>\nKeeta, constate de son c\u00f4t\u00e9 : \u00ab\u00a0Les gens exp\u00e9rimentent avec<br \/>\ndiff\u00e9rentes nuances. Plut\u00f4t que les bleus marines ou bordeaux qui<br \/>\nont satur\u00e9 internet, les clients se montrent plus audacieux avec<br \/>\ndes tons bijoux profonds, des olives presque noires et des teintes<br \/>\ntr\u00e8s satur\u00e9es qui apportent davantage de personnalit\u00e9\u00a0\u00bb.<\/p>\n<p>L\u00e0 o\u00f9 les designers mettent des limites aux couleurs sombres en<br \/>\n2026<\/p>\n<p>Une autre partie de la profession sent pourtant le balancier<br \/>\namorcer un mouvement inverse, au moins par moments. L\u2019experte<br \/>\ncouleur Charlotte Cropper r\u00e9sume ce ressenti saisonnier : \u00ab\u00a0Les<br \/>\nteintes plus claires vont naturellement revenir au fur et \u00e0 mesure<br \/>\nque nous passerons de l&rsquo;hiver au printemps. Le d\u00e9but de 2026<br \/>\napportera une envie de lumi\u00e8re, avec des tonalit\u00e9s plus douces et<br \/>\nstimulantes qui nous aideront \u00e0 sortir de l&rsquo;hibernation\u00a0\u00bb. Le choix<br \/>\nde Pantone, qui a d\u00e9sign\u00e9 Cloud Dancer, un blanc cass\u00e9 tr\u00e8s doux,<br \/>\ncomme couleur de l\u2019ann\u00e9e, va dans le m\u00eame sens d\u2019un retour \u00e0 plus<br \/>\nde clart\u00e9 visuelle.<\/p>\n<p>Dans les projets qu\u2019ils signent pour 2026, plusieurs designers<br \/>\nr\u00e9servent donc les peintures fonc\u00e9es aux petites pi\u00e8ces ou aux<br \/>\nespaces de passage &#8211; entr\u00e9e, couloir, toilettes, salle \u00e0 manger<br \/>\nformelle &#8211; o\u00f9 une immersion color\u00e9e cr\u00e9e un effet \u00e9crin<br \/>\nspectaculaire. Ailleurs, les fonc\u00e9s se d\u00e9placent vers les \u00e9l\u00e9ments<br \/>\narchitecturaux : \u00eelot de cuisine sombre, biblioth\u00e8ques peintes,<br \/>\nhuisseries anthracite. Les experts parlant de \u00ab\u00a0restorative darks\u00a0\u00bb<br \/>\ninsistent sur cette id\u00e9e de ponctuation : le sombre sert \u00e0 ancrer<br \/>\net structurer, \u00e0 c\u00f4t\u00e9 de murs plus clairs.<\/p>\n<p>Comment adopter les couleurs sombres<br \/>\ntendance 2026 sans se tromper<\/p>\n<p>Au fond, la ligne de fracture ne porte pas tant sur le pour ou<br \/>\ncontre, que sur la dose. Le designer Roger Higgins le formule ainsi<br \/>\n: \u00ab\u00a0On a vraiment besoin \u00e0 la fois de couleurs sombres et de<br \/>\ncouleurs claires pour cr\u00e9er de l&rsquo;\u00e9quilibre dans la maison. Le fait<br \/>\nd&rsquo;avoir des zones peintes en tons profonds met la lumi\u00e8re en valeur<br \/>\net fait encore plus appr\u00e9cier les parties claires\u00a0\u00bb. Concr\u00e8tement,<br \/>\ncela se traduit par des verts olive fum\u00e9s, teals profonds ou bruns<br \/>\nchocolat associ\u00e9s \u00e0 des blancs cass\u00e9s chaleureux, des bois clairs<br \/>\net des mati\u00e8res naturelles pour garder un ensemble respirant.<\/p>\n<p>Pour \u00e9viter de se lasser d\u2019un int\u00e9rieur trop noir, les pros<br \/>\nconseillent de tester les fonc\u00e9s l\u00e0 o\u00f9 l\u2019on peut facilement ajuster<br \/>\n: petites pi\u00e8ces, un seul mur, menuiseries, voire mobilier. Et de<br \/>\ngarder quelques r\u00e8gles simples en t\u00eate :<\/p>\n<ul>\n<li>Observer la lumi\u00e8re : plus la pi\u00e8ce est sombre, plus la teinte<br \/>\nchoisie doit \u00eatre chaleureuse et soigneusement \u00e9clair\u00e9e.<\/li>\n<li>Jouer les contrastes : plafonds plus clairs, rideaux lumineux,<br \/>\ntapis clairs pour all\u00e9ger une base fonc\u00e9e.<\/li>\n<li>Pr\u00e9f\u00e9rer des fonc\u00e9s nuanc\u00e9s (vert profond, brun-charbon, bleu<br \/>\np\u00e9trole) \u00e0 un noir pur, souvent plus brutal au quotidien.<\/li>\n<\/ul>\n<p>En 2026, les couleurs sombres ne disparaissent donc pas, elles<br \/>\nchangent de r\u00f4le : moins envahissantes, plus cibl\u00e9es, elles<br \/>\ndeviennent un outil pour sculpter l\u2019espace et r\u00e9v\u00e9ler, par<br \/>\ncontraste, toute la douceur des teintes claires.<\/p>\n","protected":false},"excerpt":{"rendered":"Bleus encre, verts bouteille, bordeaux profonds\u2026 En 2025, les int\u00e9rieurs se sont largement assombris, rel\u00e9guant au second plan&hellip;\n","protected":false},"author":2,"featured_media":624485,"comment_status":"","ping_status":"","sticky":false,"template":"","format":"standard","meta":{"footnotes":""},"categories":[1358],"tags":[5734,1348,1384,1385,17488,3530,18493,1386,58358,58,3026,59,12219,1011,27,73398,151,2864,32818,746,3583,73397,29533,4568,19657],"class_list":{"0":"post-624484","1":"post","2":"type-post","3":"status-publish","4":"format-standard","5":"has-post-thumbnail","7":"category-arts-et-design","8":"tag-5734","9":"tag-arts","10":"tag-arts-and-design","11":"tag-arts-et-design","12":"tag-ce","13":"tag-chez","14":"tag-couleurs","15":"tag-design","16":"tag-designers","17":"tag-divertissement","18":"tag-en","19":"tag-entertainment","20":"tag-et","21":"tag-fr","22":"tag-france","23":"tag-lasser","24":"tag-les","25":"tag-pourrait","26":"tag-prevoient","27":"tag-que","28":"tag-qui","29":"tag-sombres","30":"tag-vite","31":"tag-vous","32":"tag-vraiment"},"share_on_mastodon":{"url":"https:\/\/pubeurope.com\/@fr\/115789371991745906","error":""},"_links":{"self":[{"href":"https:\/\/www.europesays.com\/fr\/wp-json\/wp\/v2\/posts\/624484","targetHints":{"allow":["GET"]}}],"collection":[{"href":"https:\/\/www.europesays.com\/fr\/wp-json\/wp\/v2\/posts"}],"about":[{"href":"https:\/\/www.europesays.com\/fr\/wp-json\/wp\/v2\/types\/post"}],"author":[{"embeddable":true,"href":"https:\/\/www.europesays.com\/fr\/wp-json\/wp\/v2\/users\/2"}],"replies":[{"embeddable":true,"href":"https:\/\/www.europesays.com\/fr\/wp-json\/wp\/v2\/comments?post=624484"}],"version-history":[{"count":0,"href":"https:\/\/www.europesays.com\/fr\/wp-json\/wp\/v2\/posts\/624484\/revisions"}],"wp:featuredmedia":[{"embeddable":true,"href":"https:\/\/www.europesays.com\/fr\/wp-json\/wp\/v2\/media\/624485"}],"wp:attachment":[{"href":"https:\/\/www.europesays.com\/fr\/wp-json\/wp\/v2\/media?parent=624484"}],"wp:term":[{"taxonomy":"category","embeddable":true,"href":"https:\/\/www.europesays.com\/fr\/wp-json\/wp\/v2\/categories?post=624484"},{"taxonomy":"post_tag","embeddable":true,"href":"https:\/\/www.europesays.com\/fr\/wp-json\/wp\/v2\/tags?post=624484"}],"curies":[{"name":"wp","href":"https:\/\/api.w.org\/{rel}","templated":true}]}}