{"id":624491,"date":"2025-12-27T03:23:19","date_gmt":"2025-12-27T03:23:19","guid":{"rendered":"https:\/\/www.europesays.com\/fr\/624491\/"},"modified":"2025-12-27T03:23:19","modified_gmt":"2025-12-27T03:23:19","slug":"une-experience-inedite-revele-un-lien-direct-avec-le-microbiote","status":"publish","type":"post","link":"https:\/\/www.europesays.com\/fr\/624491\/","title":{"rendered":"une exp\u00e9rience in\u00e9dite r\u00e9v\u00e8le un lien direct avec le microbiote"},"content":{"rendered":"<p>La maladie d&rsquo;Alzheimer, fl\u00e9au du vieillissement c\u00e9r\u00e9bral, pourrait avoir son origine dans nos intestins. Une \u00e9tude internationale\u00a0a mis en <a href=\"https:\/\/www.futura-sciences.com\/sciences\/definitions\/physique-lumiere-326\/\" target=\"_blank\" rel=\"noopener\">lumi\u00e8re<\/a> le r\u00f4le vital du microbiote intestinal dans le d\u00e9veloppement de cette pathologie neurod\u00e9g\u00e9n\u00e9rative. Cette d\u00e9couverte pourrait bouleverser notre approche de la <a href=\"https:\/\/www.futura-sciences.com\/planete\/definitions\/developpement-durable-prevention-6509\/\" target=\"_blank\" rel=\"noopener\">pr\u00e9vention<\/a> et du traitement d&rsquo;Alzheimer, offrant un nouvel espoir aux patients et \u00e0 leurs proches.<\/p>\n<p>Le microbiote intestinal, un acteur insoup\u00e7onn\u00e9 dans la maladie d&rsquo;Alzheimer<\/p>\n<p>Les chercheurs ont r\u00e9alis\u00e9 une exp\u00e9rience audacieuse : ils ont transplant\u00e9 le <a href=\"https:\/\/www.futura-sciences.com\/sante\/actualites\/biologie-autisme-transfert-microbiote-intestinal-montre-son-efficacite-50780\/\" title=\"Autisme : le transfert de microbiote intestinal montre son efficacit\u00e9\" target=\"_blank\" rel=\"noopener\">microbiote intestinal<\/a>\u00a0de patients atteints d&rsquo;Alzheimer \u00e0 de jeunes rats en bonne sant\u00e9. Le r\u00e9sultat est stup\u00e9fiant : les <a href=\"https:\/\/www.futura-sciences.com\/planete\/definitions\/zoologie-rongeur-2402\/\" target=\"_blank\" rel=\"noopener\">rongeurs<\/a> ont d\u00e9velopp\u00e9 des <a href=\"https:\/\/www.futura-sciences.com\/sante\/actualites\/vie-eclaircissements-troubles-memoire-lies-age-2812\/\" title=\"Des \u00e9claircissements sur les troubles de la m\u00e9moire li\u00e9s \u00e0 l&#039;\u00e2ge\" target=\"_blank\" rel=\"noopener\">troubles de la m\u00e9moire<\/a> similaires \u00e0 ceux observ\u00e9s chez les patients humains.<\/p>\n<p>Cette \u00e9tude a permis d&rsquo;identifier des bact\u00e9ries sp\u00e9cifiques li\u00e9es au <a href=\"https:\/\/www.futura-sciences.com\/sante\/actualites\/alimentation-aliments-ultra-transformes-precipitent-ils-notre-declin-cognitif-102158\/\" title=\"Les aliments ultra-transform\u00e9s pr\u00e9cipitent-ils notre d\u00e9clin cognitif ?\" target=\"_blank\" rel=\"noopener\">d\u00e9clin cognitif<\/a>\u00a0:<\/p>\n<ul dir=\"ltr\">\n<li role=\"presentation\">les bact\u00e9ries du genre Coprococcus, associ\u00e9es au vieillissement en bonne sant\u00e9, \u00e9taient significativement r\u00e9duites chez les patients Alzheimer ;<\/li>\n<li role=\"presentation\">\u00e0 l&rsquo;inverse, les bact\u00e9ries du genre Desulfovibrio \u00e9taient pr\u00e9sentes en plus grande quantit\u00e9, comme observ\u00e9 dans des mod\u00e8les animaux d&rsquo;Alzheimer et de <a href=\"https:\/\/www.futura-sciences.com\/sante\/definitions\/medecine-maladie-parkinson-191\/\" target=\"_blank\" rel=\"noopener\">Parkinson<\/a>.<\/li>\n<\/ul>\n<p>Ces d\u00e9couvertes soulignent l&rsquo;importance du microbiote intestinal comme facteur de risques dans le d\u00e9veloppement de la maladie d&rsquo;Alzheimer. Elles ouvrent la voie \u00e0 de nouvelles approches th\u00e9rapeutiques ciblant l&rsquo;\u00e9quilibre de notre <a href=\"https:\/\/www.futura-sciences.com\/sante\/actualites\/medecine-flore-intestinale-prepare-nos-cellules-immunitaires-combat-52793\/\" title=\"La flore intestinale pr\u00e9pare nos cellules immunitaires au combat\" target=\"_blank\" rel=\"noopener\">flore intestinale<\/a>.<\/p>\n<p class=\"fs-media\">\n<p><img decoding=\"async\" data-imgid=\"full\" src=\"https:\/\/www.europesays.com\/fr\/wp-content\/uploads\/2025\/12\/transfert-microbiote-alzheimer-.png\" width=\"1080\" height=\"720\" alt=\"\" loading=\"lazy\"\/><br \/>\nLa maladie d&rsquo;Alzheimer pourrait trouver\u00a0son origine dans notre microbiome intestinal. \u00a9 koto_feja, iStock<\/p>\n<p>Impact sur la neurogen\u00e8se hippocampique : une cl\u00e9 pour comprendre Alzheimer<\/p>\n<p>L&rsquo;\u00e9tude, publi\u00e9e dans la revue <a href=\"https:\/\/academic.oup.com\/brain\/article\/146\/12\/4916\/7308687?login=false\" title=\"Le microbiote des patients atteints de la maladie d&#039;Alzheimer induit des d\u00e9ficits cognitifs et de la neurogen\u00e8se hippocampique\" target=\"_blank\" rel=\"noopener\">Brain<\/a>, a mis en \u00e9vidence un lien direct entre le microbiote intestinal et la neurogen\u00e8se hippocampique, un processus crucial pour la m\u00e9moire et l&rsquo;humeur. Les rats ayant re\u00e7u le microbiote de patients Alzheimer ont montr\u00e9 une diminution significative de la production de nouveaux <a href=\"https:\/\/www.futura-sciences.com\/sante\/definitions\/cerveau-neurone-209\/\" target=\"_blank\" rel=\"noopener\">neurones<\/a> dans l&rsquo;<a href=\"https:\/\/www.futura-sciences.com\/planete\/definitions\/zoologie-hippocampe-4673\/\" target=\"_blank\" rel=\"noopener\">hippocampe<\/a>, une r\u00e9gion c\u00e9r\u00e9brale particuli\u00e8rement touch\u00e9e par la maladie.<\/p>\n<p>Ce ph\u00e9nom\u00e8ne pourrait expliquer les troubles de la m\u00e9moire observ\u00e9s chez les patients atteints d&rsquo;Alzheimer. La neurobiologiste Yvonne Nolan de l&rsquo;University College Cork explique : \u00ab Les tests de m\u00e9moire que nous avons \u00e9tudi\u00e9s reposent sur la croissance de nouveaux neurones dans l&rsquo;hippocampe. Les animaux ayant re\u00e7u des <a href=\"https:\/\/www.futura-sciences.com\/sante\/actualites\/biologie-bacteries-intestinales-refletent-notre-alimentation-24648\/\" title=\"Les bact\u00e9ries intestinales refl\u00e8tent notre alimentation\" target=\"_blank\" rel=\"noopener\">bact\u00e9ries intestinales<\/a> de personnes atteintes d&rsquo;Alzheimer ont produit moins de nouveaux neurones et pr\u00e9sentaient des troubles de la m\u00e9moire \u00bb.<\/p>\n<p>Cette d\u00e9couverte souligne l&rsquo;importance de la neurogen\u00e8se adulte dans le maintien des <a href=\"https:\/\/www.futura-sciences.com\/sante\/actualites\/vie-incidences-hypertension-fonctions-cognitives-4685\/\" title=\"Incidences de l&#039;hypertension sur les fonctions cognitives\" target=\"_blank\" rel=\"noopener\">fonctions cognitives<\/a> et ouvre de nouvelles pistes pour le d\u00e9veloppement de traitements ciblant ce processus.<\/p>\n<p>Perspectives pour le diagnostic pr\u00e9coce et les interventions th\u00e9rapeutiques<\/p>\n<p>L&rsquo;identification du r\u00f4le du microbiote intestinal dans la <a href=\"https:\/\/www.futura-sciences.com\/sante\/actualites\/medecine-on-sait-enfin-nait-maladie-alzheimer-51227\/\" title=\"On sait enfin o\u00f9 na\u00eet la maladie d\u2019Alzheimer\" target=\"_blank\" rel=\"noopener\">maladie d&rsquo;Alzheimer<\/a>\u00a0offre de nouvelles opportunit\u00e9s pour le <a href=\"https:\/\/www.futura-sciences.com\/sante\/definitions\/medecine-diagnostic-2662\/\" target=\"_blank\" rel=\"noopener\">diagnostic<\/a> pr\u00e9coce et le traitement de cette pathologie. Voici un aper\u00e7u des possibilit\u00e9s futures :<\/p>\n<tr>\n<td>\n<p>Approche<\/p>\n<\/td>\n<td>\n<p>Avantages potentiels<\/p>\n<\/td>\n<\/tr>\n<tr>\n<td>\n<p>Analyse du microbiote intestinal<\/p>\n<\/td>\n<td>\n<p>D\u00e9tection pr\u00e9coce des risques d&rsquo;Alzheimer<\/p>\n<\/td>\n<\/tr>\n<tr>\n<td>\n<p><a href=\"https:\/\/www.futura-sciences.com\/tech\/definitions\/tech-modulation-1254\/\" target=\"_blank\" rel=\"noopener\">Modulation<\/a> du microbiote<\/p>\n<\/td>\n<td>\n<p>Pr\u00e9vention et ralentissement de la progression de la maladie<\/p>\n<\/td>\n<\/tr>\n<tr>\n<td>\n<p><a href=\"https:\/\/www.futura-sciences.com\/sante\/definitions\/medecine-therapie-2856\/\" target=\"_blank\" rel=\"noopener\">Th\u00e9rapies<\/a> ciblant la neurogen\u00e8se<\/p>\n<\/td>\n<td>\n<p>Am\u00e9lioration des fonctions cognitives<\/p>\n<\/td>\n<\/tr>\n<p>La neuroscientifique Sandrine Thuret du King&rsquo;s College de Londres souligne l&rsquo;importance de ces d\u00e9couvertes : \u00ab Cette \u00e9tude collaborative a jet\u00e9 les bases de futures recherches dans ce domaine, et j&rsquo;esp\u00e8re qu&rsquo;elle conduira \u00e0 des avanc\u00e9es potentielles dans les interventions th\u00e9rapeutiques \u00bb.<\/p>\n<p>Ces r\u00e9sultats prometteurs ouvrent la voie \u00e0 une nouvelle \u00e8re dans la compr\u00e9hension et le <a href=\"https:\/\/www.futura-sciences.com\/sante\/actualites\/maladie-alzheimer-traitement-maladie-alzheimer-espoir-pleiotropique-87295\/\" title=\"Traitement de la maladie d&#039;Alzheimer : l\u2019espoir pl\u00e9iotropique ?\" target=\"_blank\" rel=\"noopener\">traitement de la maladie d&rsquo;Alzheimer<\/a>. En ciblant le microbiote intestinal, les chercheurs esp\u00e8rent d\u00e9velopper des interventions pr\u00e9coces et personnalis\u00e9es pour pr\u00e9venir ou ralentir le d\u00e9clin cognitif associ\u00e9 \u00e0 cette forme d\u00e9vastatrice de <a href=\"https:\/\/www.futura-sciences.com\/sante\/definitions\/medecine-demence-3227\/\" target=\"_blank\" rel=\"noopener\">d\u00e9mence<\/a>.<\/p>\n","protected":false},"excerpt":{"rendered":"La maladie d&rsquo;Alzheimer, fl\u00e9au du vieillissement c\u00e9r\u00e9bral, pourrait avoir son origine dans nos intestins. Une \u00e9tude internationale\u00a0a mis&hellip;\n","protected":false},"author":2,"featured_media":624492,"comment_status":"","ping_status":"","sticky":false,"template":"","format":"standard","meta":{"footnotes":""},"categories":[10],"tags":[18205,286,281,54938,1011,27,72,63871,18204,278,70049,7081,14089,27924,66718,71,29416,282],"class_list":{"0":"post-624491","1":"post","2":"type-post","3":"status-publish","4":"format-standard","5":"has-post-thumbnail","7":"category-sante","8":"tag-bacteries","9":"tag-declin-cognitif","10":"tag-demence","11":"tag-flore-intestinale","12":"tag-fr","13":"tag-france","14":"tag-health","15":"tag-hippocampe","16":"tag-intestins","17":"tag-les-tendances","18":"tag-maladie-d039alzheimer","19":"tag-maladie-neurodegenerative","20":"tag-microbiotes","21":"tag-neurone","22":"tag-pathologie-neurodegenerative","23":"tag-sante","24":"tag-troubles-de-la-memoire","25":"tag-vieillissement"},"share_on_mastodon":{"url":"https:\/\/pubeurope.com\/@fr\/115789392611431748","error":""},"_links":{"self":[{"href":"https:\/\/www.europesays.com\/fr\/wp-json\/wp\/v2\/posts\/624491","targetHints":{"allow":["GET"]}}],"collection":[{"href":"https:\/\/www.europesays.com\/fr\/wp-json\/wp\/v2\/posts"}],"about":[{"href":"https:\/\/www.europesays.com\/fr\/wp-json\/wp\/v2\/types\/post"}],"author":[{"embeddable":true,"href":"https:\/\/www.europesays.com\/fr\/wp-json\/wp\/v2\/users\/2"}],"replies":[{"embeddable":true,"href":"https:\/\/www.europesays.com\/fr\/wp-json\/wp\/v2\/comments?post=624491"}],"version-history":[{"count":0,"href":"https:\/\/www.europesays.com\/fr\/wp-json\/wp\/v2\/posts\/624491\/revisions"}],"wp:featuredmedia":[{"embeddable":true,"href":"https:\/\/www.europesays.com\/fr\/wp-json\/wp\/v2\/media\/624492"}],"wp:attachment":[{"href":"https:\/\/www.europesays.com\/fr\/wp-json\/wp\/v2\/media?parent=624491"}],"wp:term":[{"taxonomy":"category","embeddable":true,"href":"https:\/\/www.europesays.com\/fr\/wp-json\/wp\/v2\/categories?post=624491"},{"taxonomy":"post_tag","embeddable":true,"href":"https:\/\/www.europesays.com\/fr\/wp-json\/wp\/v2\/tags?post=624491"}],"curies":[{"name":"wp","href":"https:\/\/api.w.org\/{rel}","templated":true}]}}