{"id":624503,"date":"2025-12-27T03:29:22","date_gmt":"2025-12-27T03:29:22","guid":{"rendered":"https:\/\/www.europesays.com\/fr\/624503\/"},"modified":"2025-12-27T03:29:22","modified_gmt":"2025-12-27T03:29:22","slug":"lyon-les-agriculteurs-en-colere-annoncent-un-blocage-de-la7-ce-qui-est-prevu","status":"publish","type":"post","link":"https:\/\/www.europesays.com\/fr\/624503\/","title":{"rendered":"Lyon. Les agriculteurs en col\u00e8re annoncent un blocage de l&rsquo;A7 : ce qui est pr\u00e9vu"},"content":{"rendered":"<p>                    Par<br \/>\n        <strong><br \/>\n            <a href=\"https:\/\/actu.fr\/auteur\/theo-zuili\" title=\"Consulter tous les articles de Th\u00e9o Zuili\" target=\"_blank\" rel=\"noopener\">Th\u00e9o Zuili<\/a><br \/>\n                    <\/strong><\/p>\n<p>        Publi\u00e9 le<\/p>\n<p>            26 d\u00e9c. 2025 \u00e0 17h50        <\/p>\n<p>La col\u00e8re des agriculteurs ne retombe pas dans le Rh\u00f4ne. Alors que les discussions engag\u00e9es avec le gouvernement autour de<a href=\"https:\/\/actu.fr\/economie\/on-les-aime-nos-betes-avec-la-dermatose-nodulaire-l-inquietude-d-eleveurs-face-a-l-abattage-des-vaches_63579240.html\" target=\"_blank\" rel=\"noopener\"> la dermatose nodulaire contagieuse (DNC)<\/a> et <a href=\"https:\/\/actu.fr\/economie\/mercosur-dermatose-pourquoi-des-milliers-d-agriculteurs-sont-en-route-vers-bruxelles-ce-jeudi_63593013.html\" target=\"_blank\" rel=\"noopener\">de l\u2019accord UE-Mercosur<\/a> peinent \u00e0 apaiser les tensions, les agriculteurs du d\u00e9partement annoncent une nouvelle mobilisation \u00e0 partir du <strong>lundi 5 janvier<\/strong> 2026.<\/p>\n<p>    <a href=\"https:\/\/www.google.com\/maps\/embed?pb=!1m17!1m12!1m3!1d37477.4786425518!2d4.8304516386373235!3d45.72045960400223!2m3!1f0!2f0!3f0!3m2!1i1024!2i768!4f13.1!3m2!1m1!2zNDXCsDQyJzU4LjgiTiA0wrA0OScxMi45IkU!5e0!3m2!1sfr!2sfr!4v1766766910277!5m2!1sfr!2sfr\" title=\"Ouvrie le lien\" target=\"_blank\" rel=\"noopener\">Cliquez ici pour visualiser le contenu<\/a><\/p>\n<p class=\" wall-content\">Comme en 2024, ils pr\u00e9voient un <strong>blocage autoroutier<\/strong> sur la <a href=\"https:\/\/actu.fr\/tag\/autoroute-7-a7\" target=\"_blank\" rel=\"noopener\">M7 (ex-A7)<\/a> \u00e0 hauteur de Pierre-B\u00e9nite, \u00e0 l\u2019entr\u00e9e sud de <a href=\"https:\/\/actu.fr\/auvergne-rhone-alpes\/lyon_69123\" target=\"_blank\" rel=\"noopener\">Lyon<\/a>.<\/p>\n<p>De grosses perturbations attendues<\/p>\n<p class=\" wall-content\">Selon l\u2019appel diffus\u00e9 sur les r\u00e9seaux sociaux, le blocage de la M7 doit d\u00e9buter d\u00e8s le lundi 5 janvier pour une dur\u00e9e ind\u00e9termin\u00e9e. Les organisateurs appellent l\u2019ensemble des agriculteurs \u00e0 rejoindre la mobilisation, avec la pr\u00e9sence annonc\u00e9e de <strong>tracteurs<\/strong> et de bennes.<\/p>\n<p>    <a href=\"https:\/\/www.facebook.com\/plugins\/post.php?href=https%3A%2F%2Fwww.facebook.com%2Fcr.rhone.alpes%2Fposts%2Fpfbid02BG1W9AK5CJkq7CMZcXbkPDx4FueAbVoNrjxjjnTvyhbwYQREeKmq6PXUvHJXHSQrl&amp;show_text=true&amp;width=350\" title=\"Ouvrie le lien\" target=\"_blank\" rel=\"noopener\">Cliquez ici pour visualiser le contenu<\/a><\/p>\n<p class=\" wall-content\">Deux points de rassemblement sont mentionn\u00e9s. Un premier d\u00e9part est pr\u00e9vu \u00e0 5h du matin au rond-point du Pont Rompu, \u00e0 Mornant. Un second rassemblement est annonc\u00e9 \u00e0 6h30 au niveau de Sept-Chemins, \u00e0 l\u2019entr\u00e9e de l\u2019A450 \u00e0 Brignais. Des perturbations sont attendues sur les axes concern\u00e9s.<\/p>\n<p>Votre r\u00e9gion, votre actu !<\/p>\n<p>Recevez chaque jour les infos qui comptent pour vous.<\/p>\n<p>\t<a href=\"https:\/\/actu.fr\/newsletter\" class=\"ac-btn ac-btn--corner ac-btn--medium ac-btn--blue800\" target=\"_blank\" rel=\"noopener\">S&rsquo;incrire<\/a><br \/>\nUne col\u00e8re et des revendications<\/p>\n<p class=\" wall-content\">Une mani\u00e8re pour le syndicat Coordination rurale 69 de d\u00e9noncer la strat\u00e9gie sanitaire de l\u2019\u00c9tat face \u00e0 la DNC, fond\u00e9e sur l\u2019abattage total des cheptels d\u00e8s la d\u00e9tection d\u2019un cas, et les cons\u00e9quences \u00e9conomiques de l\u2019accord de libre-\u00e9change de l\u2019Union europ\u00e9enne avec le Mercosur (March\u00e9 commun du Sud).<\/p>\n<p class=\" wall-content\">Une <a href=\"https:\/\/actu.fr\/auvergne-rhone-alpes\/lyon_69123\/direct-dermatose-les-agriculteurs-en-colere-arrives-a-lyon-deja-un-premier-secteur-bloque_63594541.html\" target=\"_blank\" rel=\"noopener\">premi\u00e8re mobilisation \u00e0 Lyon avait d\u00e9j\u00e0 eu lieu<\/a> le jeudi 18 d\u00e9cembre 2025, avec plusieurs centaines d\u2019agriculteurs mobilis\u00e9s et une vingtaine de tracteurs dans les rues de la ville.<\/p>\n<p class=\" wall-content\">Les agriculteurs d\u00e9noncent \u00e9galement la hausse des prix des mati\u00e8res premi\u00e8res et r\u00e9clament l\u2019ouverture d\u2019un moratoire sur les produits phytosanitaires (pesticides, herbicides, fongicides) avec un gel temporaire des interdictions.<\/p>\n<p class=\" wall-content\">Personnalisez votre actualit\u00e9 en ajoutant vos villes et m\u00e9dias en favori avec <a href=\"https:\/\/moncompte.actu.fr\" title=\"D\u00e9couvez Mon Actu\" rel=\"nofollow noopener\" data-trk=\"{&quot;cta&quot;:{&quot;action&quot;:&quot;https:\\\/\\\/moncompte.actu.fr&quot;,&quot;category&quot;:&quot;mon compte&quot;,&quot;from&quot;:&quot;article footer&quot;,&quot;name&quot;:&quot;Mon actu&quot;,&quot;type&quot;:&quot;cta&quot;}}\" target=\"_blank\">Mon Actu<\/a>.<\/p>\n","protected":false},"excerpt":{"rendered":"Par Th\u00e9o Zuili Publi\u00e9 le 26 d\u00e9c. 2025 \u00e0 17h50 La col\u00e8re des agriculteurs ne retombe pas dans&hellip;\n","protected":false},"author":2,"featured_media":624504,"comment_status":"","ping_status":"","sticky":false,"template":"","format":"standard","meta":{"footnotes":""},"categories":[4],"tags":[11,327,6423,1011,27,1272,12,25,104],"class_list":{"0":"post-624503","1":"post","2":"type-post","3":"status-publish","4":"format-standard","5":"has-post-thumbnail","7":"category-france","8":"tag-actualites","9":"tag-agriculture","10":"tag-autoroute-7-a7","11":"tag-fr","12":"tag-france","13":"tag-manifestations","14":"tag-news","15":"tag-republique-francaise","16":"tag-societe"},"share_on_mastodon":{"url":"https:\/\/pubeurope.com\/@fr\/115789415423912596","error":""},"_links":{"self":[{"href":"https:\/\/www.europesays.com\/fr\/wp-json\/wp\/v2\/posts\/624503","targetHints":{"allow":["GET"]}}],"collection":[{"href":"https:\/\/www.europesays.com\/fr\/wp-json\/wp\/v2\/posts"}],"about":[{"href":"https:\/\/www.europesays.com\/fr\/wp-json\/wp\/v2\/types\/post"}],"author":[{"embeddable":true,"href":"https:\/\/www.europesays.com\/fr\/wp-json\/wp\/v2\/users\/2"}],"replies":[{"embeddable":true,"href":"https:\/\/www.europesays.com\/fr\/wp-json\/wp\/v2\/comments?post=624503"}],"version-history":[{"count":0,"href":"https:\/\/www.europesays.com\/fr\/wp-json\/wp\/v2\/posts\/624503\/revisions"}],"wp:featuredmedia":[{"embeddable":true,"href":"https:\/\/www.europesays.com\/fr\/wp-json\/wp\/v2\/media\/624504"}],"wp:attachment":[{"href":"https:\/\/www.europesays.com\/fr\/wp-json\/wp\/v2\/media?parent=624503"}],"wp:term":[{"taxonomy":"category","embeddable":true,"href":"https:\/\/www.europesays.com\/fr\/wp-json\/wp\/v2\/categories?post=624503"},{"taxonomy":"post_tag","embeddable":true,"href":"https:\/\/www.europesays.com\/fr\/wp-json\/wp\/v2\/tags?post=624503"}],"curies":[{"name":"wp","href":"https:\/\/api.w.org\/{rel}","templated":true}]}}