{"id":624511,"date":"2025-12-27T03:41:10","date_gmt":"2025-12-27T03:41:10","guid":{"rendered":"https:\/\/www.europesays.com\/fr\/624511\/"},"modified":"2025-12-27T03:41:10","modified_gmt":"2025-12-27T03:41:10","slug":"lubb-eteint-toulon","status":"publish","type":"post","link":"https:\/\/www.europesays.com\/fr\/624511\/","title":{"rendered":"L&rsquo;UBB \u00e9teint Toulon"},"content":{"rendered":"<p><strong>Face \u00e0 une \u00e9quipe de Toulon qui a<br \/>\ntrop souvent jou\u00e9 \u00e0 l\u2019envers, Bordeaux-B\u00e8gles signe une victoire<br \/>\nbonifi\u00e9e (46-7) \u00e0 l\u2019occasion du match de cl\u00f4ture de la 12eme<br \/>\njourn\u00e9e du Top 14. Les Girondins en profitent pour prendre la<br \/>\ntroisi\u00e8me place du classement aux Varois.<\/strong><\/p>\n<p>Bordeaux-B\u00e8gles repart de l\u2019avant. Battus par Pau puis \u00e0<br \/>\nMontpellier avant la fen\u00eatre continentale, les joueurs de Yannick<br \/>\nBru devaient se reprendre lors de la r\u00e9ception de Toulon mais<br \/>\nsurtout reprendre confiance. Pour cela, les Girondins ont align\u00e9<br \/>\nd\u2019entr\u00e9e leur meilleure \u00e9quipe et il ne fallait pas \u00eatre en retard<br \/>\nau Stade Chaban-Delmas. En effet, Louis Bielle-Biarrey n\u2019a eu<br \/>\nbesoin que de 90 secondes pour aller aplatir le premier essai de la<br \/>\nrencontre. Sur une passe au pied rasante distill\u00e9e par Matthieu<br \/>\nJalibert, l\u2019ailier de l\u2019UBB a fait parler sa pointe de vitesse pour<br \/>\ncapter le ballon et aller aplatir en coin. Pris \u00e0 froid, les<br \/>\nToulonnais ont tout de suite essay\u00e9 de r\u00e9agir. Apr\u00e8s une perc\u00e9e de<br \/>\nJuan Ignacio Brex cons\u00e9cutive \u00e0 une touche \u00e0 cinq m\u00e8tres, Dany<br \/>\nPriso a essay\u00e9 de forcer le passage mais il n\u2019a pas pu aplatir.<\/p>\n<p>Un manque de r\u00e9ussite qui a \u00e9t\u00e9 le fil rouge de la performance<br \/>\ndu RCT lors de cette affiche de cl\u00f4ture de la 12eme journ\u00e9e du Top<br \/>\n14. Profitant d\u2019une faute de Setariki Tuicuvu, Maxime Lucu a fait<br \/>\nparler la pr\u00e9cision de son pied pour ajouter trois points sur<br \/>\np\u00e9nalit\u00e9 avec l\u2019UBB qui \u00e9tait alors \u00e0 plus d\u2019un point par minute.<br \/>\nEn grande forme, Matthieu Jalibert a tout tent\u00e9 pour se jouer de la<br \/>\nd\u00e9fense varoise mais les deux \u00e9quipes ont su se neutraliser. C\u2019est<br \/>\nainsi au milieu du premier acte que le score a boug\u00e9 de nouveau,<br \/>\nMaxime Lucu passant une deuxi\u00e8me p\u00e9nalit\u00e9 pour donner treize points<br \/>\nd\u2019avance aux siens. Un \u00e9cart qui est reparti \u00e0 la hausse \u00e0 un quart<br \/>\nd\u2019heure de la pause gr\u00e2ce \u00e0 Romain Buros.<\/p>\n<p>Toulon aux abonn\u00e9s<br \/>\nabsents<\/p>\n<p>D\u00e9cal\u00e9 par un Damian Penaud qui a donn\u00e9 le tournis \u00e0 la d\u00e9fense<br \/>\ndu RCT, l\u2019arri\u00e8re de l\u2019UBB s\u2019est montr\u00e9 plus rapide que Ga\u00ebl Dr\u00e9an<br \/>\npour aller \u00e0 dame. Le bonus offensif a \u00e9t\u00e9 en vue \u00e0 peine six<br \/>\nminutes plus tard. Cette fois, c\u2019est Maxime Lucu qui a trouv\u00e9 \u00ab LBB<br \/>\n\u00bb d\u2019une passe au pied pr\u00e9cise. Toutefois, l\u2019ailier girondin s\u2019est<br \/>\nmontr\u00e9 altruiste car, apr\u00e8s avoir pass\u00e9 le rideau d\u00e9fensif<br \/>\ntoulonnais, il a servi sur un plateau Nicolas Depoortere. Ce<br \/>\ndernier n\u2019a pas demand\u00e9 son reste pour aplatir au pied des perches.<br \/>\nLa fin du premier acte a vu Toulon perdre Swan Rebbadj sur<br \/>\nblessure, remplac\u00e9 par Corentin M\u00e9zou. Men\u00e9 de 27 points \u00e0 la<br \/>\nmi-temps, le RCT a abord\u00e9 le deuxi\u00e8me acte avec l\u2019envie de mieux<br \/>\nfaire apr\u00e8s 40 premi\u00e8res minutes tr\u00e8s compliqu\u00e9es. Sauf que m\u00eame un<br \/>\npeu endormis, les joueurs de l\u2019UBB se sont montr\u00e9s solides.<\/p>\n<p>Une reprise qui a vu Dany Priso sortir sur protocole commotion<br \/>\nmais sans \u00eatre autoris\u00e9 \u00e0 reprendre le jeu. Ce qui va compliquer un<br \/>\npeu plus la vie de Pierre Mignoni dans les semaines \u00e0 venir avec un<br \/>\nposte de pilier gauche d\u00e9muni. Un sursaut que les Toulonnais ont<br \/>\ncru mat\u00e9rialiser au score un quart d\u2019heure apr\u00e8s la reprise. Sur<br \/>\nune action confuse, qui a vu la d\u00e9fense de l\u2019UBB s\u2019arr\u00eater de<br \/>\njouer, Jules Coulon est all\u00e9 aplatir entre les poteaux. Toutefois,<br \/>\nun en-avant d\u00e9cel\u00e9 par la vid\u00e9o a provoqu\u00e9 l\u2019annulation de cet<br \/>\nessai. Mais ce n\u2019\u00e9tait que partie remise. En effet, alors que Boris<br \/>\nPalu a \u00e9cop\u00e9 d\u2019un carton jaune cons\u00e9cutif \u00e0 la recrudescence de<br \/>\nfautes de son \u00e9quipe, Brian Alainu\u2019uese est all\u00e9 \u00e0 dame.<\/p>\n<p>Bordeaux-B\u00e8gles a su se<br \/>\nr\u00e9veiller<\/p>\n<p>Le deuxi\u00e8me-ligne a conclu victorieusement un ballon port\u00e9<br \/>\nrondement men\u00e9, sortant du bonus offensif l\u2019UBB par la m\u00eame<br \/>\noccasion. Un essai encaiss\u00e9 qui a r\u00e9veill\u00e9 les joueurs de Yannick<br \/>\nBru. En effet, dans la foul\u00e9e, Cameron Woki a amen\u00e9 le ballon dans<br \/>\nl\u2019en-but mais aucune image n\u2019a permis de voir s\u2019il avait bien<br \/>\naplati. Mais le dernier quart d\u2019heure a \u00e9t\u00e9 \u00e0 sens unique en faveur<br \/>\ndu tenant du titre de la Champions Cup. Apr\u00e8s une action initi\u00e9e<br \/>\npar une perc\u00e9e lumineuse de Maxime Lucu, le RCT a \u00e9t\u00e9 p\u00e9nalis\u00e9 \u00e0<br \/>\ncinq m\u00e8tres de sa ligne. Matthieu Jalibert a acc\u00e9l\u00e9r\u00e9 le tempo en<br \/>\njouant vite cette p\u00e9nalit\u00e9 pour aller plonger dans l\u2019en-but<br \/>\ntoulonnais. Ugo Boniface a consolid\u00e9 le bonus offensif en force. Le<br \/>\npilier a bien suivi le mouvement sur un ballon port\u00e9 pour inscrire<br \/>\nle cinqui\u00e8me essai des siens.<\/p>\n<p>Jouant malgr\u00e9 tout jusqu\u2019au bout, les joueurs de Toulon se sont<br \/>\nheurt\u00e9s \u00e0 un mur et ont d\u00e9montr\u00e9 une certaine maladresse comme avec<br \/>\nGa\u00ebl Dr\u00e9an qui a laiss\u00e9 \u00e9chapper le ballon alors que la porte \u00e9tait<br \/>\ngrande ouverte. Ils ont alors craqu\u00e9 une derni\u00e8re fois au-del\u00e0 de<br \/>\nla sir\u00e8ne. Avec Romain Buros \u00e0 la man\u0153uvre, Salesi Rayasi s\u2019est<br \/>\nexcentr\u00e9 vers l\u2019aile gauche avant de plonger dans l\u2019en-but pour<br \/>\nconclure la f\u00eate en beaut\u00e9. Maxime Lucu a alors sign\u00e9 son seul<br \/>\n\u00e9chec au pied mais l\u2019essentiel \u00e9tait ailleurs. Bordeaux-B\u00e8gles<br \/>\nrenoue avec la victoire en Top 14 (46-7) et profite des cinq points<br \/>\nengrang\u00e9s pour passer devant Toulon au classement, s\u2019emparant par<br \/>\nla m\u00eame occasion de la troisi\u00e8me place. Comme face au Stade<br \/>\nFran\u00e7ais et \u00e0 Toulouse, le RCT encaisse plus de 40 points \u00e0<br \/>\nl\u2019ext\u00e9rieur et recule dans la hi\u00e9rarchie.<\/p>\n","protected":false},"excerpt":{"rendered":"Face \u00e0 une \u00e9quipe de Toulon qui a trop souvent jou\u00e9 \u00e0 l\u2019envers, Bordeaux-B\u00e8gles signe une victoire bonifi\u00e9e&hellip;\n","protected":false},"author":2,"featured_media":624512,"comment_status":"","ping_status":"","sticky":false,"template":"","format":"standard","meta":{"footnotes":""},"categories":[9619],"tags":[68308,1111,11,5574,1777,674,1011,27,12,882,25,479,57681,478,2310],"class_list":{"0":"post-624511","1":"post","2":"type-post","3":"status-publish","4":"format-standard","5":"has-post-thumbnail","7":"category-toulon","8":"tag-12eme-journee","9":"tag-actu","10":"tag-actualites","11":"tag-bordeaux-begles","12":"tag-eu","13":"tag-europe","14":"tag-fr","15":"tag-france","16":"tag-news","17":"tag-provence-alpes-cote-dazur","18":"tag-republique-francaise","19":"tag-rugby","20":"tag-sport365-fr","21":"tag-top-14","22":"tag-toulon"},"share_on_mastodon":{"url":"https:\/\/pubeurope.com\/@fr\/115789462423906043","error":""},"_links":{"self":[{"href":"https:\/\/www.europesays.com\/fr\/wp-json\/wp\/v2\/posts\/624511","targetHints":{"allow":["GET"]}}],"collection":[{"href":"https:\/\/www.europesays.com\/fr\/wp-json\/wp\/v2\/posts"}],"about":[{"href":"https:\/\/www.europesays.com\/fr\/wp-json\/wp\/v2\/types\/post"}],"author":[{"embeddable":true,"href":"https:\/\/www.europesays.com\/fr\/wp-json\/wp\/v2\/users\/2"}],"replies":[{"embeddable":true,"href":"https:\/\/www.europesays.com\/fr\/wp-json\/wp\/v2\/comments?post=624511"}],"version-history":[{"count":0,"href":"https:\/\/www.europesays.com\/fr\/wp-json\/wp\/v2\/posts\/624511\/revisions"}],"wp:featuredmedia":[{"embeddable":true,"href":"https:\/\/www.europesays.com\/fr\/wp-json\/wp\/v2\/media\/624512"}],"wp:attachment":[{"href":"https:\/\/www.europesays.com\/fr\/wp-json\/wp\/v2\/media?parent=624511"}],"wp:term":[{"taxonomy":"category","embeddable":true,"href":"https:\/\/www.europesays.com\/fr\/wp-json\/wp\/v2\/categories?post=624511"},{"taxonomy":"post_tag","embeddable":true,"href":"https:\/\/www.europesays.com\/fr\/wp-json\/wp\/v2\/tags?post=624511"}],"curies":[{"name":"wp","href":"https:\/\/api.w.org\/{rel}","templated":true}]}}