{"id":624524,"date":"2025-12-27T03:54:15","date_gmt":"2025-12-27T03:54:15","guid":{"rendered":"https:\/\/www.europesays.com\/fr\/624524\/"},"modified":"2025-12-27T03:54:15","modified_gmt":"2025-12-27T03:54:15","slug":"ariane-brodier-a-nice-2026","status":"publish","type":"post","link":"https:\/\/www.europesays.com\/fr\/624524\/","title":{"rendered":"Ariane Brodier \u00e0 Nice 2026"},"content":{"rendered":"<p class=\"intro\">Ariane Brodier investit la sc\u00e8ne du Th\u00e9\u00e2tre Forum Jorge Fran\u00e7ois \u00e0 Nice avec son nouveau spectacle\u00a0\u00ab\u00a0Bonne\u00a0\u00bb, un one-woman show percutant mis en sc\u00e8ne par Kevin Levy. L&rsquo;humoriste y d\u00e9construit avec finesse les \u00e9tiquettes sociales coll\u00e9es aux femmes dans une repr\u00e9sentation programm\u00e9e le samedi 4 avril 2026 \u00e0 19h30. Entre autod\u00e9rision et franchise, ce spectacle lib\u00e9rateur promet une soir\u00e9e m\u00e9morable dans ce lieu embl\u00e9matique de la culture ni\u00e7oise. Les billets sont disponibles \u00e0 partir de 27\u00a0\u20ac.<\/p>\n<p>Nice accueille le nouveau one-woman show d&rsquo;Ariane Brodier au Forum Jorge Fran\u00e7ois<\/p>\n<p>Sept ans apr\u00e8s\u00a0\u00ab\u00a0Mytho\u00a0\u00bb, son spectacle sur la mythologie grecque, l&rsquo;humoriste revient avec\u00a0\u00ab\u00a0Bonne\u00a0\u00bb, un show plus personnel o\u00f9 elle d\u00e9monte les st\u00e9r\u00e9otypes f\u00e9minins. Dans cette repr\u00e9sentation pr\u00e9vue dans la m\u00e9tropole de la C\u00f4te d&rsquo;Azur, Ariane Brodier interroge avec humour les \u00e9tiquettes de <strong>\u00ab\u00a0bonne m\u00e8re\u00a0\u00bb<\/strong>, <strong>\u00ab\u00a0bonne copine\u00a0\u00bb<\/strong> ou <strong>\u00ab\u00a0bonne \u00e0 tout faire\u00a0\u00bb<\/strong> que la soci\u00e9t\u00e9 impose aux femmes.<\/p>\n<p><img decoding=\"async\" loading=\"lazy\" src=\"https:\/\/www.europesays.com\/fr\/wp-content\/uploads\/2025\/12\/ariane-brodier-tickets_468194_3751782_222x222.jpg\" alt=\"Ariane Brodier - Bonne\" class=\"border\"\/><\/p>\n<p>Ce spectacle <strong>cash, dr\u00f4le et touchant<\/strong> invite \u00e0 questionner ces injonctions sociales pour simplement \u00eatre soi. L&rsquo;artiste partage ses contradictions et ses exp\u00e9riences avec son style caract\u00e9ristique m\u00ealant tendresse et autod\u00e9rision. La r\u00e9gion Provence-Alpes-C\u00f4te-d&rsquo;Azur d\u00e9couvrira ainsi ce nouveau chapitre artistique de l&rsquo;ancienne animatrice de Fort Boyard. Pour d\u00e9couvrir l&rsquo;ensemble de la programmation culturelle, consultez les <a href=\"https:\/\/www.jds.fr\/nice\/agenda\/sorties-culturelles-spectacles-expositions-cinema-470_B\" target=\"_blank\" rel=\"noopener\">spectacles et expositions \u00e0 Nice<\/a>.<\/p>\n<p>Billetterie pour le spectacle d&rsquo;Ariane Brodier au Th\u00e9\u00e2tre Forum Jorge Fran\u00e7ois<\/p>\n<p><a class=\"btn btn-lg shadow-lg btn-primary rounded-pill fnac_link\" data-fnac=\"in_article\" href=\"https:\/\/www.awin1.com\/pclick.php?p=43547599790&amp;a=634278&amp;m=12494&amp;clickref=in_article-A-desktop\" target=\"_blank\" rel=\"nofollow noopener\"> Acheter des billets<\/a><\/p>\n<p>Les places pour cette repr\u00e9sentation unique au Th\u00e9\u00e2tre Forum Jorge Fran\u00e7ois sont propos\u00e9es \u00e0 partir de <strong>27\u00a0\u20ac<\/strong>. Face \u00e0 la popularit\u00e9 grandissante de l&rsquo;humoriste et \u00e0 la qualit\u00e9 reconnue de ses spectacles, il est conseill\u00e9 de r\u00e9server rapidement ses billets pour ne pas manquer cette soir\u00e9e exceptionnelle. L&rsquo;achat peut s&rsquo;effectuer d\u00e8s maintenant pour garantir sa place dans cette salle intimiste du centre de Nice.<\/p>\n<p>Pour suivre l&rsquo;actualit\u00e9 compl\u00e8te de l&rsquo;artiste, d\u00e9couvrez tous les <a href=\"https:\/\/www.jds.fr\/artistes\/ariane-brodier-27018_N\" target=\"_blank\" rel=\"noopener\">spectacles d&rsquo;Ariane Brodier<\/a> programm\u00e9s en France.<\/p>\n<p>Le parcours artistique d&rsquo;Ariane Brodier<\/p>\n<p>N\u00e9e \u00e0 Lagny-sur-Marne en 1979, Ariane Brodier a d\u00e9but\u00e9 sa carri\u00e8re comme animatrice t\u00e9l\u00e9 avant de se tourner vers l&rsquo;humour. Form\u00e9e au stage Pygmalion et \u00e0 l&rsquo;\u00c9cole de Th\u00e9\u00e2tre Blanche Salant, elle s&rsquo;est fait conna\u00eetre du grand public gr\u00e2ce \u00e0 ses participations dans <strong>\u00ab\u00a0Fort Boyard\u00a0\u00bb<\/strong>, la s\u00e9rie <strong>\u00ab\u00a0Camping Paradis\u00a0\u00bb<\/strong> et le film <strong>\u00ab\u00a0Bis\u00a0\u00bb<\/strong>.<\/p>\n<p>Son style humoristique se caract\u00e9rise par une <strong>autod\u00e9rision assum\u00e9e<\/strong> et une satire fine des st\u00e9r\u00e9otypes sociaux. Apr\u00e8s le succ\u00e8s de\u00a0\u00ab\u00a0Mytho\u00a0\u00bb, spectacle consacr\u00e9 \u00e0 la mythologie grecque mis en sc\u00e8ne par Jarry, elle confirme son talent avec\u00a0\u00ab\u00a0Bonne\u00a0\u00bb, t\u00e9moignant de sa capacit\u00e9 \u00e0 renouveler son approche artistique. Elle se produit \u00e9galement dans d&rsquo;autres villes, comme lors de <a href=\"https:\/\/www.jds.fr\/clermont-ferrand\/spectacles\/humour\/ariane-brodier-bonne-1275680_A\" target=\"_blank\" rel=\"noopener\">son passage \u00e0 Clermont-Ferrand avec\u00a0\u00ab\u00a0Bonne\u00a0\u00bb<\/a>.<\/p>\n<p>Comment aller au Th\u00e9\u00e2tre Forum Jorge Fran\u00e7ois \u00e0 Nice\u00a0?<\/p>\n<p>Pour rejoindre le th\u00e9\u00e2tre en voiture, empruntez la <strong>sortie Nice Centre ou Nice Nord<\/strong> depuis l&rsquo;autoroute A8, puis dirigez-vous vers le centre-ville. Le trajet dure environ 10 \u00e0 15 minutes depuis la rocade. Le stationnement s&rsquo;effectue en voirie dans les <strong>zones bleues payantes<\/strong> du quartier ou dans les parkings publics du centre de Nice. Le <a href=\"https:\/\/www.jds.fr\/nice\/theatres-programmes\/theatre-forum-jorge-francois-20416_L\" target=\"_blank\" rel=\"noopener\">Th\u00e9\u00e2tre Forum Jorge Fran\u00e7ois<\/a> ne dispose pas de parking priv\u00e9, mais sa situation centrale facilite l&rsquo;acc\u00e8s \u00e0 pied depuis les zones de stationnement.<\/p>\n<p>Les transports en commun constituent une excellente alternative gr\u00e2ce au <strong>r\u00e9seau Lignes d&rsquo;Azur<\/strong>. Le th\u00e9\u00e2tre est accessible en bus et tramway avec de nombreuses correspondances depuis tous les quartiers de Nice et des communes environnantes des Alpes-Maritimes. L&rsquo;\u00e9tablissement est \u00e9galement <strong>accessible en fauteuil roulant en autonomie<\/strong>, et le r\u00e9seau de transport public est \u00e9quip\u00e9 de v\u00e9hicules adapt\u00e9s aux personnes \u00e0 mobilit\u00e9 r\u00e9duite.<\/p>\n<p class=\"mise_en_avant\">Notre conseil\u00a0: privil\u00e9giez les transports en commun pour \u00e9viter les contraintes de stationnement dans le centre de Nice.<\/p>\n<p>Apr\u00e8s le spectacle d&rsquo;Ariane Brodier, ne manquez pas <a href=\"https:\/\/www.jds.fr\/nice\/spectacles\/jay-kynesios-dans-perception-hypnose-et-mentalisme-1304950_A\" target=\"_blank\" rel=\"noopener\">Jay Kynesios dans\u00a0\u00ab\u00a0Perception\u00a0: Hypnose et Mentalisme\u00a0\u00bb au Th\u00e9\u00e2tre Forum Jorge Fran\u00e7ois<\/a>, un autre rendez-vous artistique captivant programm\u00e9 dans ce lieu embl\u00e9matique de la sc\u00e8ne culturelle ni\u00e7oise.<\/p>\n","protected":false},"excerpt":{"rendered":"Ariane Brodier investit la sc\u00e8ne du Th\u00e9\u00e2tre Forum Jorge Fran\u00e7ois \u00e0 Nice avec son nouveau spectacle\u00a0\u00ab\u00a0Bonne\u00a0\u00bb, un one-woman&hellip;\n","protected":false},"author":2,"featured_media":624525,"comment_status":"","ping_status":"","sticky":false,"template":"","format":"standard","meta":{"footnotes":""},"categories":[2819],"tags":[1111,11,1777,674,1011,27,12,2401,882,25],"class_list":{"0":"post-624524","1":"post","2":"type-post","3":"status-publish","4":"format-standard","5":"has-post-thumbnail","7":"category-nice","8":"tag-actu","9":"tag-actualites","10":"tag-eu","11":"tag-europe","12":"tag-fr","13":"tag-france","14":"tag-news","15":"tag-nice","16":"tag-provence-alpes-cote-dazur","17":"tag-republique-francaise"},"share_on_mastodon":{"url":"https:\/\/pubeurope.com\/@fr\/115789514063397200","error":""},"_links":{"self":[{"href":"https:\/\/www.europesays.com\/fr\/wp-json\/wp\/v2\/posts\/624524","targetHints":{"allow":["GET"]}}],"collection":[{"href":"https:\/\/www.europesays.com\/fr\/wp-json\/wp\/v2\/posts"}],"about":[{"href":"https:\/\/www.europesays.com\/fr\/wp-json\/wp\/v2\/types\/post"}],"author":[{"embeddable":true,"href":"https:\/\/www.europesays.com\/fr\/wp-json\/wp\/v2\/users\/2"}],"replies":[{"embeddable":true,"href":"https:\/\/www.europesays.com\/fr\/wp-json\/wp\/v2\/comments?post=624524"}],"version-history":[{"count":0,"href":"https:\/\/www.europesays.com\/fr\/wp-json\/wp\/v2\/posts\/624524\/revisions"}],"wp:featuredmedia":[{"embeddable":true,"href":"https:\/\/www.europesays.com\/fr\/wp-json\/wp\/v2\/media\/624525"}],"wp:attachment":[{"href":"https:\/\/www.europesays.com\/fr\/wp-json\/wp\/v2\/media?parent=624524"}],"wp:term":[{"taxonomy":"category","embeddable":true,"href":"https:\/\/www.europesays.com\/fr\/wp-json\/wp\/v2\/categories?post=624524"},{"taxonomy":"post_tag","embeddable":true,"href":"https:\/\/www.europesays.com\/fr\/wp-json\/wp\/v2\/tags?post=624524"}],"curies":[{"name":"wp","href":"https:\/\/api.w.org\/{rel}","templated":true}]}}