{"id":624530,"date":"2025-12-27T03:58:22","date_gmt":"2025-12-27T03:58:22","guid":{"rendered":"https:\/\/www.europesays.com\/fr\/624530\/"},"modified":"2025-12-27T03:58:22","modified_gmt":"2025-12-27T03:58:22","slug":"bordeaux-un-jeune-homme-tue-par-balle-dans-une-fusillade-le-soir-de-noel-trois-suspects-interpelles","status":"publish","type":"post","link":"https:\/\/www.europesays.com\/fr\/624530\/","title":{"rendered":"Bordeaux\u00a0: un jeune homme tu\u00e9 par balle dans une fusillade le soir de No\u00ebl, trois suspects interpell\u00e9s"},"content":{"rendered":"<p class=\"paragraph text_align_left lp-f-body-02\">Un jeune homme d\u2019une vingtaine d\u2019ann\u00e9es est mort des suites de blessures par balle apr\u00e8s une fusillade dans un quartier populaire de Bordeaux (<a href=\"https:\/\/www.leparisien.fr\/gironde-33\/\" target=\"_self\" rel=\"noopener\">Gironde<\/a>), a-t-on appris ce vendredi 26 d\u00e9cembre aupr\u00e8s du parquet. Trois suspects ont \u00e9t\u00e9 interpell\u00e9s, selon deux sources proches du dossier.<\/p>\n<p class=\"\">La victime, hospitalis\u00e9e jeudi soir avec un pronostic vital engag\u00e9, a succomb\u00e9 \u00e0 ses blessures \u00e0 l\u2019h\u00f4pital, a confirm\u00e9 le parquet dans la matin\u00e9e.<\/p>\n<p class=\"\">N\u00e9e en 2006, elle est originaire de Trappes (Yvelines) a pr\u00e9cis\u00e9 le procureur de la R\u00e9publique de Bordeaux Renaud Gaudeul. Selon lui, le jeune homme \u00ab a \u00e9t\u00e9 l\u2019objet de deux coups de feu ayant finalement entra\u00een\u00e9 son d\u00e9c\u00e8s \u00bb.<\/p>\n<p>Un fusil d\u2019assaut retrouv\u00e9 dans un v\u00e9hicule<\/p>\n<p class=\"\">La victime pr\u00e9sentait deux blessures par balle dans le thorax et une au niveau de la t\u00eate d\u2019apr\u00e8s une source polici\u00e8re qui pr\u00e9cise que trois personnes \u00e9taient \u00e0 bord du v\u00e9hicule d\u2019o\u00f9 sont partis les coups de feu. Selon une autre source proche de l\u2019enqu\u00eate, les faits se sont produits aux alentours de 22h30 jeudi 25 d\u00e9cembre dans le quartier des Aubiers, <a href=\"https:\/\/www.leparisien.fr\/faits-divers\/bordeaux-un-adolescent-de-16-ans-tue-quatre-blesses-dans-une-fusillade-samedi-soir-03-01-2021-8417073.php\" target=\"_self\" rel=\"noopener\">o\u00f9 une fusillade avait d\u00e9j\u00e0 co\u00fbt\u00e9 la vie \u00e0 un adolescent en 2021.<\/a><\/p>\n<p class=\"lp-card-podcast-highlighting__title  lp-f-subtitle-05\">[2\/2] Vengeance et colis pi\u00e9g\u00e9\u00a0: le myst\u00e9rieux attentat de La\u00a0Baule<\/p>\n<p><a class=\"lp-card-podcast-highlighting__call-to-action\" data-page-type=\"HP\" data-block-name=\"podcast-highlight\">\u00c9couter<\/a><\/p>\n<p class=\"\">Les deux suspects, plac\u00e9s en garde \u00e0 vue, sont \u00e9galement \u00e2g\u00e9s d\u2019une vingtaine d\u2019ann\u00e9es, a ajout\u00e9 cette source, restant prudente sur les circonstances de la fusillade : \u00ab C\u2019est beaucoup trop t\u00f4t pour le dire, le contexte reste \u00e0 \u00e9claircir \u00bb. Le maire de Bordeaux, Pierre Hurmic, qui s\u2019est rendu dans le quartier vendredi, a affirm\u00e9 que \u00ab les premi\u00e8res informations communiqu\u00e9es laissent penser qu\u2019il s\u2019agirait d\u2019un r\u00e8glement de compte li\u00e9 au narcotrafic \u00bb.<\/p>\n<p class=\"\">La source polici\u00e8re pr\u00e9cise de son c\u00f4t\u00e9 qu\u2019apr\u00e8s avoir pris la fuite \u00e0 bord d\u2019un v\u00e9hicule, les deux mis en cause l\u2019ont abandonn\u00e9 \u00e0 Bruges, une commune limitrophe. Un fusil d\u2019assaut charg\u00e9 de munitions y a \u00e9t\u00e9 d\u00e9couvert.<\/p>\n<p class=\"\">Les deux hommes \u00e2g\u00e9s de 20 et 24 ans, sont connus des services de police, tout comme la victime, \u00e2g\u00e9e de 19 ans, d\u2019apr\u00e8s la m\u00eame source polici\u00e8re. Un troisi\u00e8me homme a \u00e9t\u00e9 interpell\u00e9 vendredi en fin de matin\u00e9e, et un gilet pare-balles et une cagoule ont notamment \u00e9t\u00e9 retrouv\u00e9s chez lui, pr\u00e9cise une autre source polici\u00e8re.<\/p>\n<p>Une fusillade dans le m\u00eame quartier en 2021<\/p>\n<p class=\"\">L\u2019enqu\u00eate a \u00e9t\u00e9 confi\u00e9e \u00e0 la Direction de la criminalit\u00e9 organis\u00e9e et sp\u00e9cialis\u00e9e (DCOS) du Service interd\u00e9partemental de police judiciaire de Bordeaux.<\/p>\n<p class=\"\">Le proc\u00e8s de la fusillade de janvier 2021 <a href=\"https:\/\/www.leparisien.fr\/faits-divers\/je-navais-jamais-vu-ca-dans-une-salle-daudience-une-rixe-au-tribunal-de-bordeaux-sur-fond-de-rivalites-entre-quartiers-13-05-2025-GELW75L5MZDOPNTQILECSHTKNI.php\" target=\"_self\" rel=\"noopener\">s\u2019est tenu en mai dernier devant les assises de la Gironde<\/a> : les deux principaux accus\u00e9s de ce meurtre commis sur fond de rivalit\u00e9 entre quartiers<a href=\"https:\/\/www.leparisien.fr\/faits-divers\/rixe-mortelle-a-bordeaux-les-principaux-accuses-du-meurtre-de-lionel-16-ans-condamnes-a-30-ans-de-reclusion-23-05-2025-A4L3INPA4VCHJM56XKJ4Y5ARO4.php\" target=\"_self\" rel=\"noopener\"> ont \u00e9t\u00e9 condamn\u00e9s \u00e0 30 ans de r\u00e9clusion criminelle.<\/a><\/p>\n<p class=\"\">Selon une source proche de l\u2019enqu\u00eate, ce genre de fusillade est n\u00e9anmoins assez \u00ab rare \u00bb \u00e0 Bordeaux : \u00ab On a r\u00e9guli\u00e8rement des tirs d\u2019arme \u00e0 feu. Mais (l\u2019homicide par arme \u00e0 feu) n\u2019est pas un proc\u00e9d\u00e9 qui est, fort heureusement, d\u00e9plor\u00e9 de mani\u00e8re ancr\u00e9e sur Bordeaux \u00bb.<\/p>\n","protected":false},"excerpt":{"rendered":"Un jeune homme d\u2019une vingtaine d\u2019ann\u00e9es est mort des suites de blessures par balle apr\u00e8s une fusillade dans&hellip;\n","protected":false},"author":2,"featured_media":594451,"comment_status":"","ping_status":"","sticky":false,"template":"","format":"standard","meta":{"footnotes":""},"categories":[2817],"tags":[1111,11,1997,459,1777,674,118,1011,27,12,2219,25],"class_list":{"0":"post-624530","1":"post","2":"type-post","3":"status-publish","4":"format-standard","5":"has-post-thumbnail","7":"category-bordeaux","8":"tag-actu","9":"tag-actualites","10":"tag-bordeaux","11":"tag-departements-horsidfo","12":"tag-eu","13":"tag-europe","14":"tag-faits-divers","15":"tag-fr","16":"tag-france","17":"tag-news","18":"tag-nouvelle-aquitaine","19":"tag-republique-francaise"},"share_on_mastodon":{"url":"https:\/\/pubeurope.com\/@fr\/115789529385831167","error":""},"_links":{"self":[{"href":"https:\/\/www.europesays.com\/fr\/wp-json\/wp\/v2\/posts\/624530","targetHints":{"allow":["GET"]}}],"collection":[{"href":"https:\/\/www.europesays.com\/fr\/wp-json\/wp\/v2\/posts"}],"about":[{"href":"https:\/\/www.europesays.com\/fr\/wp-json\/wp\/v2\/types\/post"}],"author":[{"embeddable":true,"href":"https:\/\/www.europesays.com\/fr\/wp-json\/wp\/v2\/users\/2"}],"replies":[{"embeddable":true,"href":"https:\/\/www.europesays.com\/fr\/wp-json\/wp\/v2\/comments?post=624530"}],"version-history":[{"count":0,"href":"https:\/\/www.europesays.com\/fr\/wp-json\/wp\/v2\/posts\/624530\/revisions"}],"wp:featuredmedia":[{"embeddable":true,"href":"https:\/\/www.europesays.com\/fr\/wp-json\/wp\/v2\/media\/594451"}],"wp:attachment":[{"href":"https:\/\/www.europesays.com\/fr\/wp-json\/wp\/v2\/media?parent=624530"}],"wp:term":[{"taxonomy":"category","embeddable":true,"href":"https:\/\/www.europesays.com\/fr\/wp-json\/wp\/v2\/categories?post=624530"},{"taxonomy":"post_tag","embeddable":true,"href":"https:\/\/www.europesays.com\/fr\/wp-json\/wp\/v2\/tags?post=624530"}],"curies":[{"name":"wp","href":"https:\/\/api.w.org\/{rel}","templated":true}]}}