{"id":624531,"date":"2025-12-27T03:59:26","date_gmt":"2025-12-27T03:59:26","guid":{"rendered":"https:\/\/www.europesays.com\/fr\/624531\/"},"modified":"2025-12-27T03:59:26","modified_gmt":"2025-12-27T03:59:26","slug":"colere-sociale-les-taxis-vont-ils-rejoindre-le-mouvement-des-agriculteurs-et-peut-etre-bloquer-toulouse","status":"publish","type":"post","link":"https:\/\/www.europesays.com\/fr\/624531\/","title":{"rendered":"Col\u00e8re sociale. Les Taxis vont-ils rejoindre le mouvement des agriculteurs et, peut-\u00eatre, bloquer Toulouse?"},"content":{"rendered":"<p>                    Par<br \/>\n        <strong><br \/>\n            <a href=\"https:\/\/actu.fr\/auteur\/david-saint-sernin\" title=\"Consulter tous les articles de David Saint-Sernin\" target=\"_blank\" rel=\"noopener\">David Saint-Sernin<\/a><br \/>\n                    <\/strong><\/p>\n<p>        Publi\u00e9 le<\/p>\n<p>            26 d\u00e9c. 2025 \u00e0 11h51        <\/p>\n<p><a href=\"https:\/\/actu.fr\/occitanie\/toulouse_31555\/aeroport-de-toulouse-bloque-peripherique-a-l-arret-la-greve-des-taxis-va-se-durcir_60618108.html\" target=\"_blank\" rel=\"noopener\">Les taxis de Toulouse et, plus largement, de Haute-Garonne,<\/a> vont-ils se greffer au mouvement des agriculteurs \u00e0 la rentr\u00e9e de janvier\u2009? Ces derniers jours, du c\u00f4t\u00e9 du<strong> blocage de l\u2019A64 \u00e0 Carbonne<\/strong>,<a href=\"https:\/\/actu.fr\/occitanie\/toulouse_31555\/video-on-va-passer-le-reveillon-de-noel-sur-l-autoroute-confirme-jerome-bayle-apres-une-reunion-a-toulouse_63618204.html\" target=\"_blank\" rel=\"noopener\"> J\u00e9r\u00f4me Bayle<\/a>, le meneur des Ultras de l\u2019A 64,<a href=\"https:\/\/actu.fr\/occitanie\/carbonne_31107\/blocus-des-agriculteurs-sur-l-a64-si-aucune-mesure-n-est-prise-c-est-toulouse-qu-on-paralysera_63613925.html\" target=\"_blank\" rel=\"noopener\"> a agit\u00e9 le chiffon rouge d\u2019un blocage de Toulouse qui reposerait sur la convergence des mobilisations de plusieurs corps de m\u00e9tiers,<\/a> dont les taxis.<br \/>\u00ab\u2009S\u2019il faut durcir le mouvement, si on n\u2019a pas des mesures d\u2019ici la fin de la semaine, c\u2019est Toulouse qu\u2019on paralysera la semaine prochaine. C\u2019est ce que l\u2019on va dire au pr\u00e9fet ce mardi. Et s\u2019il faut faire une convergence avec les taxis et le BTP, on le fera.\u2009\u00bb, a-t-il annonc\u00e9 le 22\u00a0d\u00e9cembre dernier. Actu Toulouse a contact\u00e9<strong> St\u00e9phane Abeilhou, le porte-parole de l\u2019Union Nationale des Taxis de Haute-Garonne (UNT 31),<\/strong> pour savoir si cette agr\u00e9gation de plusieurs mouvements de contestation est possible \u00e0 court terme.<\/p>\n<p>Le blocage de Toulouse\u2009: seulement une hypoth\u00e8se<\/p>\n<p class=\" wall-content\">En ce dimanche vendredi 26\u00a0d\u00e9cembre 2025, un blocage de Toulouse par plusieurs professions ne reste qu\u2019une hypoth\u00e8se.<\/p>\n<p class=\" wall-content\">\u00ab\u2009Rejoindre le mouvement des agriculteurs, cela fait l\u2019objet de beaucoup de d\u00e9bats, explique St\u00e9phane Abeilhou. Les taxis soutiennent clairement le mouvement des agriculteurs qui m\u00e8nent un mouvement que nous consid\u00e9rons comme juste. \u00c0 titre individuel, tous les taxis qui veulent renforcer les points de barrage peuvent le faire. Il n\u2019y a pas de contre-consigne de notre part \u00e0 ce niveau. En tant qu\u2019organisation, il nous semble qu\u2019il ne faut pas m\u00e9langer les genres. Le mouvement des agriculteurs est m\u00e9diatis\u00e9 et c\u2019est tant mieux, mais, \u00e0 cet instant, il nous semble qu\u2019en rejoignant le mouvement des agriculteurs, notre message \u00e0 nous serait dissous dans la masse\u2009\u00bb.<\/p>\n<p>La convergence des mouvements n\u2019est pas \u00e9cart\u00e9e<\/p>\n<p class=\" wall-content\">St\u00e9phane Abeilhou n\u2019\u00e9carte tout de m\u00eame pas une convergence des mouvements \u00e0 moyen terme.<\/p>\n<p class=\" wall-content\">\u00ab\u2009Ce n\u2019est pas exclu que courant janvier, si le mouvement des agriculteurs se durcit et que d\u2019autres corporations rejoignent le mouvement, on puisse en faire partie. Certains de nos taxis sont nos \u00e9claireurs sur les barrages des agriculteurs. On est au courant de ce qui se passe sur le terrain. La profession pourra se retrouver sur les barrages \u00e0 l\u2019avenir\u2009\u00bb.<\/p>\n<p>Des \u00e9ch\u00e9ances capitales \u00e0 venir pour les taxis<\/p>\n<p class=\" wall-content\">Pour les taxis, les \u00e9ch\u00e9ances se rapprochent aussi\u2009:<\/p>\n<p class=\" wall-content\">\u00ab\u2009La cause du taxi est plus complexe, elle est technique, les gens ne savent pas trop bien pourquoi on se mobilise jusqu\u2019\u00e0 pr\u00e9sent. Alors que sur le transport m\u00e9dical notamment le citoyen lambda est concern\u00e9. Le syst\u00e8me mis en place par la CNAM ne fonctionne pas. Dans certains territoires ruraux, avec le nouveau syst\u00e8me, les courses pour transporter les malades ne sont plus rentables. Certains taxis le font \u00e0 perte jusqu\u2019\u00e0 pr\u00e9sent par consid\u00e9ration pour leur client mais beaucoup de taxis ne veulent plus perdre de l\u2019argent. La CNAM va faire un bilan sur les r\u00e9percussions de la nouvelle convention en mars prochain. Ils vont s\u2019apercevoir que le syst\u00e8me ne marche pas, que le service n\u2019est plus rendu dans certains territoires, quand dans d\u2019autres territoires urbains, les courses sont encore pay\u00e9es \u00e0 leur juste valeur. Une clause de revoyure est pr\u00e9vue, et elle ne laisse aucun r\u00e9pit \u00e0 nos taxis. Je crains le pire. Le printemps va \u00eatre chaud\u2009\u00bb.<\/p>\n<p>Votre r\u00e9gion, votre actu !<\/p>\n<p>Recevez chaque jour les infos qui comptent pour vous.<\/p>\n<p>\t<a href=\"https:\/\/actu.fr\/newsletter\" class=\"ac-btn ac-btn--corner ac-btn--medium ac-btn--blue800\" target=\"_blank\" rel=\"noopener\">S&rsquo;incrire<\/a><br \/>\nDes taxis, d\u00e9j\u00e0 avec les agriculteurs<\/p>\n<p class=\" wall-content\">Ces derniers jours, certains taxis, et notamment ceux faisant partie de l\u2019association \u00e9lite Taxi France, ont rejoint les agriculteurs sur certains barrages, notamment \u00e0 Cestas, sur l\u2019autoroute A 63, en Nouvelle-Aquitaine.<\/p>\n<p class=\" wall-content\">\u00ab\u2009Les taxis, comme les agriculteurs, souffrent d\u2019une concurrence d\u00e9loyale. Eux, c\u2019est le Mercosur. Nous, ce sont les plateformes\u2009\u00bb, ont-ils expliqu\u00e9 \u00e0 cette occasion.<\/p>\n<p class=\" wall-content\">Comme l\u2019a expliqu\u00e9 \u00e0 Actu Toulouse St\u00e9phane Abeilhou, les taxis restent mobilis\u00e9s contre la nouvelle r\u00e9forme des transports sanitaires, entr\u00e9e en vigueur en 2025. R\u00e9forme qui entra\u00eene selon eux, une baisse importante de leur r\u00e9mun\u00e9ration<\/p>\n<p class=\" wall-content\">Personnalisez votre actualit\u00e9 en ajoutant vos villes et m\u00e9dias en favori avec <a href=\"https:\/\/moncompte.actu.fr\" title=\"D\u00e9couvez Mon Actu\" rel=\"nofollow noopener\" data-trk=\"{&quot;cta&quot;:{&quot;action&quot;:&quot;https:\\\/\\\/moncompte.actu.fr&quot;,&quot;category&quot;:&quot;mon compte&quot;,&quot;from&quot;:&quot;article footer&quot;,&quot;name&quot;:&quot;Mon actu&quot;,&quot;type&quot;:&quot;cta&quot;}}\" target=\"_blank\">Mon Actu<\/a>.<\/p>\n","protected":false},"excerpt":{"rendered":"Par David Saint-Sernin Publi\u00e9 le 26 d\u00e9c. 2025 \u00e0 11h51 Les taxis de Toulouse et, plus largement, de&hellip;\n","protected":false},"author":2,"featured_media":624532,"comment_status":"","ping_status":"","sticky":false,"template":"","format":"standard","meta":{"footnotes":""},"categories":[2816],"tags":[1111,11,327,1777,674,1011,27,12,2680,25,104,2312],"class_list":{"0":"post-624531","1":"post","2":"type-post","3":"status-publish","4":"format-standard","5":"has-post-thumbnail","7":"category-toulouse","8":"tag-actu","9":"tag-actualites","10":"tag-agriculture","11":"tag-eu","12":"tag-europe","13":"tag-fr","14":"tag-france","15":"tag-news","16":"tag-occitanie","17":"tag-republique-francaise","18":"tag-societe","19":"tag-toulouse"},"share_on_mastodon":{"url":"https:\/\/pubeurope.com\/@fr\/115789533321825040","error":""},"_links":{"self":[{"href":"https:\/\/www.europesays.com\/fr\/wp-json\/wp\/v2\/posts\/624531","targetHints":{"allow":["GET"]}}],"collection":[{"href":"https:\/\/www.europesays.com\/fr\/wp-json\/wp\/v2\/posts"}],"about":[{"href":"https:\/\/www.europesays.com\/fr\/wp-json\/wp\/v2\/types\/post"}],"author":[{"embeddable":true,"href":"https:\/\/www.europesays.com\/fr\/wp-json\/wp\/v2\/users\/2"}],"replies":[{"embeddable":true,"href":"https:\/\/www.europesays.com\/fr\/wp-json\/wp\/v2\/comments?post=624531"}],"version-history":[{"count":0,"href":"https:\/\/www.europesays.com\/fr\/wp-json\/wp\/v2\/posts\/624531\/revisions"}],"wp:featuredmedia":[{"embeddable":true,"href":"https:\/\/www.europesays.com\/fr\/wp-json\/wp\/v2\/media\/624532"}],"wp:attachment":[{"href":"https:\/\/www.europesays.com\/fr\/wp-json\/wp\/v2\/media?parent=624531"}],"wp:term":[{"taxonomy":"category","embeddable":true,"href":"https:\/\/www.europesays.com\/fr\/wp-json\/wp\/v2\/categories?post=624531"},{"taxonomy":"post_tag","embeddable":true,"href":"https:\/\/www.europesays.com\/fr\/wp-json\/wp\/v2\/tags?post=624531"}],"curies":[{"name":"wp","href":"https:\/\/api.w.org\/{rel}","templated":true}]}}