{"id":624535,"date":"2025-12-27T04:03:36","date_gmt":"2025-12-27T04:03:36","guid":{"rendered":"https:\/\/www.europesays.com\/fr\/624535\/"},"modified":"2025-12-27T04:03:36","modified_gmt":"2025-12-27T04:03:36","slug":"ligue-1-lyon-et-lille-prets-a-degainer-pour-une-opportunite-en-or","status":"publish","type":"post","link":"https:\/\/www.europesays.com\/fr\/624535\/","title":{"rendered":"Ligue 1 : Lyon et Lille pr\u00eats \u00e0 d\u00e9gainer pour une opportunit\u00e9 en or ?"},"content":{"rendered":"<p>Discret mais redoutablement efficace cette saison, un ailier de Ligue 1 attire d\u00e9j\u00e0 les convoitises avant m\u00eame l\u2019ouverture du mercato estival. Son profil pla\u00eet, son prix aussi, et la bataille s\u2019annonce ouverte.<\/p>\n<p>En pr\u00eat \u00e0 Metz, Giorgi Tsitaishvili s\u2019est impos\u00e9 comme une valeur s\u00fbre du couloir offensif. R\u00e9gulier, percutant et capable de faire des diff\u00e9rences, l\u2019international g\u00e9orgien arrive surtout \u00e0 un moment charni\u00e8re de sa carri\u00e8re. Li\u00e9 au Dynamo Kiev jusqu\u2019en juin 2026, il sera libre de s\u2019engager o\u00f9 il le souhaite dans quelques mois, une donn\u00e9e qui aiguise logiquement les app\u00e9tits.<\/p>\n<p>Lyon et Lille ont d\u00e9j\u00e0 manifest\u00e9 un int\u00e9r\u00eat concret pour l\u2019ailier de 25 ans, bien d\u00e9cid\u00e9s \u00e0 profiter d\u2019un dossier \u00e0 faible co\u00fbt pour renforcer leur secteur offensif. Mais les deux clubs fran\u00e7ais ne sont pas seuls sur le coup : la Lazio et Villarreal surveillent \u00e9galement de pr\u00e8s la situation. Un profil accessible, convoit\u00e9 et promis \u00e0 un \u00e9t\u00e9 agit\u00e9.<\/p>\n","protected":false},"excerpt":{"rendered":"Discret mais redoutablement efficace cette saison, un ailier de Ligue 1 attire d\u00e9j\u00e0 les convoitises avant m\u00eame l\u2019ouverture&hellip;\n","protected":false},"author":2,"featured_media":624536,"comment_status":"","ping_status":"","sticky":false,"template":"","format":"standard","meta":{"footnotes":""},"categories":[2815],"tags":[1111,11,1777,674,1011,27,811,1307,12,25],"class_list":{"0":"post-624535","1":"post","2":"type-post","3":"status-publish","4":"format-standard","5":"has-post-thumbnail","7":"category-lille","8":"tag-actu","9":"tag-actualites","10":"tag-eu","11":"tag-europe","12":"tag-fr","13":"tag-france","14":"tag-hauts-de-france","15":"tag-lille","16":"tag-news","17":"tag-republique-francaise"},"share_on_mastodon":{"url":"https:\/\/pubeurope.com\/@fr\/115789548966251546","error":""},"_links":{"self":[{"href":"https:\/\/www.europesays.com\/fr\/wp-json\/wp\/v2\/posts\/624535","targetHints":{"allow":["GET"]}}],"collection":[{"href":"https:\/\/www.europesays.com\/fr\/wp-json\/wp\/v2\/posts"}],"about":[{"href":"https:\/\/www.europesays.com\/fr\/wp-json\/wp\/v2\/types\/post"}],"author":[{"embeddable":true,"href":"https:\/\/www.europesays.com\/fr\/wp-json\/wp\/v2\/users\/2"}],"replies":[{"embeddable":true,"href":"https:\/\/www.europesays.com\/fr\/wp-json\/wp\/v2\/comments?post=624535"}],"version-history":[{"count":0,"href":"https:\/\/www.europesays.com\/fr\/wp-json\/wp\/v2\/posts\/624535\/revisions"}],"wp:featuredmedia":[{"embeddable":true,"href":"https:\/\/www.europesays.com\/fr\/wp-json\/wp\/v2\/media\/624536"}],"wp:attachment":[{"href":"https:\/\/www.europesays.com\/fr\/wp-json\/wp\/v2\/media?parent=624535"}],"wp:term":[{"taxonomy":"category","embeddable":true,"href":"https:\/\/www.europesays.com\/fr\/wp-json\/wp\/v2\/categories?post=624535"},{"taxonomy":"post_tag","embeddable":true,"href":"https:\/\/www.europesays.com\/fr\/wp-json\/wp\/v2\/tags?post=624535"}],"curies":[{"name":"wp","href":"https:\/\/api.w.org\/{rel}","templated":true}]}}