{"id":624537,"date":"2025-12-27T04:06:31","date_gmt":"2025-12-27T04:06:31","guid":{"rendered":"https:\/\/www.europesays.com\/fr\/624537\/"},"modified":"2025-12-27T04:06:31","modified_gmt":"2025-12-27T04:06:31","slug":"a-marseille-une-femme-meurt-apres-avoir-chute-dun-immeuble-son-conjoint-en-garde-a-vue","status":"publish","type":"post","link":"https:\/\/www.europesays.com\/fr\/624537\/","title":{"rendered":"\u00c0 Marseille, une femme meurt apr\u00e8s avoir chut\u00e9 d\u2019un immeuble, son conjoint en garde \u00e0 vue"},"content":{"rendered":"<p>Une femme est morte apr\u00e8s avoir fait une chute mortelle depuis un appartement de la tour Bel Horizon, dans le IIIe\u00a0arrondissement de <a href=\"https:\/\/.maville.com\/\/faits-divers\/\" target=\"_blank\" rel=\"noopener\">Marseille<\/a>, le soir de No\u00ebl, jeudi 25\u00a0d\u00e9cembre 2025. Les marins-pompiers sont intervenus peu avant 20\u00a0h.<\/p>\n<p>La piste du f\u00e9minicide privil\u00e9gi\u00e9e<\/p>\n<p>Le compagnon de la victime a \u00e9t\u00e9 interpell\u00e9 et plac\u00e9 en garde \u00e0 vue, rapportent des m\u00e9dias locaux. Il se trouvait sur les lieux au moment des faits.\u00a0Les enqu\u00eateurs penchent pour la piste d\u2019un f\u00e9minicide. Selon  <a href=\"https:\/\/www.francebleu.fr\/infos\/faits-divers-justice\/une-femme-meurt-a-marseille-tombee-de-la-tour-bel-horizon-9539689\" target=\"_blank\" rel=\"noopener\">ICI Provence<\/a> , des traces de lutte ont \u00e9t\u00e9 constat\u00e9es dans l\u2019appartement.<\/p>\n<p>\u00a0<\/p>\n","protected":false},"excerpt":{"rendered":"Une femme est morte apr\u00e8s avoir fait une chute mortelle depuis un appartement de la tour Bel Horizon,&hellip;\n","protected":false},"author":2,"featured_media":624538,"comment_status":"","ping_status":"","sticky":false,"template":"","format":"standard","meta":{"footnotes":""},"categories":[2814],"tags":[1111,11,837,31600,1777,674,1294,1011,27,8712,5480,884,5479,12,882,25,4937,13373],"class_list":{"0":"post-624537","1":"post","2":"type-post","3":"status-publish","4":"format-standard","5":"has-post-thumbnail","7":"category-marseille","8":"tag-actu","9":"tag-actualites","10":"tag-chute","11":"tag-conjoint","12":"tag-eu","13":"tag-europe","14":"tag-femme","15":"tag-fr","16":"tag-france","17":"tag-garde","18":"tag-immeuble","19":"tag-marseille","20":"tag-meurt","21":"tag-news","22":"tag-provence-alpes-cote-dazur","23":"tag-republique-francaise","24":"tag-saint-brieuc","25":"tag-vue"},"share_on_mastodon":{"url":"https:\/\/pubeurope.com\/@fr\/115789560760237453","error":""},"_links":{"self":[{"href":"https:\/\/www.europesays.com\/fr\/wp-json\/wp\/v2\/posts\/624537","targetHints":{"allow":["GET"]}}],"collection":[{"href":"https:\/\/www.europesays.com\/fr\/wp-json\/wp\/v2\/posts"}],"about":[{"href":"https:\/\/www.europesays.com\/fr\/wp-json\/wp\/v2\/types\/post"}],"author":[{"embeddable":true,"href":"https:\/\/www.europesays.com\/fr\/wp-json\/wp\/v2\/users\/2"}],"replies":[{"embeddable":true,"href":"https:\/\/www.europesays.com\/fr\/wp-json\/wp\/v2\/comments?post=624537"}],"version-history":[{"count":0,"href":"https:\/\/www.europesays.com\/fr\/wp-json\/wp\/v2\/posts\/624537\/revisions"}],"wp:featuredmedia":[{"embeddable":true,"href":"https:\/\/www.europesays.com\/fr\/wp-json\/wp\/v2\/media\/624538"}],"wp:attachment":[{"href":"https:\/\/www.europesays.com\/fr\/wp-json\/wp\/v2\/media?parent=624537"}],"wp:term":[{"taxonomy":"category","embeddable":true,"href":"https:\/\/www.europesays.com\/fr\/wp-json\/wp\/v2\/categories?post=624537"},{"taxonomy":"post_tag","embeddable":true,"href":"https:\/\/www.europesays.com\/fr\/wp-json\/wp\/v2\/tags?post=624537"}],"curies":[{"name":"wp","href":"https:\/\/api.w.org\/{rel}","templated":true}]}}