{"id":624539,"date":"2025-12-27T04:08:12","date_gmt":"2025-12-27T04:08:12","guid":{"rendered":"https:\/\/www.europesays.com\/fr\/624539\/"},"modified":"2025-12-27T04:08:12","modified_gmt":"2025-12-27T04:08:12","slug":"explosion-dans-une-usine-pres-de-lyon-un-deuxieme-salarie-succombe-a-ses-blessures","status":"publish","type":"post","link":"https:\/\/www.europesays.com\/fr\/624539\/","title":{"rendered":"Explosion dans une usine pr\u00e8s de Lyon\u00a0: un deuxi\u00e8me salari\u00e9 succombe \u00e0 ses blessures"},"content":{"rendered":"<p>\n                                                                    l&rsquo;essentiel<br \/>\n                                                                L\u2019explosion dans l\u2019usine chimique Elkem Silicones \u00e0 Saint-Fons pr\u00e8s de Lyon a caus\u00e9 un deuxi\u00e8me d\u00e9c\u00e8s. L\u2019homme, gri\u00e8vement br\u00fbl\u00e9, a succomb\u00e9 \u00e0 ses blessures. Un premier salari\u00e9 est mort mardi, au lendemain de l\u2019accident. Une enqu\u00eate est toujours en cours pour d\u00e9terminer les causes celui-ci.\n                            <\/p>\n<p>Quatre jours apr\u00e8<a href=\"https:\/\/www.ladepeche.fr\/2025\/12\/22\/une-explosion-dans-un-laboratoire-fait-4-blesses-dont-deux-graves-pres-de-lyon-le-plan-orsec-declenche-13125984.php\" target=\"_self\" rel=\"noopener\">s l\u2019explosion survenue\u00a0dans l\u2019usine chimique Elkem Silicones<\/a> \u00e0 Saint-Fons, pr\u00e8s de Lyon, un deuxi\u00e8me salari\u00e9 est d\u00e9c\u00e9d\u00e9 des suites de ses blessures.\u00a0Il s\u2019agit d\u2019un homme\u00a0de 55 ans, qui \u00e9tait hospitalis\u00e9 pour de graves br\u00fblures, a pr\u00e9cis\u00e9 \u00e0 l\u2019AFP une repr\u00e9sentante syndicale CFDT.<\/p>\n<p>Une premi\u00e8re victime <a href=\"https:\/\/www.ladepeche.fr\/2025\/12\/23\/explosion-dans-une-usine-pres-de-lyon-lun-des-quatre-blesses-est-decede-des-suites-de-ses-brulures-13128377.php\" target=\"_self\" rel=\"noopener\">avait succomb\u00e9 \u00e0 ses blessures mardi apr\u00e8s-midi<\/a>. La victime, un homme \u00e2g\u00e9 de 47 ans dont le pronostic vital \u00e9tait engag\u00e9, \u00ab\u00a0est d\u00e9c\u00e9d\u00e9e des suites de ses br\u00fblures\u00a0\u00bb, avait pr\u00e9cis\u00e9 la pr\u00e9fecture \u00e0 l\u2019AFP. Cet homme avait \u00e9t\u00e9 bless\u00e9 avec deux autres hommes et une femme dans une explosion survenue \u00e0 l\u2019int\u00e9rieur d\u2019un atelier pilote du site chimique, class\u00e9 Seveso seuil haut.<\/p>\n<p>Il s\u2019agit du troisi\u00e8me d\u00e9c\u00e8s enregistr\u00e9 en pr\u00e8s de dix ans sur le site Elkem de Saint-Fons, apr\u00e8s la mort en 2016 d\u2019une personne tu\u00e9e dans l\u2019incendie de f\u00fbts de silicone dans un entrep\u00f4t de 2,500\u00a0m2. Deux autres personnes ont \u00e9t\u00e9 \u00ab\u00a0gri\u00e8vement br\u00fbl\u00e9es\u00a0\u00bb dans l\u2019accident.<\/p>\n<p>Une enqu\u00eate ouverte<\/p>\n<p>Le parquet de Lyon a annonc\u00e9 mardi avoir ouvert une enqu\u00eate pour \u00ab\u00a0blessures involontaires par personne morale suivies d\u2019incapacit\u00e9 sup\u00e9rieure \u00e0 trois mois\u00a0\u00bb. La Division de la criminalit\u00e9 organis\u00e9e sp\u00e9cialis\u00e9e (DCOS, ex PJ), et la Direction d\u00e9partementale de l\u2019emploi, du travail et des solidarit\u00e9s (DDETS), ont \u00e9t\u00e9 saisies pour d\u00e9terminer les causes et circonstances de l\u2019explosion, selon le parquet.<\/p>\n<p>La d\u00e9flagration a pu \u00eatre caus\u00e9e par l\u2019\u00e9manation d\u2019hydrog\u00e8ne \u00ab\u00a0dans un atelier exp\u00e9rimental\u00a0\u00bb, avait d\u00e9clar\u00e9 lundi \u00e0 la presse Jean-Pierre Lerat, le directeur de l\u2019usine. Selon le porte-parole Guillaume Artois, cet atelier \u00e9tait une \u00ab\u00a0unit\u00e9 bien particuli\u00e8re, le laboratoire pilote, qui n\u2019est pas connect\u00e9 au reste du site\u00a0\u00bb. Il avait \u00e9t\u00e9 install\u00e9 en 2021 et r\u00e9pondait aux exigences des \u00ab\u00a0derni\u00e8res normes de s\u00e9curit\u00e9\u00a0\u00bb, a-t-il assur\u00e9 \u00e0 l\u2019AFP.<\/p>\n<p>Une \u00e9quipe y testait une m\u00e9thode de d\u00e9volatilisation d\u2019huiles de silicone hydrog\u00e9n\u00e9es, une \u00ab\u00a0manipulation relativement courante dans un atelier pilote\u00a0\u00bb, a-t-il poursuivi. \u00ab\u00a0Il y avait une r\u00e9action qui se passait mal et l\u2019\u00e9quipe est intervenue. Pendant l\u2019intervention, il y a eu une \u00e9mission, probablement d\u2019hydrog\u00e8ne gazeux, qui a pu d\u00e9clencher l\u2019explosion\u00a0\u00bb, a ajout\u00e9 le porte-parole.<\/p>\n<p>Pour \u00e9teindre l\u2019incendie qui a suivi, une centaine de pompiers avaient \u00e9t\u00e9 mobilis\u00e9s et un millier de personnes autour de la zone avaient \u00e9t\u00e9 confin\u00e9es quelques heures \u00e9galement.<\/p>\n","protected":false},"excerpt":{"rendered":"l&rsquo;essentiel L\u2019explosion dans l\u2019usine chimique Elkem Silicones \u00e0 Saint-Fons pr\u00e8s de Lyon a caus\u00e9 un deuxi\u00e8me d\u00e9c\u00e8s. L\u2019homme,&hellip;\n","protected":false},"author":2,"featured_media":624540,"comment_status":"","ping_status":"","sticky":false,"template":"","format":"standard","meta":{"footnotes":""},"categories":[1889],"tags":[1111,11,2430,1777,674,118,1011,27,2428,12,25],"class_list":{"0":"post-624539","1":"post","2":"type-post","3":"status-publish","4":"format-standard","5":"has-post-thumbnail","7":"category-lyon","8":"tag-actu","9":"tag-actualites","10":"tag-auvergne-rhone-alpes","11":"tag-eu","12":"tag-europe","13":"tag-faits-divers","14":"tag-fr","15":"tag-france","16":"tag-lyon","17":"tag-news","18":"tag-republique-francaise"},"share_on_mastodon":{"url":"https:\/\/pubeurope.com\/@fr\/115789568611133373","error":""},"_links":{"self":[{"href":"https:\/\/www.europesays.com\/fr\/wp-json\/wp\/v2\/posts\/624539","targetHints":{"allow":["GET"]}}],"collection":[{"href":"https:\/\/www.europesays.com\/fr\/wp-json\/wp\/v2\/posts"}],"about":[{"href":"https:\/\/www.europesays.com\/fr\/wp-json\/wp\/v2\/types\/post"}],"author":[{"embeddable":true,"href":"https:\/\/www.europesays.com\/fr\/wp-json\/wp\/v2\/users\/2"}],"replies":[{"embeddable":true,"href":"https:\/\/www.europesays.com\/fr\/wp-json\/wp\/v2\/comments?post=624539"}],"version-history":[{"count":0,"href":"https:\/\/www.europesays.com\/fr\/wp-json\/wp\/v2\/posts\/624539\/revisions"}],"wp:featuredmedia":[{"embeddable":true,"href":"https:\/\/www.europesays.com\/fr\/wp-json\/wp\/v2\/media\/624540"}],"wp:attachment":[{"href":"https:\/\/www.europesays.com\/fr\/wp-json\/wp\/v2\/media?parent=624539"}],"wp:term":[{"taxonomy":"category","embeddable":true,"href":"https:\/\/www.europesays.com\/fr\/wp-json\/wp\/v2\/categories?post=624539"},{"taxonomy":"post_tag","embeddable":true,"href":"https:\/\/www.europesays.com\/fr\/wp-json\/wp\/v2\/tags?post=624539"}],"curies":[{"name":"wp","href":"https:\/\/api.w.org\/{rel}","templated":true}]}}