{"id":624541,"date":"2025-12-27T04:09:14","date_gmt":"2025-12-27T04:09:14","guid":{"rendered":"https:\/\/www.europesays.com\/fr\/624541\/"},"modified":"2025-12-27T04:09:14","modified_gmt":"2025-12-27T04:09:14","slug":"un-deuxieme-salarie-a-succombe-a-ses-blessures","status":"publish","type":"post","link":"https:\/\/www.europesays.com\/fr\/624541\/","title":{"rendered":"un deuxi\u00e8me salari\u00e9 a succomb\u00e9 \u00e0 ses blessures"},"content":{"rendered":"<p class=\"authors latino-300b text-grey-600\">\n<p>  Par\u00a0<br \/>\nLe Nouvel Obs avec AFP<\/p>\n<p class=\"latino-300r d-inline-block pe-8 pb-4 pb-lg-0 text-grey-600 pe-8 border-end-lg\">\n<p>    Publi\u00e9 le\u00a026 d\u00e9cembre 2025 \u00e0 21h55\n  <\/p>\n<p>              Lecture\u00a0:\u00a02\u00a0min.<\/p>\n<p>      <img fetchpriority=\"high\" decoding=\"async\" class=\"mx-auto\" src=\"data:image\/svg+xml,%3Csvg%20xmlns%3D%27http%3A%2F%2Fwww.w3.org%2F2000%2Fsvg%27%20fill%3D%22%23e4e4e4%22%20viewBox%3D%270%200%20510%20340%27%20width%3D%22510%22%20height%3D%22340%22%3E%3Cpath%20d%3D%27M0%200h510v340H0z%27%2F%3E%3C%2Fsvg%3E\"  loading=\"eager\" width=\"510\" height=\"340\" data-oncrawl-image-size=\"510x340\" alt=\"Quatre salari\u00e9s avaient \u00e9t\u00e9 bless\u00e9s lundi dans l\u2019explosion d\u2019un atelier pilote du site dans lequel ils travaillaient.\"\/>      <\/p>\n<p class=\"latino-100m text-grey-600\">\n            Quatre salari\u00e9s avaient \u00e9t\u00e9 bless\u00e9s lundi dans l\u2019explosion d\u2019un atelier pilote du site dans lequel ils travaillaient.\u00a0MANON BILLING \/ AFP        <\/p>\n<p>        Lire\u00a0plus\u00a0tard      <\/p>\n<p><a aria-label=\"Nous suivre sur Google News\" href=\"https:\/\/news.google.com\/publications\/CAAqBwgKMJe4nQkw3dFs?hl=fr&amp;gl=FR&amp;ceid=FR%3Afr\" target=\"_blank\" data-piano=\"Page_Article,Sous_date_publi,Nous_suivre_sur_google_news,1er_clic,action\" class=\"btn btn--small btn--tertiary btn--icon-only\" rel=\"noopener\"><\/p>\n<p>      Google Actualit\u00e9s<br \/>\n  <\/a><\/p>\n<p>  Partager<\/p>\n<p>        Facebook<\/p>\n<p>        Bluesky<\/p>\n<p>        E-mail<\/p>\n<p>        Copier le lien<\/p>\n<p>      Envoyer<\/p>\n<p>      S\u2019abonner    <\/p>\n<p class=\"node__paragraphe antonia-750r text-grey-800 pb-24 pb-md-32\">\nLe bilan de l\u2019explosion lundi 22\u00a0d\u00e9cembre \u00e0 l\u2019usine chimique Elkem Silicones de Saint-Fons, pr\u00e8s de Lyon, s\u2019est alourdi \u00e0 deux morts vendredi apr\u00e8s le d\u00e9c\u00e8s d\u2019un salari\u00e9 gri\u00e8vement br\u00fbl\u00e9, et deux autres employ\u00e9s sont toujours hospitalis\u00e9s.<\/p>\n<p class=\"node__paragraphe antonia-750r text-grey-800 pb-24 pb-md-32\">\nLe salari\u00e9 d\u00e9c\u00e9d\u00e9 ce vendredi apr\u00e8s-midi est un homme de 55\u00a0ans qui \u00e9tait hospitalis\u00e9 pour de graves br\u00fblures, a indiqu\u00e9 \u00e0 l\u2019AFP Estelle Delaune, secr\u00e9taire g\u00e9n\u00e9rale CFDT Syndicat Chimie Energie, pr\u00e9cisant une information de la pr\u00e9fecture.<\/p>\n<p class=\"node__paragraphe antonia-750r text-grey-800 pb-24 pb-md-32\">\nMardi, c\u2019est un employ\u00e9 de 47\u00a0ans, gri\u00e8vement br\u00fbl\u00e9 lui aussi, qui \u00e9tait d\u00e9c\u00e9d\u00e9 de ses blessures. Selon Estelle Delaune, deux autres personnes sont toujours hospitalis\u00e9es, dont au moins une se trouve en soins intensifs.<\/p>\n<p class=\"node__paragraphe antonia-750r text-grey-800 pb-24 pb-md-32\">\nLes quatre salari\u00e9s &#8211; un ing\u00e9nieur chimiste, deux techniciens sp\u00e9cialis\u00e9s et une personne du d\u00e9partement sant\u00e9 environnement, tous \u00e2g\u00e9s entre 40 et 55\u00a0ans &#8211; avaient \u00e9t\u00e9 bless\u00e9s lundi dans l\u2019explosion d\u2019un atelier pilote du site dans lequel ils travaillaient.<\/p>\n<p class=\"node__paragraphe antonia-750r text-grey-800 pb-24 pb-md-32\">\nIl s\u2019agit du troisi\u00e8me d\u00e9c\u00e8s enregistr\u00e9 en pr\u00e8s de dix ans sur le site Elkem de Saint-Fons, apr\u00e8s la mort en\u00a02016 d\u2019un homme tu\u00e9 dans l\u2019incendie de f\u00fbts de silicone dans un entrep\u00f4t.<\/p>\n<p>\u00ab\u00a0Accident intol\u00e9rable\u00a0\u00bb<\/p>\n<p class=\"node__paragraphe antonia-750r text-grey-800 pb-24 pb-md-32\">\nL\u2019origine de l\u2019explosion lundi dans ce site class\u00e9 Seveso seuil haut, situ\u00e9 au c\u0153ur de la \u00ab\u00a0Vall\u00e9e de la chimie\u00a0\u00bb, au sud de Lyon, est pour l\u2019heure encore ind\u00e9termin\u00e9e. Le directeur de l\u2019usine, Jean-Pierre Lerat, avait avanc\u00e9 lundi que la d\u00e9flagration avait pu \u00eatre caus\u00e9e par une \u00e9manation d\u2019hydrog\u00e8ne \u00ab\u00a0dans un atelier exp\u00e9rimental\u00a0\u00bb.<\/p>\n<p class=\"node__paragraphe antonia-750r text-grey-800 pb-24 pb-md-32\">\nL\u2019explosion a eu lieu alors qu\u2019une \u00e9quipe r\u00e9alisait une \u00ab\u00a0d\u00e9volatilisation d\u2019huiles de silicone hydrog\u00e9n\u00e9es\u00a0\u00bb, une \u00ab\u00a0manipulation relativement courante dans cet atelier\u00a0\u00bb, avait pr\u00e9cis\u00e9 \u00e0 l\u2019AFP Guillaume Artois, un porte-parole de l\u2019entreprise. \u00ab\u00a0Il y avait une r\u00e9action qui se passait mal et l\u2019\u00e9quipe est intervenue. Pendant l\u2019intervention, il y aurait eu une \u00e9mission, probablement d\u2019hydrog\u00e8ne gazeux, qui aurait pu d\u00e9clencher l\u2019explosion\u00a0\u00bb, avait-il avanc\u00e9.<\/p>\n<p class=\"node__paragraphe antonia-750r text-grey-800 pb-24 pb-md-32\">\nLe parquet de Lyon a ouvert une enqu\u00eate pour blessures involontaires par personne morale et homicides involontaires par personne morale dans le cadre du travail, confi\u00e9e \u00e0 la Division de la criminalit\u00e9 organis\u00e9e sp\u00e9cialis\u00e9e (DCOS) et \u00e0 la Direction d\u00e9partementale de l\u2019emploi, du travail et des solidarit\u00e9s (DDETS).<\/p>\n<p class=\"node__paragraphe antonia-750r text-grey-800 pb-24 pb-md-32\">\nMercredi, la CGT et la CFDT, majoritaires dans l\u2019entreprise, avaient annonc\u00e9 leur intention de se porter partie civile, d\u00e9non\u00e7ant un accident \u00ab\u00a0intol\u00e9rable\u00a0\u00bb. Cet accident \u00ab\u00a0interroge lourdement sur l\u2019organisation du travail, l\u2019\u00e9valuation des risques, la maintenance et les choix de la direction en mati\u00e8re de pr\u00e9vention\u00a0\u00bb, a fait valoir la CGT dans son communiqu\u00e9.<\/p>\n<p>Des mises en demeure pour manquements<\/p>\n<p class=\"node__paragraphe antonia-750r text-grey-800 pb-24 pb-md-32\">\nCes derni\u00e8res ann\u00e9es, le site Elkem de Saint-Fons a fait l\u2019objet de mises en demeure par la pr\u00e9fecture du Rh\u00f4ne pour des manquements aux r\u00e8gles de s\u00e9curit\u00e9 ou concernant le stockage de mati\u00e8res dangereuses.<\/p>\n<p class=\"node__paragraphe antonia-750r text-grey-800 pb-24 pb-md-32\">\nSe pr\u00e9sentant sur son site internet comme \u00ab\u00a0l\u2019un des principaux fournisseurs mondiaux de mat\u00e9riaux avanc\u00e9s \u00e0 base de silicium\u00a0\u00bb, le groupe Elkem, c\u00f4t\u00e9 \u00e0 la Bourse d\u2019Oslo, emploie plus de 7\u00a0200 personnes dans le monde. Il a \u00e9t\u00e9 rachet\u00e9 en\u00a02011 par l\u2019entreprise d\u2019Etat China National BlueStar. En France, Elkem poss\u00e8de trois sites de production\u00a0: deux en Is\u00e8re, \u00e0 Roussillon et Salaise, et le site de Saint-Fons, qui comporte une usine de 570 employ\u00e9s et un centre de recherche o\u00f9 travaillent 120 personnes.<\/p>\n<p class=\"authors latino-600m text-grey-800\">\n<p>  Par\u00a0<br \/>\nLe Nouvel Obs avec AFP<\/p>\n","protected":false},"excerpt":{"rendered":"Par\u00a0 Le Nouvel Obs avec AFP Publi\u00e9 le\u00a026 d\u00e9cembre 2025 \u00e0 21h55 Lecture\u00a0:\u00a02\u00a0min. Quatre salari\u00e9s avaient \u00e9t\u00e9 bless\u00e9s&hellip;\n","protected":false},"author":2,"featured_media":624542,"comment_status":"","ping_status":"","sticky":false,"template":"","format":"standard","meta":{"footnotes":""},"categories":[1889],"tags":[17,1111,11,2430,42224,34767,2563,1777,674,2688,118,1011,27,2428,12,25,59019,73399,2103],"class_list":{"0":"post-624541","1":"post","2":"type-post","3":"status-publish","4":"format-standard","5":"has-post-thumbnail","7":"category-lyon","8":"tag-17","9":"tag-actu","10":"tag-actualites","11":"tag-auvergne-rhone-alpes","12":"tag-blessures","13":"tag-chimique","14":"tag-deuxieme","15":"tag-eu","16":"tag-europe","17":"tag-explosion","18":"tag-faits-divers","19":"tag-fr","20":"tag-france","21":"tag-lyon","22":"tag-news","23":"tag-republique-francaise","24":"tag-salarie","25":"tag-succombe","26":"tag-usine"},"share_on_mastodon":{"url":"https:\/\/pubeurope.com\/@fr\/115789572539578400","error":""},"_links":{"self":[{"href":"https:\/\/www.europesays.com\/fr\/wp-json\/wp\/v2\/posts\/624541","targetHints":{"allow":["GET"]}}],"collection":[{"href":"https:\/\/www.europesays.com\/fr\/wp-json\/wp\/v2\/posts"}],"about":[{"href":"https:\/\/www.europesays.com\/fr\/wp-json\/wp\/v2\/types\/post"}],"author":[{"embeddable":true,"href":"https:\/\/www.europesays.com\/fr\/wp-json\/wp\/v2\/users\/2"}],"replies":[{"embeddable":true,"href":"https:\/\/www.europesays.com\/fr\/wp-json\/wp\/v2\/comments?post=624541"}],"version-history":[{"count":0,"href":"https:\/\/www.europesays.com\/fr\/wp-json\/wp\/v2\/posts\/624541\/revisions"}],"wp:featuredmedia":[{"embeddable":true,"href":"https:\/\/www.europesays.com\/fr\/wp-json\/wp\/v2\/media\/624542"}],"wp:attachment":[{"href":"https:\/\/www.europesays.com\/fr\/wp-json\/wp\/v2\/media?parent=624541"}],"wp:term":[{"taxonomy":"category","embeddable":true,"href":"https:\/\/www.europesays.com\/fr\/wp-json\/wp\/v2\/categories?post=624541"},{"taxonomy":"post_tag","embeddable":true,"href":"https:\/\/www.europesays.com\/fr\/wp-json\/wp\/v2\/tags?post=624541"}],"curies":[{"name":"wp","href":"https:\/\/api.w.org\/{rel}","templated":true}]}}