{"id":624559,"date":"2025-12-27T04:19:23","date_gmt":"2025-12-27T04:19:23","guid":{"rendered":"https:\/\/www.europesays.com\/fr\/624559\/"},"modified":"2025-12-27T04:19:23","modified_gmt":"2025-12-27T04:19:23","slug":"royaume-uni-la-grosse-effrayeur-dun-cameraman-entre-le-maroc-le-sahara-occidental-et-lalgerie","status":"publish","type":"post","link":"https:\/\/www.europesays.com\/fr\/624559\/","title":{"rendered":"Royaume Uni : La grosse effrayeur d&rsquo;un cam\u00e9raman entre le Maroc, le Sahara Occidental et l&rsquo;Alg\u00e9rie"},"content":{"rendered":"<p>Tags : Maroc, Sahara Occidental, Alg\u00e9rie, Stan Gaskell, cam\u00e9raman des extr\u00eames, Mauritanie,<\/p>\n<p>Un <a href=\"https:\/\/www.dailymail.co.uk\/travel\/article-15389093\/travelled-world-extreme-cameraman-place-feared-life-most.html\" target=\"_blank\" rel=\"noopener\">article du Daily Mail<\/a> retrace le parcours exceptionnel de Stan Gaskell, un jeune cam\u00e9raman britannique sp\u00e9cialis\u00e9 dans les exp\u00e9ditions extr\u00eames, qui a parcouru 39 pays dans des conditions souvent dangereuses pour filmer des aventures humaines hors normes. \u00c0 seulement 24 ans, il travaille r\u00e9guli\u00e8rement jusqu\u2019\u00e0 20 heures par jour, vit dans un van baptis\u00e9 Nelly et accompagne des explorateurs dans certaines des r\u00e9gions les plus isol\u00e9es et instables du monde.<\/p>\n<p>Originaire du North Yorkshire, Gaskell d\u00e9bute comme cam\u00e9raman freelance d\u00e8s l\u2019\u00e2ge de 16 ans. Sa carri\u00e8re prend un tournant majeur en mars 2023 avec Project Africa, un projet ambitieux consistant \u00e0 documenter l\u2019exploit de Russell Cook, surnomm\u00e9 \u201cThe Hardest Geezer\u201d, qui tente de devenir le premier homme \u00e0 courir toute la longueur de l\u2019Afrique, soit environ 10 000 miles. Gaskell accompagne l\u2019\u00e9quipe pendant 352 jours, traversant le continent du nord au sud.<\/p>\n<p>Bien que le voyage lui permette de filmer des paysages spectaculaires et de d\u00e9couvrir une hospitalit\u00e9 locale marquante, il est aussi confront\u00e9 \u00e0 des situations de danger extr\u00eame. L\u2019exp\u00e9rience qu\u2019il d\u00e9crit comme la plus effrayante de sa vie a lieu lors de la travers\u00e9e du golfe de Guin\u00e9e, l\u2019une des zones maritimes les plus touch\u00e9es par la piraterie. Encore affaibli par une crise de paludisme au Cameroun, Gaskell doit faire charger leur van de 4,5 tonnes sur un cargo en bois d\u00e9labr\u00e9 afin d\u2019\u00e9viter une zone de conflit terrestre au Nigeria. Apr\u00e8s de longues n\u00e9gociations tendues avec l\u2019\u00e9quipage, le van est install\u00e9 de justesse sur le bateau.<\/p>\n<p>Une fois en mer, le navire affronte une violente temp\u00eate, tanguant dangereusement jusqu\u2019\u00e0 45 degr\u00e9s, au point qu\u2019une poutre principale se fissure sous leurs yeux. Gaskell et son coll\u00e8gue r\u00e9alisent alors qu\u2019ils pourraient mourir, sans aucune possibilit\u00e9 d\u2019intervention. Bien qu\u2019ils survivent finalement \u00e0 la travers\u00e9e, il s\u2019agit pour lui de l\u2019un des moments o\u00f9 il s\u2019est senti le plus proche de la mort.<\/p>\n<p>Un autre \u00e9pisode critique se d\u00e9roule dans le Sahara mauritanien, lorsque leur van tombe en panne dans une zone totalement isol\u00e9e, sans route, sans t\u00e9l\u00e9phone satellite et \u00e0 des centaines de kilom\u00e8tres de toute aide. Apr\u00e8s une temp\u00eate de sable, le moteur cesse d\u00e9finitivement de fonctionner \u00e0 seulement 12 km d\u2019une base militaire. Accueillis d\u2019abord sous la menace des armes, ils parviennent \u00e0 se faire aider par les soldats, puis par un m\u00e9canicien local incapable de r\u00e9parer le v\u00e9hicule durablement. Ironiquement, cette panne les emp\u00eache d\u2019entrer au Sahara occidental, o\u00f9 des bombardements marocains visaient alors des v\u00e9hicules civils \u2014 un retard qui leur sauve probablement la vie. Finalement, ce sont des chauffeurs routiers alg\u00e9riens qui les remorquent sur plusieurs centaines de kilom\u00e8tres, partageant nourriture, r\u00e9cits et hospitalit\u00e9.<\/p>\n<p>Face \u00e0 ces situations extr\u00eames, Gaskell explique avoir d\u00e9velopp\u00e9 un \u00e9tat d\u2019esprit d\u2019acceptation du risque : il s\u2019attend constamment \u00e0 ce que les choses tournent mal et ne r\u00e9alise souvent la gravit\u00e9 du danger qu\u2019apr\u00e8s coup. Pour lui, cette impr\u00e9visibilit\u00e9 fait partie int\u00e9grante du m\u00e9tier.<\/p>\n<p class=\"has-text-align-left\">Apr\u00e8s Project Africa, Gaskell travaille pour Blue Door Productions comme producteur cr\u00e9atif sur Project Limitless, un autre projet d\u2019envergure suivant l\u2019aventurier britannique Mitchell Hutchcraft dans sa tentative de r\u00e9aliser la plus longue ascension de l\u2019Everest jamais enregistr\u00e9e. Le tournage s\u2019\u00e9tale de septembre 2024 \u00e0 mai 2025, couvre 19 pays, 13 000 km, et dure huit mois dans des conditions \u00e9prouvantes.<\/p>\n<p class=\"has-text-align-left\">Parmi tous les pays visit\u00e9s, Gaskell cite l\u2019Alg\u00e9rie comme l\u2019un de ses pr\u00e9f\u00e9r\u00e9s. Encore peu ouverte au tourisme occidental, elle lui a offert des exp\u00e9riences rares, notamment le franchissement d\u2019un poste-fronti\u00e8re d\u00e9sertique jusque-l\u00e0 r\u00e9serv\u00e9 au commerce. Il souligne surtout l\u2019hospitalit\u00e9 exceptionnelle des habitants, m\u00eame dans les r\u00e9gions les plus recul\u00e9es.<\/p>\n<p>Enfin, l\u2019article se conclut par les conseils de Gaskell aux voyageurs et vid\u00e9astes : selon lui, il n\u2019est pas n\u00e9cessaire de poss\u00e9der du mat\u00e9riel co\u00fbteux pour r\u00e9aliser une bonne vid\u00e9o de voyage. L\u2019essentiel r\u00e9side dans l\u2019histoire racont\u00e9e, l\u2019authenticit\u00e9 et les rencontres humaines. Un simple smartphone ou une GoPro suffit ; ce sont les r\u00e9cits et les personnes qui donnent toute leur valeur aux images, bien plus que la qualit\u00e9 visuelle seule.<\/p>\n<p>#Maroc #SaharaOccidental #Alg\u00e9rie  #Mauritanie #StanGaskell<\/p>\n<p>Visited 59 times, 3 visit(s) today<\/p>\n<p>\t\tPost navigation<\/p>\n","protected":false},"excerpt":{"rendered":"Tags : Maroc, Sahara Occidental, Alg\u00e9rie, Stan Gaskell, cam\u00e9raman des extr\u00eames, Mauritanie, Un article du Daily Mail retrace&hellip;\n","protected":false},"author":2,"featured_media":624560,"comment_status":"","ping_status":"","sticky":false,"template":"","format":"standard","meta":{"footnotes":""},"categories":[1588],"tags":[11,1777,674,12,473,1853,1851,1850,1852],"class_list":{"0":"post-624559","1":"post","2":"type-post","3":"status-publish","4":"format-standard","5":"has-post-thumbnail","7":"category-royaume-uni","8":"tag-actualites","9":"tag-eu","10":"tag-europe","11":"tag-news","12":"tag-royaume-uni","13":"tag-royaume-uni-de-grande-bretagne-et-dirlande-du-nord","14":"tag-uk","15":"tag-united-kingdom","16":"tag-united-kingdom-of-great-britain-and-northern-ireland"},"share_on_mastodon":{"url":"https:\/\/pubeurope.com\/@fr\/115789611976528283","error":""},"_links":{"self":[{"href":"https:\/\/www.europesays.com\/fr\/wp-json\/wp\/v2\/posts\/624559","targetHints":{"allow":["GET"]}}],"collection":[{"href":"https:\/\/www.europesays.com\/fr\/wp-json\/wp\/v2\/posts"}],"about":[{"href":"https:\/\/www.europesays.com\/fr\/wp-json\/wp\/v2\/types\/post"}],"author":[{"embeddable":true,"href":"https:\/\/www.europesays.com\/fr\/wp-json\/wp\/v2\/users\/2"}],"replies":[{"embeddable":true,"href":"https:\/\/www.europesays.com\/fr\/wp-json\/wp\/v2\/comments?post=624559"}],"version-history":[{"count":0,"href":"https:\/\/www.europesays.com\/fr\/wp-json\/wp\/v2\/posts\/624559\/revisions"}],"wp:featuredmedia":[{"embeddable":true,"href":"https:\/\/www.europesays.com\/fr\/wp-json\/wp\/v2\/media\/624560"}],"wp:attachment":[{"href":"https:\/\/www.europesays.com\/fr\/wp-json\/wp\/v2\/media?parent=624559"}],"wp:term":[{"taxonomy":"category","embeddable":true,"href":"https:\/\/www.europesays.com\/fr\/wp-json\/wp\/v2\/categories?post=624559"},{"taxonomy":"post_tag","embeddable":true,"href":"https:\/\/www.europesays.com\/fr\/wp-json\/wp\/v2\/tags?post=624559"}],"curies":[{"name":"wp","href":"https:\/\/api.w.org\/{rel}","templated":true}]}}