{"id":624567,"date":"2025-12-27T04:25:25","date_gmt":"2025-12-27T04:25:25","guid":{"rendered":"https:\/\/www.europesays.com\/fr\/624567\/"},"modified":"2025-12-27T04:25:25","modified_gmt":"2025-12-27T04:25:25","slug":"cest-le-meilleur-episode-de-pluie-depuis-le-debut-de-la-secheresse-les-nappes-des-pyrenees-orientales-se-rechargent-enfin","status":"publish","type":"post","link":"https:\/\/www.europesays.com\/fr\/624567\/","title":{"rendered":"\u00ab\u00a0C\u2019est le meilleur \u00e9pisode de pluie depuis le d\u00e9but de la s\u00e9cheresse\u00a0\u00bb\u00a0: les nappes des Pyr\u00e9n\u00e9es-Orientales se rechargent enfin"},"content":{"rendered":"<p>\n                                                                Voil\u00e0 trois ans que le pr\u00e9sident du syndicat des nappes de la plaine du Roussillon n\u2019avait pas \u00e9t\u00e9 aussi enthousiaste. Nicolas Garcia l\u2019assure\u00a0: les pluies de cette fin d\u00e9cembre ont enfin un effet b\u00e9n\u00e9fique sur les nappes des Pyr\u00e9n\u00e9es-Orientales. Celui qui est \u00e9galement premier vice-pr\u00e9sident du D\u00e9partement en charge de l\u2019eau\u00a0livre ce vendredi 26\u00a0d\u00e9cembre 2025 une premi\u00e8re analyse des bienfaits\u00a0pour les terres catalanes.\n                            <\/p>\n<p class=\"txt-question\">Selon les premiers chiffres, il a plu autant sur ce mois de d\u00e9cembre que sur toute l\u2019ann\u00e9e 2023 sur le secteur de Perpignan-Rivesaltes. Quelles sont les premi\u00e8res cons\u00e9quences observ\u00e9es sur les nappes\u00a0?<\/p>\n<p><strong>Nicolas Garcia\u00a0<\/strong>: La semaine derni\u00e8re, nous avons eu l\u2019\u00e9quivalent d\u2019un mois et demi de pluie en 24\u00a0heures. Cette fin de semaine, les pluies ont \u00e9t\u00e9 copieuses (jusqu\u2019\u00e0 150\u00a0millim\u00e8tres juste sur cette journ\u00e9e de\u00a0vendredi) mais un peu plus \u00e9tal\u00e9es. C\u2019est-\u00e0-dire que nous avons des accalmies entre les orages, ce qui permet \u00e0 l\u2019eau de s\u2019\u00e9couler et de rentrer dans la terre. Les nappes vont donc emmagasiner de l\u2019eau durant plusieurs jours.<\/p>\n<p>        <img decoding=\"async\" class=\"std-img__img responsive-img\" src=\"https:\/\/www.europesays.com\/fr\/wp-content\/uploads\/2025\/12\/1766809525_30_image.jpg\" alt=\"Les pluies de ce mois de d\u00e9cembre sont enfin b\u00e9n\u00e9fiques pour les Pyr\u00e9n\u00e9es-Orientales.\"\/><\/p>\n<p>                Les pluies de ce mois de d\u00e9cembre sont enfin b\u00e9n\u00e9fiques pour les Pyr\u00e9n\u00e9es-Orientales.<br \/>\n                                    L&rsquo;Ind\u00e9pendant &#8211; Michel Clementz<\/p>\n<p class=\"txt-question\">C\u2019est le sc\u00e9nario id\u00e9al\u00a0?<\/p>\n<p>Presque oui\u00a0! Le R\u00e9art (entre Montauriol et Canet-en-Roussillon) et la Canterrane (Terrats) coulent abondamment. La nappe la plus critique, o\u00f9 l\u2019unit\u00e9 de gestion nous fait tout le temps d\u00e9faut, est celle de l\u2019Aspre. Elle se met en charge uniquement quand le R\u00e9art et la Canterrane se mettent eux-m\u00eames en charge. Les pluies de la semaine derni\u00e8re n\u2019avaient pas eu d\u2019incidence sur cette nappe par exemple. Ce que nous vivons en cette fin de semaine de d\u00e9cembre est une tr\u00e8s bonne nouvelle. Nos pi\u00e9zom\u00e8tres prendront les mesures apr\u00e8s les f\u00eates de fin d\u2019ann\u00e9e mais, a priori, nous devrions \u00eatre tranquilles jusqu\u2019\u00e0 l\u2019\u00e9t\u00e9.<\/p>\n<p class=\"txt-question\">Carr\u00e9ment\u00a0?<\/p>\n<p>Je crois oui. Pour bien comprendre\u00a0: nous avons la nappe superficielle, le Quaternaire, qui se remplit chaque ann\u00e9e avec les pluies et les cours d\u2019eau qui se mettent en charge. C\u2019est dans celle-ci que nous pompons en priorit\u00e9. D\u00e8s qu\u2019elle s\u2019\u00e9puise, on bascule dans la nappe profonde, le Plioc\u00e8ne. En condition normale, le pompage dans la nappe profonde ne commence qu\u2019au mois d\u2019ao\u00fbt. Depuis la s\u00e9cheresse, il d\u00e9butait d\u00e8s le mois de mai. De mon point de vue, les pluies de cette fin d\u00e9cembre devraient nous permettre de passer all\u00e8grement le printemps, pour arriver aux portes de l\u2019\u00e9t\u00e9 sans soucis.<\/p>\n<blockquote><p>\nCes conditions m\u00e9t\u00e9orologiques ont vraiment \u00e9t\u00e9 id\u00e9ales car nous n\u2019avons pas \u00e9t\u00e9 noy\u00e9s d\u2019un seul coup\n<\/p><\/blockquote>\n<p class=\"txt-question\">Quelles sont les cons\u00e9quences de ces pluies sur les barrages\u00a0?<\/p>\n<p>Les barrages sont des \u00e9cr\u00eateurs de crues. Nous ne pouvons donc pas les remplir comme nous le souhaiterions. Normalement, ils doivent commencer \u00e0 \u00eatre remplis au mois de janvier, doucement, pour \u00eatre pr\u00eat aux portes de l\u2019\u00e9t\u00e9. La seconde bonne nouvelle, c\u2019est d\u2019ailleurs\u00a0l\u2019\u00e9l\u00e9ment qui nous tranquillise, c\u2019est qu\u2019il\u00a0a beaucoup neig\u00e9 et tr\u00e8s bas. Cela nous fera une r\u00e9serve d\u2019eau au moment de la fonte des neiges. Ce sera le cas pour le barrage de Vin\u00e7a, qui est aliment\u00e9 par le Canig\u00f3, mais aussi aux Bouillouses. Cela alimentera aussi le massif du Vallespir et le Tech. C\u2019est une vraie s\u00e9curit\u00e9.<\/p>\n<p>        <img decoding=\"async\" class=\"std-img__img responsive-img\" src=\"https:\/\/www.europesays.com\/fr\/wp-content\/uploads\/2025\/12\/1766809525_973_image.jpg\" alt=\"Nicolas Garcia est le pr\u00e9sident du syndicat des nappes de la plaine du Roussillon.\"\/><\/p>\n<p>                Nicolas Garcia est le pr\u00e9sident du syndicat des nappes de la plaine du Roussillon.<br \/>\n                                    L&rsquo;Ind\u00e9pendant &#8211; Nicolas Parent<\/p>\n<p>Ces conditions m\u00e9t\u00e9orologiques ont vraiment \u00e9t\u00e9 id\u00e9ales car nous n\u2019avons pas \u00e9t\u00e9 noy\u00e9s d\u2019un seul coup. Ce sera r\u00e9ellement b\u00e9n\u00e9fique. La semaine derni\u00e8re, les pluies avaient tremp\u00e9 les terres en ayant un effet minime sur les nappes. Cette semaine, les nappes se rechargent.<\/p>\n<p class=\"txt-question\">Les Pyr\u00e9n\u00e9es-Orientales avaient-elles connu un \u00e9pisode de pluie aussi b\u00e9n\u00e9fique depuis le d\u00e9but de la s\u00e9cheresse en 2022\u00a0?<\/p>\n<p>Pour moi, entre la pluie abondante et \u00e9tal\u00e9e, coupl\u00e9e avec la neige qui est tomb\u00e9e partout, c\u2019est le meilleur \u00e9pisode que nous ayons connu depuis le d\u00e9but de la s\u00e9cheresse.<\/p>\n<p class=\"txt-question\">Quelle serait la suite id\u00e9ale pour le d\u00e9but d\u2019ann\u00e9e 2026\u00a0?<\/p>\n<p>Dans un monde parfait, il nous faudrait quelques jours de tramontane \u00e0 la rentr\u00e9e pour s\u00e9cher les feuillages et que nous ne soyons pas oblig\u00e9s de surtraiter pour sauver les productions. Et un printemps un peu pluvieux pour continuer de recharger les nappes serait l\u2019id\u00e9al.<\/p>\n","protected":false},"excerpt":{"rendered":"Voil\u00e0 trois ans que le pr\u00e9sident du syndicat des nappes de la plaine du Roussillon n\u2019avait pas \u00e9t\u00e9&hellip;\n","protected":false},"author":2,"featured_media":624568,"comment_status":"","ping_status":"","sticky":false,"template":"","format":"standard","meta":{"footnotes":""},"categories":[2],"tags":[1111,11,436,1011,27,12,3464,11548,25,73402,73403],"class_list":{"0":"post-624567","1":"post","2":"type-post","3":"status-publish","4":"format-standard","5":"has-post-thumbnail","7":"category-actualites","8":"tag-actu","9":"tag-actualites","10":"tag-environnement","11":"tag-fr","12":"tag-france","13":"tag-news","14":"tag-perpignan","15":"tag-pyrenees-orientales","16":"tag-republique-francaise","17":"tag-su00e9cheresse","18":"tag-su00e9cheresse-dans-les-pyru00e9nu00e9es-orientales"},"share_on_mastodon":{"url":"https:\/\/pubeurope.com\/@fr\/115789636745418426","error":""},"_links":{"self":[{"href":"https:\/\/www.europesays.com\/fr\/wp-json\/wp\/v2\/posts\/624567","targetHints":{"allow":["GET"]}}],"collection":[{"href":"https:\/\/www.europesays.com\/fr\/wp-json\/wp\/v2\/posts"}],"about":[{"href":"https:\/\/www.europesays.com\/fr\/wp-json\/wp\/v2\/types\/post"}],"author":[{"embeddable":true,"href":"https:\/\/www.europesays.com\/fr\/wp-json\/wp\/v2\/users\/2"}],"replies":[{"embeddable":true,"href":"https:\/\/www.europesays.com\/fr\/wp-json\/wp\/v2\/comments?post=624567"}],"version-history":[{"count":0,"href":"https:\/\/www.europesays.com\/fr\/wp-json\/wp\/v2\/posts\/624567\/revisions"}],"wp:featuredmedia":[{"embeddable":true,"href":"https:\/\/www.europesays.com\/fr\/wp-json\/wp\/v2\/media\/624568"}],"wp:attachment":[{"href":"https:\/\/www.europesays.com\/fr\/wp-json\/wp\/v2\/media?parent=624567"}],"wp:term":[{"taxonomy":"category","embeddable":true,"href":"https:\/\/www.europesays.com\/fr\/wp-json\/wp\/v2\/categories?post=624567"},{"taxonomy":"post_tag","embeddable":true,"href":"https:\/\/www.europesays.com\/fr\/wp-json\/wp\/v2\/tags?post=624567"}],"curies":[{"name":"wp","href":"https:\/\/api.w.org\/{rel}","templated":true}]}}