{"id":624569,"date":"2025-12-27T04:26:36","date_gmt":"2025-12-27T04:26:36","guid":{"rendered":"https:\/\/www.europesays.com\/fr\/624569\/"},"modified":"2025-12-27T04:26:36","modified_gmt":"2025-12-27T04:26:36","slug":"wall-street-manque-de-vigueur-apres-noel-26-12-2025-a-1630","status":"publish","type":"post","link":"https:\/\/www.europesays.com\/fr\/624569\/","title":{"rendered":"Wall Street manque de vigueur apr\u00e8s No\u00ebl &#8211; 26\/12\/2025 \u00e0 16:30"},"content":{"rendered":"<p>        <img decoding=\"async\" src=\"https:\/\/www.europesays.com\/fr\/wp-content\/uploads\/2025\/12\/d9a501c4257f27e728d0a316e5d8d6cf-760x479.jpg\" alt=\"Un bonhomme de neige sur le parquet de la Bourse de New York, le 3 d\u00e9cembre 2025 ( AFP \/ TIMOTHY A. CLARY )\" loading=\"eager\" fetchpriority=\"high\" width=\"760\" height=\"479\" style=\"max-width: 100%!important; height: auto;\"\/><\/p>\n<p class=\"c-image-news__legend\">Un bonhomme de neige sur le parquet de la Bourse de New York, le 3 d\u00e9cembre 2025 ( AFP \/ TIMOTHY A. CLARY )<\/p>\n<p>\n La Bourse de New York \u00e9volue d&rsquo;un pas prudent vendredi, \u00e0 l&rsquo;entame d&rsquo;une s\u00e9ance au cours de laquelle une faible participation est attendue en raison des f\u00eates de fin d&rsquo;ann\u00e9e.\n<\/p>\n<p>\n Vers 14H55 GMT, le Dow Jones \u00e9tait stable (-0,01%), l&rsquo;indice Nasdaq grappillait 0,07% et l&rsquo;indice \u00e9largi S&amp;P 500 prenait 0,10%.\n<\/p>\n<p>\n Jeudi, la place am\u00e9ricaine \u00e9tait rest\u00e9e close pour observer le jour f\u00e9ri\u00e9 de No\u00ebl.\n<\/p>\n<p>\n \u00ab\u00a0Le march\u00e9 boursier ne suscite pas beaucoup d&rsquo;int\u00e9r\u00eat aujourd&rsquo;hui\u00a0\u00bb, note Patrick O&rsquo;Hare, de Briefing.com.\n<\/p>\n<p>\n \u00ab\u00a0Les salles de march\u00e9 ne sont occup\u00e9es que par un personnel r\u00e9duit, les acteurs qui passent habituellement leurs ordres sur le march\u00e9 boursier le font ailleurs, et les administrations f\u00e9d\u00e9rales restent closes\u00a0\u00bb, ajoute l&rsquo;analyste.\n<\/p>\n<p>\n \u00ab\u00a0C&rsquo;est une journ\u00e9e compl\u00e8te (d&rsquo;\u00e9changes, ndlr) aux Etats-Unis alors qu&rsquo;une grande partie du monde est en cong\u00e9\u00a0\u00bb dans le cadre des c\u00e9l\u00e9brations du jour f\u00e9ri\u00e9 du \u00ab\u00a0Boxing Day\u00a0\u00bb, commente aupr\u00e8s de l&rsquo;AFP Steve Sosnick, d&rsquo;Interactive Brokers.\n<\/p>\n<p>\n Les places europ\u00e9ennes sont rest\u00e9es ferm\u00e9es vendredi et seulement une partie des Bourses asiatiques ont ouvert.\n<\/p>\n<p>\n Pour Wall Street, Steve Sosnick anticipe \u00ab\u00a0un sch\u00e9ma similaire \u00e0 celui que nous avons observ\u00e9 ces derniers jours, avec un d\u00e9but de journ\u00e9e plat\u00a0\u00bb qui pourrait se transformer en s\u00e9ance de progression pour les indices am\u00e9ricains.\n<\/p>\n<p>\n Aucun investisseur \u00ab\u00a0ne voudra vendre \u00e0 d\u00e9couvert\u00a0\u00bb si le march\u00e9 est stable ou en hausse, dans la configuration actuelle o\u00f9 le volume d&rsquo;\u00e9changes est faible, estime l&rsquo;analyste.\n<\/p>\n<p>\n D&rsquo;autant qu&rsquo;\u00e0 \u00ab\u00a0l&rsquo;approche de la fin de l&rsquo;ann\u00e9e, de nombreux fonds et gestionnaires de fonds aimeraient certainement voir leurs principales positions cl\u00f4turer \u00e0 un niveau aussi \u00e9lev\u00e9 que possible, ils ont donc tout int\u00e9r\u00eat \u00e0 ce que le march\u00e9 progresse\u00a0\u00bb, ajoute-t-il.\n<\/p>\n<p>\n Mardi, le Dow Jones et le S&amp;P 500 ont d&rsquo;ailleurs cl\u00f4tur\u00e9 \u00e0 un nouveau record.\n<\/p>\n<p>\n Sur le plan macro\u00e9conomique, la journ\u00e9e promet d&rsquo;\u00eatre calme car aucun indicateur d&rsquo;importance n&rsquo;est attendu.\n<\/p>\n<p>\n Sur le march\u00e9 obligataire, le rendement de l&#8217;emprunt am\u00e9ricain \u00e0 dix ans \u00e9tait stable vers 14H45 GMT \u00e0 4,12% contre 4,13% \u00e0 la cl\u00f4ture mardi.\n<\/p>\n<p>\n C\u00f4t\u00e9 entreprises, le g\u00e9ant am\u00e9ricain des puces \u00e9lectroniques<br \/>\n <a href=\"https:\/\/www.boursorama.com\/cours\/NVDA\/\" target=\"_blank\" rel=\"noopener\"><br \/>\n  Nvidia<br \/>\n <\/a><br \/>\n (+1,70% \u00e0 191,80 dollars) \u00e9tait recherch\u00e9 apr\u00e8s avoir annonc\u00e9 mardi qu&rsquo;il allait d\u00e9baucher l&rsquo;\u00e9quipe dirigeante de son concurrent Groq, sp\u00e9cialis\u00e9 dans les processeurs d\u00e9di\u00e9s \u00e0 l&rsquo;intelligence artificielle (IA) g\u00e9n\u00e9rative, avec qui il a conclu un accord de licence.\n<\/p>\n<p>\n Groq ne doit pas \u00eatre confondu avec Grok, l&rsquo;interface d&rsquo;IA de xAI, entreprise contr\u00f4l\u00e9e par Elon Musk.\n<\/p>\n<p>\n Les compagnies a\u00e9riennes \u00e9taient orient\u00e9es \u00e0 la baisse alors qu&rsquo;une temp\u00eate hivernale attendue dans le nord-est des Etats-Unis risque de perturber leur activit\u00e9. United Airlines l\u00e2chait 0,35%, Frontier c\u00e9dait 1,86% et American Airlines perdait 1,63%.\n<\/p>\n<p>\n Le groupe de v\u00eatements et d&rsquo;\u00e9quipements sportifs Nike (+1,00% \u00e0 60,60 dollars) continuait de profiter du renforcement \u00e0 son capital du patron d&rsquo;<br \/>\n <a href=\"https:\/\/www.boursorama.com\/cours\/AAPL\/\" target=\"_blank\" rel=\"noopener\"><br \/>\n  Apple<br \/>\n <\/a><br \/>\n Tim Cook, qui s&rsquo;est offert en d\u00e9cembre pour pr\u00e8s de 3 millions d&rsquo;actions Nike, selon un document financier d\u00e9pos\u00e9 mardi aupr\u00e8s du gendarme boursier am\u00e9ricain (SEC).\n<\/p>\n<p>\n Nasdaq<\/p>\n","protected":false},"excerpt":{"rendered":"Un bonhomme de neige sur le parquet de la Bourse de New York, le 3 d\u00e9cembre 2025 (&hellip;\n","protected":false},"author":2,"featured_media":624570,"comment_status":"","ping_status":"","sticky":false,"template":"","format":"standard","meta":{"footnotes":""},"categories":[2],"tags":[400,11,398,408,405,1011,27,403,402,399,404,12,25,401,406,407],"class_list":{"0":"post-624569","1":"post","2":"type-post","3":"status-publish","4":"format-standard","5":"has-post-thumbnail","7":"category-actualites","8":"tag-action-cac-40","9":"tag-actualites","10":"tag-bourse-de-paris","11":"tag-boursorama","12":"tag-cotations","13":"tag-fr","14":"tag-france","15":"tag-indices-devises","16":"tag-investir","17":"tag-investissement","18":"tag-marche-boursier","19":"tag-news","20":"tag-republique-francaise","21":"tag-sicav","22":"tag-trackers","23":"tag-warrants"},"share_on_mastodon":{"url":"https:\/\/pubeurope.com\/@fr\/115789639510949297","error":""},"_links":{"self":[{"href":"https:\/\/www.europesays.com\/fr\/wp-json\/wp\/v2\/posts\/624569","targetHints":{"allow":["GET"]}}],"collection":[{"href":"https:\/\/www.europesays.com\/fr\/wp-json\/wp\/v2\/posts"}],"about":[{"href":"https:\/\/www.europesays.com\/fr\/wp-json\/wp\/v2\/types\/post"}],"author":[{"embeddable":true,"href":"https:\/\/www.europesays.com\/fr\/wp-json\/wp\/v2\/users\/2"}],"replies":[{"embeddable":true,"href":"https:\/\/www.europesays.com\/fr\/wp-json\/wp\/v2\/comments?post=624569"}],"version-history":[{"count":0,"href":"https:\/\/www.europesays.com\/fr\/wp-json\/wp\/v2\/posts\/624569\/revisions"}],"wp:featuredmedia":[{"embeddable":true,"href":"https:\/\/www.europesays.com\/fr\/wp-json\/wp\/v2\/media\/624570"}],"wp:attachment":[{"href":"https:\/\/www.europesays.com\/fr\/wp-json\/wp\/v2\/media?parent=624569"}],"wp:term":[{"taxonomy":"category","embeddable":true,"href":"https:\/\/www.europesays.com\/fr\/wp-json\/wp\/v2\/categories?post=624569"},{"taxonomy":"post_tag","embeddable":true,"href":"https:\/\/www.europesays.com\/fr\/wp-json\/wp\/v2\/tags?post=624569"}],"curies":[{"name":"wp","href":"https:\/\/api.w.org\/{rel}","templated":true}]}}