{"id":624577,"date":"2025-12-27T04:36:19","date_gmt":"2025-12-27T04:36:19","guid":{"rendered":"https:\/\/www.europesays.com\/fr\/624577\/"},"modified":"2025-12-27T04:36:19","modified_gmt":"2025-12-27T04:36:19","slug":"cc-coupe-du-monde-elite-hommes-termonde-les-engages-directvelo","status":"publish","type":"post","link":"https:\/\/www.europesays.com\/fr\/624577\/","title":{"rendered":"CC &#8211; Coupe du Monde &#8211; \u00c9lite Hommes &#8211; Termonde : Les engag\u00e9s &#8211; DirectVelo"},"content":{"rendered":"<ol>\n<li><a href=\"https:\/\/news.google.com\/rss\/articles\/CBMimwFBVV95cUxQbVZxcTJIZU1XcnkwQl9TQ2JVODVabXdoaTc2aGt4T0t0SDRvN3pZN2RDVVhyTlBSUk1CZDZZNkVndlZlMk5sanhjZVM0N0J6VzB5TEhteTlYYUNKclRENGpnZGJPWUI5S09qQWhnLVdHM3BKVGdCRjdTTS1BMDV6ZU43Ny16bkU4bjN4QVVfUnk1Yk5yVFE3UU1FMA?oc=5\" target=\"_blank\" rel=\"noopener\">CC &#8211; Coupe du Monde &#8211; \u00c9lite Hommes &#8211; Termonde : Les engag\u00e9s<\/a>&nbsp;&nbsp;DirectVelo<\/li>\n<li><a href=\"https:\/\/news.google.com\/rss\/articles\/CBMimAFBVV95cUxPQUVwMzk0Zm8ybi1yZUNPeE1wQW5Sc2REX0FfNkRzVXFCc0hvNmh6bDNMZFNDRHE0WUpHNVVPcHpFc0hpWHFWeTJzT21vM0NJU0c4N0NRVm5jRDlzcjBqR3VYMHJPUTIwbktzZm5DcGVMRHVGZ2lhZ2tHRE11QjVfTzFwQmpJWXZCd0VSanRYSElQcUdNblc3bQ?oc=5\" target=\"_blank\" rel=\"noopener\">CC &#8211; Coupe du Monde &#8211; U19 Hommes &#8211; Termonde : Les engag\u00e9s<\/a>&nbsp;&nbsp;DirectVelo<\/li>\n<li><a href=\"https:\/\/news.google.com\/rss\/articles\/CBMitwJBVV95cUxNUDBKRjFvNEduYzlTOEFDYi1rVm00STYtRUhtaHNVT2had1R0cGhqakRjNHAzVlZ6d3h4eG1RZEE0ZG11R1JIcXExWlAzUndLREdWV2xvSndReFhDMzkxbFZDRm9ZcDVvcEE1ZXprTzJ6Ny1YV3Bsa2tOUE96UG16bEdpRk5yWkYwZHR6VTRUNHZLUVg1Q0NPOEJQQ0NQRS1HLVlzSlQ3SzNtalg2UjJPZ2c4QXR2MlBsSXVxeUdueTM4TmRSV2h5ZFdleUV0bGtWT0xUQlRKM3pfVHU5NFcwbzFZd0tEc1VGT0U2VXJZT0I5REFQUDBoSGo5VVVoNU0yR3BxYTd6UHlMTVVKbkRnS0Y0VlIzOW8wQ1haTlExbExtZ2NLX3VVYll5bF9ZRjJabXdIUlh3NA?oc=5\" target=\"_blank\" rel=\"noopener\">\u00ab Il a fallu tout donner sur ce circuit tr\u00e8s \u00e9prouvant \u00bb : la cycliste plouz\u00e9v\u00e9d\u00e9enne Eloane Lebreton en Belgique pour la Coupe du Monde de cyclo-cross<\/a>&nbsp;&nbsp;Le T\u00e9l\u00e9gramme<\/li>\n<li><a href=\"https:\/\/news.google.com\/rss\/articles\/CBMiwgFBVV95cUxQTkc4bUtLSnNGV1diTTRVemVXc0lJM3FaYVNpSXFXZW81bnE0NFByUE5oSmhSOG15Rm9mbXRzOUM1WnhhNktoVE8xTXh4TDNzUk5kUGpOY0FoU1F2RFBwR0dpQTE1N19MZl9rbXJSVWRTVXp4TUxwcHVNUHM3bU5Qb0lQcjFoTC1CQi1JY3pESDJ5cGtPUTgyTjJnZlZ2OE5JSlY3b2Z2cklRd0plYjNUbTJ0TnJ1MXpfa1BrdW5kbWtOZw?oc=5\" target=\"_blank\" rel=\"noopener\">Cyclo-cross. En lice les 26 et 28 d\u00e9cembre&#8230; Le copieux menu belge d&rsquo;apr\u00e8s f\u00eates pour les Alsaciens<\/a>&nbsp;&nbsp;L&rsquo;Alsace<\/li>\n<li><a href=\"https:\/\/news.google.com\/rss\/articles\/CBMinAFBVV95cUxOd3ZLMGQtYkx0RTVOY2duMVR2cXN1NmhZX2VYNmFLQ0R5S1gwR29RdTZqQlpqZml1QzdnYVV5SXJUcWFvWnhVamMzTEd3amJsdVlILTRSY1JDTzg5c2hacXdJWEZzZjJwNUdyTlpjc0xFaTdkc21JRGhWYnBJNjg2UUFNZkJVdGJGNUNwVHJoOVJGUzhCSVJYRGJhQU0?oc=5\" target=\"_blank\" rel=\"noopener\">CC &#8211; Coupe du Monde &#8211; \u00c9lite Femmes &#8211; Termonde : Les engag\u00e9es<\/a>&nbsp;&nbsp;DirectVelo<\/li>\n<\/ol>\n","protected":false},"excerpt":{"rendered":"CC &#8211; Coupe du Monde &#8211; \u00c9lite Hommes &#8211; Termonde : Les engag\u00e9s&nbsp;&nbsp;DirectVelo CC &#8211; Coupe du Monde&hellip;\n","protected":false},"author":2,"featured_media":624578,"comment_status":"","ping_status":"","sticky":false,"template":"","format":"standard","meta":{"footnotes":""},"categories":[1411],"tags":[834,828,836,829,837,827,83,826,824,823,1154,207,814,817,815,816,822,821,832,211,839,1011,27,820,818,819,835,831,830,833,838,60,212,208,825],"class_list":{"0":"post-624577","1":"post","2":"type-post","3":"status-publish","4":"format-standard","5":"has-post-thumbnail","7":"category-cyclisme","8":"tag-attaque","9":"tag-belgique","10":"tag-braquet","11":"tag-bretagne","12":"tag-chute","13":"tag-competition","14":"tag-coupe-de-france","15":"tag-coureur","16":"tag-course-cyclisme","17":"tag-course-cycliste","18":"tag-cycling","19":"tag-cyclisme","20":"tag-direct","21":"tag-direct-velo","22":"tag-directvelo","23":"tag-directvelo-com","24":"tag-epreuve","25":"tag-epreuve-cycliste","26":"tag-federation-francaise-de-cyclisme","27":"tag-ffc","28":"tag-flandres","29":"tag-fr","30":"tag-france","31":"tag-live","32":"tag-live-course","33":"tag-live-epreuve","34":"tag-peloton","35":"tag-radio-peloton","36":"tag-radio-tour","37":"tag-ravitaillement","38":"tag-relance","39":"tag-sports","40":"tag-uci","41":"tag-velo","42":"tag-velos"},"share_on_mastodon":{"url":"https:\/\/pubeurope.com\/@fr\/115789678847753951","error":""},"_links":{"self":[{"href":"https:\/\/www.europesays.com\/fr\/wp-json\/wp\/v2\/posts\/624577","targetHints":{"allow":["GET"]}}],"collection":[{"href":"https:\/\/www.europesays.com\/fr\/wp-json\/wp\/v2\/posts"}],"about":[{"href":"https:\/\/www.europesays.com\/fr\/wp-json\/wp\/v2\/types\/post"}],"author":[{"embeddable":true,"href":"https:\/\/www.europesays.com\/fr\/wp-json\/wp\/v2\/users\/2"}],"replies":[{"embeddable":true,"href":"https:\/\/www.europesays.com\/fr\/wp-json\/wp\/v2\/comments?post=624577"}],"version-history":[{"count":0,"href":"https:\/\/www.europesays.com\/fr\/wp-json\/wp\/v2\/posts\/624577\/revisions"}],"wp:featuredmedia":[{"embeddable":true,"href":"https:\/\/www.europesays.com\/fr\/wp-json\/wp\/v2\/media\/624578"}],"wp:attachment":[{"href":"https:\/\/www.europesays.com\/fr\/wp-json\/wp\/v2\/media?parent=624577"}],"wp:term":[{"taxonomy":"category","embeddable":true,"href":"https:\/\/www.europesays.com\/fr\/wp-json\/wp\/v2\/categories?post=624577"},{"taxonomy":"post_tag","embeddable":true,"href":"https:\/\/www.europesays.com\/fr\/wp-json\/wp\/v2\/tags?post=624577"}],"curies":[{"name":"wp","href":"https:\/\/api.w.org\/{rel}","templated":true}]}}