{"id":624583,"date":"2025-12-27T04:39:40","date_gmt":"2025-12-27T04:39:40","guid":{"rendered":"https:\/\/www.europesays.com\/fr\/624583\/"},"modified":"2025-12-27T04:39:40","modified_gmt":"2025-12-27T04:39:40","slug":"oyonnax-ses-sculptures-donnent-une-seconde-vie-aux-purges-de-plastique","status":"publish","type":"post","link":"https:\/\/www.europesays.com\/fr\/624583\/","title":{"rendered":"Oyonnax. Ses sculptures donnent une seconde vie aux purges de plastique"},"content":{"rendered":"<p>Le peintre et sculpteur Jean-Jacques Dalmais s\u2019est int\u00e9ress\u00e9 tardivement au plastique en tant que mat\u00e9riau artistique. Un paradoxe pour un Oyonnaxien\u00a0? \u00ab\u00a0Disons que c\u2019est un int\u00e9r\u00eat r\u00e9cent, un tournant, dans le sens o\u00f9 je n\u2019ai pas touch\u00e9 de plastique pendant 50 ans\u00a0! Je ne vais pas me transformer en sculpteur du plastique, c\u2019est une activit\u00e9 p\u00e9riph\u00e9rique\u00a0\u00bb, explique l\u2019artiste.<\/p>\n<p>Jean-Jacques Dalmais a travaill\u00e9 tous les mat\u00e9riaux, m\u00eame les plus&#8230;<\/p>\n","protected":false},"excerpt":{"rendered":"Le peintre et sculpteur Jean-Jacques Dalmais s\u2019est int\u00e9ress\u00e9 tardivement au plastique en tant que mat\u00e9riau artistique. Un paradoxe&hellip;\n","protected":false},"author":2,"featured_media":624584,"comment_status":"","ping_status":"","sticky":false,"template":"","format":"standard","meta":{"footnotes":""},"categories":[1358],"tags":[1348,1384,1385,1687,1386,58,3312,59,2271,1011,27,2729,5583],"class_list":{"0":"post-624583","1":"post","2":"type-post","3":"status-publish","4":"format-standard","5":"has-post-thumbnail","7":"category-arts-et-design","8":"tag-arts","9":"tag-arts-and-design","10":"tag-arts-et-design","11":"tag-culture-loisirs","12":"tag-design","13":"tag-divertissement","14":"tag-edition-ain-est","15":"tag-entertainment","16":"tag-exposition-arts-plastiques","17":"tag-fr","18":"tag-france","19":"tag-oyonnax","20":"tag-oyonnax-bassin"},"share_on_mastodon":{"url":"https:\/\/pubeurope.com\/@fr\/115789690491028873","error":""},"_links":{"self":[{"href":"https:\/\/www.europesays.com\/fr\/wp-json\/wp\/v2\/posts\/624583","targetHints":{"allow":["GET"]}}],"collection":[{"href":"https:\/\/www.europesays.com\/fr\/wp-json\/wp\/v2\/posts"}],"about":[{"href":"https:\/\/www.europesays.com\/fr\/wp-json\/wp\/v2\/types\/post"}],"author":[{"embeddable":true,"href":"https:\/\/www.europesays.com\/fr\/wp-json\/wp\/v2\/users\/2"}],"replies":[{"embeddable":true,"href":"https:\/\/www.europesays.com\/fr\/wp-json\/wp\/v2\/comments?post=624583"}],"version-history":[{"count":0,"href":"https:\/\/www.europesays.com\/fr\/wp-json\/wp\/v2\/posts\/624583\/revisions"}],"wp:featuredmedia":[{"embeddable":true,"href":"https:\/\/www.europesays.com\/fr\/wp-json\/wp\/v2\/media\/624584"}],"wp:attachment":[{"href":"https:\/\/www.europesays.com\/fr\/wp-json\/wp\/v2\/media?parent=624583"}],"wp:term":[{"taxonomy":"category","embeddable":true,"href":"https:\/\/www.europesays.com\/fr\/wp-json\/wp\/v2\/categories?post=624583"},{"taxonomy":"post_tag","embeddable":true,"href":"https:\/\/www.europesays.com\/fr\/wp-json\/wp\/v2\/tags?post=624583"}],"curies":[{"name":"wp","href":"https:\/\/api.w.org\/{rel}","templated":true}]}}