{"id":624585,"date":"2025-12-27T04:41:16","date_gmt":"2025-12-27T04:41:16","guid":{"rendered":"https:\/\/www.europesays.com\/fr\/624585\/"},"modified":"2025-12-27T04:41:16","modified_gmt":"2025-12-27T04:41:16","slug":"magali-ripoll-balance-sur-lattitude-de-cyril-feraud-en-coulisses","status":"publish","type":"post","link":"https:\/\/www.europesays.com\/fr\/624585\/","title":{"rendered":"Magali Ripoll balance sur l\u2019attitude de Cyril F\u00e9raud en coulisses"},"content":{"rendered":"<p>S\u00a0\u00bbil y a bien une musicienne connue du c\u00f4t\u00e9 de chez France<br \/>\nT\u00e9l\u00e9visions, c&rsquo;est Magali Ripoll. Cette derni\u00e8re a notamment \u00e9t\u00e9<br \/>\nr\u00e9v\u00e9l\u00e9e au public gr\u00e2ce \u00e0 l&rsquo;\u00e9mission N&rsquo;oubliez pas les paroles.<br \/>\nForc\u00e9ment <a href=\"https:\/\/www.melty.fr\/people\/apres-leur-collaboration-magali-ripoll-devoile-le-vrai-visage-de-nagui-il-est-2275485.html\" target=\"_blank\" rel=\"noopener\"><br \/>\napr\u00e8s toutes ces ann\u00e9es pass\u00e9es aux c\u00f4t\u00e9s de Nagui, une belle<br \/>\namiti\u00e9 est n\u00e9e.<\/a> Dans les colonnes de\u00a0Nous Deux,<br \/>\nMagali Ripoll a justement d\u00e9clar\u00e9 : <strong>\u00ab\u00a0Dans ma t\u00eate, il<br \/>\nreste toujours le patron et moi le petit soldat. Mais c\u2019est vrai<br \/>\nque l\u2019amiti\u00e9 est l\u00e0 et la complicit\u00e9 tr\u00e8s forte<br \/>\nmaintenant.\u00a0\u00bb<\/strong><\/p>\n<p>La finale de La meilleure chorale de France sera diffus\u00e9e ce<br \/>\nvendredi 26 d\u00e9cembre 2025<\/p>\n<p>En octobre dernier, Magali Ripoll \u00e9tait l&rsquo;invit\u00e9e de Buzz TV et<br \/>\nelle avait d\u00e9j\u00e0 \u00e9voqu\u00e9 sa relation avec <a href=\"https:\/\/www.melty.fr\/tele\/tbt9-cyril-hanouna-et-matthieu-delormeau-dezinguent-nagui-un-animateur-de-karaoke-2276908.html\" target=\"_blank\" rel=\"noopener\"><br \/>\nNagui qui a r\u00e9cemment \u00e9t\u00e9 d\u00e9zingu\u00e9 par Matthieu Delormeau et Cyril<br \/>\nHanouna sur le plateau de Tout beau, tout neuf.<\/a> \u00ab\u00a0C\u2019est une<br \/>\ngrande amiti\u00e9 professionnelle. J\u2019ai un sentiment de confiance et je<br \/>\nsais qu\u2019il l\u2019a en retour. Et je l\u2019aime \u00e9norm\u00e9ment\u00a0\u00bb, a-t-elle<br \/>\ndit au cours de cet entretien.<\/p>\n<p><strong>Ce vendredi 26 d\u00e9cembre 2025, ce n&rsquo;est pas aux c\u00f4t\u00e9s de<br \/>\nNagui que les t\u00e9l\u00e9spectateurs vont la retrouver, puisqu&rsquo;elle sera<br \/>\nen duo avec Laurent Luyat pour animer la finale de La meilleure<br \/>\nchorale de France, sur France 3<\/strong>. Pour cette finale, le<br \/>\njury est compos\u00e9 de Vincent Niclo, Adeline Toniutti, Nicoletta et<br \/>\nChim\u00e8ne Badi. Une seule r\u00e9gion repartira avec le troph\u00e9e tant<br \/>\nconvoit\u00e9.<\/p>\n<p>Magali Ripoll d\u00e9voile la r\u00e9action de Nagui<\/p>\n<p>Pour Toutelatele, Magali Ripoll a d\u00e9voil\u00e9 en exclusivit\u00e9 la<br \/>\nr\u00e9action de Nagui lorsqu&rsquo;elle lui a annonc\u00e9 qu&rsquo;elle animerait La<br \/>\nmeilleure chorale de France. \u00ab\u00a0Il \u00e9tait tr\u00e8s content quand je<br \/>\nlui ai annonc\u00e9 que la cha\u00eene me confiait ce r\u00f4le-l\u00e0 dans cette<br \/>\n\u00e9mission. Il m\u2019a fait un hug et \u00e9tait ravi\u00a0\u00bb, a-t-elle dit dans<br \/>\nun premier temps.<\/p>\n<p>Par la suite, elle a ajout\u00e9 : \u00ab\u00a0Apr\u00e8s, je serai curieuse de<br \/>\nsavoir comment il voit les choses. J\u2019ai d\u00e9barqu\u00e9 comme musicienne<br \/>\ndans son \u00e9mission il y a 18 ans. Et puis l\u00e0, j\u2019\u00e9volue et il sait<br \/>\nque j\u2019en ai envie. <strong>Il me fait confiance aussi et m\u2019a dit<br \/>\nqu\u2019il \u00e9tait ravi, cela me touche.<\/strong>\u00ab\u00a0<\/p>\n<p>\u00ab\u00a0Il m\u2019a dit de me servir du<br \/>\nprompteur d\u2019une certaine fa\u00e7on\u00a0\u00bb<\/p>\n<p>Au cours de cette m\u00eame interview, Magali Ripoll a d\u00e9voil\u00e9 les<br \/>\nconseils donn\u00e9s par Cyril F\u00e9raud pour animer l&rsquo;\u00e9mission.<br \/>\n\u00ab\u00a0<strong>Il m\u2019avait d\u00e9j\u00e0 donn\u00e9 des conseils tout au long de<br \/>\nl\u2019ann\u00e9e qui venait de s\u2019\u00e9couler.<\/strong> On \u00e9change de temps en<br \/>\ntemps avec Cyril. Il m\u2019envisageait dans ce genre de r\u00f4le, ce qui<br \/>\nm\u2019a fait \u00e9norm\u00e9ment plaisir et beaucoup touch\u00e9e\u00a0\u00bb a-t-elle dit<br \/>\navant d&rsquo;ajouter : \u00ab\u00a0Un jour, il m\u2019a dit : \u2018mais t\u2019as le truc,<br \/>\nvas-y, fonce, voil\u00e0, t\u2019as un contact avec les gens, t\u2019es cool, t\u2019es<br \/>\n\u00e0 l\u2019aise. Moi, je te vois bien prendre le micro et animer un<br \/>\nprogramme\u2019. J\u2019avais d\u00e9j\u00e0 \u00e9t\u00e9 hyper touch\u00e9e, c\u2019est quand m\u00eame Cyril<br \/>\nF\u00e9raud qui vous dit \u00e7a, il fait partie des animateurs pr\u00e9f\u00e9r\u00e9s des<br \/>\nFran\u00e7ais, ce n\u2019est pas rien. Et en m\u00eame temps, i<strong>l m\u2019a<br \/>\npouss\u00e9e \u00e0 prendre ma place et \u00e0 rejouer un jour ce<br \/>\nr\u00f4le-l\u00e0.<\/strong>\u00ab\u00a0<\/p>\n<p>Elle a \u00e9galement pr\u00e9cis\u00e9 : \u00ab\u00a0<strong>Il m\u2019a dit de me servir<br \/>\ndu prompteur d\u2019une certaine fa\u00e7on<\/strong>, parce qu\u2019il voyait que<br \/>\nj\u2019avais besoin de m\u2019en servir, mais pas trop. <strong>Il \u00e9tait<br \/>\nvraiment tr\u00e8s \u00e0 l\u2019\u00e9coute<\/strong>, alors qu\u2019il ne savait pas, dans<br \/>\nles mois qui pr\u00e9c\u00e9daient, que lui-m\u00eame allait arr\u00eater cette<br \/>\n\u00e9mission et que j\u2019allais \u00eatre \u00e0 sa place quelques mois plus<br \/>\ntard.\u00a0\u00bb<\/p>\n","protected":false},"excerpt":{"rendered":"S\u00a0\u00bbil y a bien une musicienne connue du c\u00f4t\u00e9 de chez France T\u00e9l\u00e9visions, c&rsquo;est Magali Ripoll. Cette derni\u00e8re&hellip;\n","protected":false},"author":2,"featured_media":624586,"comment_status":"","ping_status":"","sticky":false,"template":"","format":"standard","meta":{"footnotes":""},"categories":[1356],"tags":[4642,58,59,1011,27,252,1364],"class_list":{"0":"post-624585","1":"post","2":"type-post","3":"status-publish","4":"format-standard","5":"has-post-thumbnail","7":"category-television","8":"tag-cyril-feraud","9":"tag-divertissement","10":"tag-entertainment","11":"tag-fr","12":"tag-france","13":"tag-television","14":"tag-tv"},"share_on_mastodon":{"url":"https:\/\/pubeurope.com\/@fr\/115789698513451894","error":""},"_links":{"self":[{"href":"https:\/\/www.europesays.com\/fr\/wp-json\/wp\/v2\/posts\/624585","targetHints":{"allow":["GET"]}}],"collection":[{"href":"https:\/\/www.europesays.com\/fr\/wp-json\/wp\/v2\/posts"}],"about":[{"href":"https:\/\/www.europesays.com\/fr\/wp-json\/wp\/v2\/types\/post"}],"author":[{"embeddable":true,"href":"https:\/\/www.europesays.com\/fr\/wp-json\/wp\/v2\/users\/2"}],"replies":[{"embeddable":true,"href":"https:\/\/www.europesays.com\/fr\/wp-json\/wp\/v2\/comments?post=624585"}],"version-history":[{"count":0,"href":"https:\/\/www.europesays.com\/fr\/wp-json\/wp\/v2\/posts\/624585\/revisions"}],"wp:featuredmedia":[{"embeddable":true,"href":"https:\/\/www.europesays.com\/fr\/wp-json\/wp\/v2\/media\/624586"}],"wp:attachment":[{"href":"https:\/\/www.europesays.com\/fr\/wp-json\/wp\/v2\/media?parent=624585"}],"wp:term":[{"taxonomy":"category","embeddable":true,"href":"https:\/\/www.europesays.com\/fr\/wp-json\/wp\/v2\/categories?post=624585"},{"taxonomy":"post_tag","embeddable":true,"href":"https:\/\/www.europesays.com\/fr\/wp-json\/wp\/v2\/tags?post=624585"}],"curies":[{"name":"wp","href":"https:\/\/api.w.org\/{rel}","templated":true}]}}