{"id":624600,"date":"2025-12-27T04:50:17","date_gmt":"2025-12-27T04:50:17","guid":{"rendered":"https:\/\/www.europesays.com\/fr\/624600\/"},"modified":"2025-12-27T04:50:17","modified_gmt":"2025-12-27T04:50:17","slug":"vols-dans-des-eglises-trois-hommes-condamnes-a-des-peines-de-prison","status":"publish","type":"post","link":"https:\/\/www.europesays.com\/fr\/624600\/","title":{"rendered":"Vols dans des \u00e9glises\u00a0: trois hommes condamn\u00e9s \u00e0 des peines de prison"},"content":{"rendered":"<p class=\"paragraph text_align_left lp-f-body-02\">Trois hommes ont \u00e9t\u00e9 condamn\u00e9s vendredi \u00e0 <a href=\"https:\/\/www.leparisien.fr\/elections\/municipales\/municipales-2026-passe-darmes-a-laon-entre-le-maire-sortant-et-son-adversaire-macroniste-au-sujet-des-frais-de-representation-10-12-2025-ZVE4WTD4QFCEPOW7IV7DW2ZXQQ.php\" target=\"_self\" rel=\"noopener\">Laon<\/a> (<a href=\"https:\/\/www.leparisien.fr\/aisne-02\/\" target=\"_self\" rel=\"noopener\">Aisne<\/a>) \u00e0 de la prison ferme ou avec sursis pour une <a href=\"https:\/\/www.leparisien.fr\/faits-divers\/calices-ciboires-chasses-trois-hommes-arretes-dans-laisne-apres-une-trentaine-de-vols-dans-des-eglises-17-10-2025-DO3EZIQBZNFVJE3VNNILZIJKMY.php\" target=\"_self\" rel=\"noopener\">trentaine de vols et d\u00e9gradations dans des \u00e9glises du nord et de l\u2019est de la France<\/a>, commis entre juin et septembre.<\/p>\n<p class=\"\">Les deux auteurs des vols, \u00e2g\u00e9s de 29 et 34 ans, ont \u00e9t\u00e9 condamn\u00e9s \u00e0 trois ans de prison dont deux avec sursis. Un brocanteur \u00e2g\u00e9 de 73 ans, a \u00e9t\u00e9 condamn\u00e9 pour recel \u00e0 six mois avec sursis, \u00e0 10 000 euros d\u2019amende et \u00e0 l\u2019interdiction d\u00e9finitive d\u2019exercer une profession commerciale ou industrielle.<\/p>\n<p class=\"\">Les trois hommes avaient \u00e9t\u00e9 interpell\u00e9s en octobre dans l\u2019Aisne apr\u00e8s une s\u00e9rie de vols survenus depuis juin dans des \u00e9glises du d\u00e9partement, mais aussi dans la <a href=\"https:\/\/www.leparisien.fr\/marne-51\/\" target=\"_self\" rel=\"noopener\">Marne<\/a>, la <a href=\"https:\/\/www.leparisien.fr\/somme-80\/\" target=\"_self\" rel=\"noopener\">Somme<\/a> et le <a href=\"https:\/\/www.leparisien.fr\/nord-59\/\" target=\"_self\" rel=\"noopener\">Nord<\/a>.<\/p>\n<p>Les objets retrouv\u00e9s pour la plupart<\/p>\n<p class=\"\">Les voleurs, qui ont reconnu les faits, avaient d\u00e9grad\u00e9 des portes de sacristies et des tabernacles, et vol\u00e9 des calices, ciboires, pat\u00e8nes, ostensoirs, ch\u00e2sses et autres objets de culte rev\u00eatant une forte valeur morale et religieuse, selon le parquet de Laon.<\/p>\n<p class=\"lp-card-podcast-highlighting__title  lp-f-subtitle-05\">[2\/2] Vengeance et colis pi\u00e9g\u00e9\u00a0: le myst\u00e9rieux attentat de La\u00a0Baule<\/p>\n<p><a class=\"lp-card-podcast-highlighting__call-to-action\" data-page-type=\"HP\" data-block-name=\"podcast-highlight\">\u00c9couter<\/a><\/p>\n<p class=\"\">La majeure partie des objets, ainsi qu\u2019un pied de biche et des gants, avaient \u00e9t\u00e9 retrouv\u00e9s aux domiciles des deux hommes. Les deux voleurs ont \u00e9galement \u00e9t\u00e9 condamn\u00e9s \u00e0 indemniser le pr\u00e9judice subi par 17 mairies de l\u2019Aisne, du Nord et de la Marne, qui \u00e9taient parties civiles.<\/p>\n<p class=\"\">Le brocanteur d\u00e9clar\u00e9 coupable de faits de recel va faire appel, a d\u00e9clar\u00e9 vendredi son avocat Me Vincent Demory. Il a reconnu que les deux hommes ont tent\u00e9 de lui vendre des objets religieux, mais a ni\u00e9 les avoir achet\u00e9s ou revendus, faute de documents justificatifs d\u2019une provenance l\u00e9gale, selon son avocat.<\/p>\n","protected":false},"excerpt":{"rendered":"Trois hommes ont \u00e9t\u00e9 condamn\u00e9s vendredi \u00e0 Laon (Aisne) \u00e0 de la prison ferme ou avec sursis pour&hellip;\n","protected":false},"author":2,"featured_media":624601,"comment_status":"","ping_status":"","sticky":false,"template":"","format":"standard","meta":{"footnotes":""},"categories":[4],"tags":[11,459,118,1011,27,12,25],"class_list":{"0":"post-624600","1":"post","2":"type-post","3":"status-publish","4":"format-standard","5":"has-post-thumbnail","7":"category-france","8":"tag-actualites","9":"tag-departements-horsidfo","10":"tag-faits-divers","11":"tag-fr","12":"tag-france","13":"tag-news","14":"tag-republique-francaise"},"share_on_mastodon":{"url":"https:\/\/pubeurope.com\/@fr\/115789733860636843","error":""},"_links":{"self":[{"href":"https:\/\/www.europesays.com\/fr\/wp-json\/wp\/v2\/posts\/624600","targetHints":{"allow":["GET"]}}],"collection":[{"href":"https:\/\/www.europesays.com\/fr\/wp-json\/wp\/v2\/posts"}],"about":[{"href":"https:\/\/www.europesays.com\/fr\/wp-json\/wp\/v2\/types\/post"}],"author":[{"embeddable":true,"href":"https:\/\/www.europesays.com\/fr\/wp-json\/wp\/v2\/users\/2"}],"replies":[{"embeddable":true,"href":"https:\/\/www.europesays.com\/fr\/wp-json\/wp\/v2\/comments?post=624600"}],"version-history":[{"count":0,"href":"https:\/\/www.europesays.com\/fr\/wp-json\/wp\/v2\/posts\/624600\/revisions"}],"wp:featuredmedia":[{"embeddable":true,"href":"https:\/\/www.europesays.com\/fr\/wp-json\/wp\/v2\/media\/624601"}],"wp:attachment":[{"href":"https:\/\/www.europesays.com\/fr\/wp-json\/wp\/v2\/media?parent=624600"}],"wp:term":[{"taxonomy":"category","embeddable":true,"href":"https:\/\/www.europesays.com\/fr\/wp-json\/wp\/v2\/categories?post=624600"},{"taxonomy":"post_tag","embeddable":true,"href":"https:\/\/www.europesays.com\/fr\/wp-json\/wp\/v2\/tags?post=624600"}],"curies":[{"name":"wp","href":"https:\/\/api.w.org\/{rel}","templated":true}]}}