{"id":624618,"date":"2025-12-27T05:10:28","date_gmt":"2025-12-27T05:10:28","guid":{"rendered":"https:\/\/www.europesays.com\/fr\/624618\/"},"modified":"2025-12-27T05:10:28","modified_gmt":"2025-12-27T05:10:28","slug":"un-renfort-inattendu-pour-bousculer-la-hierarchie-en-2026","status":"publish","type":"post","link":"https:\/\/www.europesays.com\/fr\/624618\/","title":{"rendered":"Un renfort inattendu pour bousculer la hi\u00e9rarchie en 2026 ?"},"content":{"rendered":"<p>                                            Publi\u00e9 le 26\/12\/2025 \u00e0 15h01<br \/>\n                                                                                3 minutes de lecture\n                                                                    <\/p>\n<p>F\u00e9ru de sport et plus particuli\u00e8rement de ballon rond depuis ma plus tendre enfance.<\/p>\n<p>                                            Lire la suite<\/p>\n<p>Le mercato hivernal s\u00a0\u00bbannonce particuli\u00e8rement mouvement\u00e9 pour le <strong>Stade Rennais<\/strong>, qui multiplie les pistes pour renforcer son effectif. Alors que les dirigeants bretons explorent activement le march\u00e9 pour d\u00e9nicher un <strong>milieu offensif de qualit\u00e9<\/strong>, une surprise pourrait bien bouleverser leurs plans. En effet, <strong>Albert Gronbaek<\/strong>, actuellement pr\u00eat\u00e9 au Genoa en Serie A, pourrait faire un retour inattendu dans le club qui l&rsquo;a form\u00e9. Cette situation illustre parfaitement les complexit\u00e9s du mercato moderne, o\u00f9 les clubs doivent jongler entre leurs ambitions de recrutement et la gestion de leurs joueurs en pr\u00eat. Le <strong>SRFC<\/strong> se trouve ainsi face \u00e0 un dilemme strat\u00e9gique majeur, devant d\u00e9cider s&rsquo;il faut miser sur ce retour surprise ou poursuivre sa qu\u00eate d&rsquo;un nouveau num\u00e9ro 10 sur le march\u00e9 des transferts.<\/p>\n<p>                                <img decoding=\"async\" src=\"https:\/\/www.europesays.com\/fr\/wp-content\/uploads\/2025\/04\/1744123449_543_logo.png\" alt=\"Logo\"\/><\/p>\n<p>100\u20ac offerts sur ton 1er pari !<\/p>\n<p>                            <a href=\"https:\/\/www.score.fr\/redirection\/1\/\" class=\"headband-button\" target=\"_blank\" rel=\"noopener\">J&rsquo;en profite<\/a><\/p>\n<p>                                                                <img loading=\"lazy\" decoding=\"async\" src=\"https:\/\/www.europesays.com\/fr\/wp-content\/uploads\/2025\/12\/mercato-rennes-un-renfort-inattendu-pour-bousculer-la-hierarchie-en-2026.jpg\" alt=\"Illustration : &quot;Mercato Rennes : Un renfort inattendu pour bousculer la hi\u00e9rarchie en 2026 ?&quot;\" class=\"figure-img img-fluid\" width=\"780\" height=\"478\"\/><\/p>\n<p>                                    \u00a9 Site officiel du Stade Rennais                                <\/p>\n<p>Les pistes offensives du Stade Rennais<\/p>\n<p>Le <strong>Stade Rennais<\/strong> a clairement identifi\u00e9 ses besoins pour ce mercato hivernal, avec une priorit\u00e9 absolue donn\u00e9e au recrutement d&rsquo;un milieu offensif cr\u00e9atif. Les dirigeants rennais ont \u00e9tabli une liste de cibles ambitieuses, incluant notamment <strong>Himad Abdelli<\/strong> d&rsquo;Angers SCO, <strong>Ilan Kebbal<\/strong> du Paris FC, et surtout <strong>Claudio Echeverri<\/strong>, le crack argentin actuellement au Bayer Leverkusen. Cette derni\u00e8re piste repr\u00e9sente un investissement consid\u00e9rable, t\u00e9moignant des ambitions \u00e9lev\u00e9es du club breton pour la seconde partie de saison. L&rsquo;int\u00e9r\u00eat pour ces profils d\u00e9montre la volont\u00e9 d&rsquo;<strong>Habib Beye<\/strong> d&rsquo;apporter plus de cr\u00e9ativit\u00e9 et de technique dans l&rsquo;entrejeu rennais. Cependant, ces dossiers s&rsquo;annoncent complexes \u00e0 boucler, notamment en raison de la concurrence d&rsquo;autres clubs europ\u00e9ens et des montants financiers importants en jeu.<\/p>\n<p>Le cas Albert Gronbaek : un retour surprise en vue<\/p>\n<p>La situation d&rsquo;<strong>Albert Gronbaek<\/strong> au Genoa pourrait compl\u00e8tement redistribuer les cartes du mercato rennais. Selon les r\u00e9v\u00e9lations du <strong>journaliste italien Nicolo Schira<\/strong>, le milieu offensif danois ne ferait plus partie des plans du club g\u00e9nois et pourrait donc faire son retour \u00e0 Rennes d\u00e8s cet hiver. Cette information surprenante intervient alors que Gronbaek peine \u00e0 s&rsquo;imposer en Serie A depuis le d\u00e9but de la saison. <strong>Valoris\u00e9 \u00e0 8 millions d&rsquo;euros<\/strong> par Transfermarkt, le joueur de 23 ans repr\u00e9sente un atout non n\u00e9gligeable pour le SRFC, qui pourrait ainsi r\u00e9cup\u00e9rer un \u00e9l\u00e9ment offensif sans d\u00e9bourser le moindre euro. Cette situation pose n\u00e9anmoins une question cruciale \u00e0 Habib Beye : faut-il donner une seconde chance \u00e0 Gronbaek ou maintenir les efforts de recrutement sur d&rsquo;autres cibles ? Le technicien fran\u00e7ais devra \u00e9valuer si le profil du Danois correspond toujours \u00e0 ses attentes tactiques et \u00e0 l&rsquo;\u00e9volution de son syst\u00e8me de jeu.<\/p>\n<p>Les r\u00e9percussions sur le march\u00e9 des transferts<\/p>\n<p>Parall\u00e8lement aux mouvements rennais, d&rsquo;autres dossiers agitent le mercato hivernal, notamment celui de <strong>J\u00e9r\u00e9mie Boga<\/strong> \u00e0 Nice. L&rsquo;international ivoirien semble destin\u00e9 \u00e0 quitter les Aiglons, avec la <strong>Fiorentina<\/strong> en pole position pour l&rsquo;accueillir selon Nicolo Schira. Ce d\u00e9part potentiel pourrait lib\u00e9rer des fonds pour Nice, qui souhaite boucler l&rsquo;arriv\u00e9e d&rsquo;<strong>Elye Wahi<\/strong> dans les prochains jours. Le quotidien <strong>Le Parisien<\/strong> confirme d&rsquo;ailleurs que les dirigeants ni\u00e7ois sont \u00ab\u00a0tr\u00e8s motiv\u00e9s\u00a0\u00bb pour finaliser ce dossier, l&rsquo;ancien attaquant de Lens et Marseille \u00e9tant lui-m\u00eame s\u00e9duit par l&rsquo;id\u00e9e de retrouver <strong>Franck Haise<\/strong>. Ces mouvements en cascade illustrent l&rsquo;interconnexion des diff\u00e9rents dossiers du mercato hivernal, o\u00f9 chaque transfert peut en d\u00e9bloquer plusieurs autres.<\/p>\n<p><strong>Ce samedi 3 janvier, le Stade Rennais se d\u00e9place \u00e0 Lille pour lancer son ann\u00e9e 2026 en Ligue 1. \u00c0 cette occasion, profitez de 100\u20ac offerts pour votre premi\u00e8re inscription sur Parions Sport en Ligne. <\/strong><a href=\"https:\/\/www.score.fr\/redirection\/1\/\" target=\"_blank\" rel=\"noopener\"><strong>Les Rouge et Noir cr\u00e9ent la sensation dans le Nord ? Pariez sur une victoire du Stade Rennais face au LOSC vous rapporte jusqu\u2019\u00e0 375 \u20ac !<\/strong><\/a><\/p>\n<p><strong>Pour en profiter, c\u2019est tr\u00e8s simple :<\/strong><\/p>\n<p><strong>&#8211; Cr\u00e9ez votre compte joueur en seulement 2 \u00e9tapes <\/strong><a href=\"https:\/\/www.score.fr\/redirection\/1\/\" target=\"_blank\" rel=\"noopener\"><strong>ici<\/strong><\/a><\/p>\n<p><strong>&#8211; R\u00e9alisez votre 1er d\u00e9p\u00f4t puis placez votre 1er pari (Minimum 5\u20ac)<\/strong><\/p>\n<p><strong>&#8211; Une fois votre 1er d\u00e9p\u00f4t et votre 1er pari r\u00e9alis\u00e9s, l\u2019int\u00e9gralit\u00e9 du montant de ce 1er pari sera cr\u00e9dit\u00e9e sur votre compte joueur dans la limite de 100\u20ac maximum et sous la forme de cr\u00e9dits de jeu non retirables. Le cr\u00e9dit s\u2019effectuera alors en une seule \u00e9tape et sous 3 jours<\/strong><\/p>\n<p><strong>Jouer comporte des risques : endettement, d\u00e9pendance\u2026 Appelez le 09 74 75 13 13 (appel non surtax\u00e9)<\/strong><\/p>\n","protected":false},"excerpt":{"rendered":"Publi\u00e9 le 26\/12\/2025 \u00e0 15h01 3 minutes de lecture F\u00e9ru de sport et plus particuli\u00e8rement de ballon rond&hellip;\n","protected":false},"author":2,"featured_media":624619,"comment_status":"","ping_status":"","sticky":false,"template":"","format":"standard","meta":{"footnotes":""},"categories":[2821],"tags":[1111,11,829,1777,674,1011,27,12,584,25],"class_list":{"0":"post-624618","1":"post","2":"type-post","3":"status-publish","4":"format-standard","5":"has-post-thumbnail","7":"category-rennes","8":"tag-actu","9":"tag-actualites","10":"tag-bretagne","11":"tag-eu","12":"tag-europe","13":"tag-fr","14":"tag-france","15":"tag-news","16":"tag-rennes","17":"tag-republique-francaise"},"share_on_mastodon":{"url":"https:\/\/pubeurope.com\/@fr\/115789814033367507","error":""},"_links":{"self":[{"href":"https:\/\/www.europesays.com\/fr\/wp-json\/wp\/v2\/posts\/624618","targetHints":{"allow":["GET"]}}],"collection":[{"href":"https:\/\/www.europesays.com\/fr\/wp-json\/wp\/v2\/posts"}],"about":[{"href":"https:\/\/www.europesays.com\/fr\/wp-json\/wp\/v2\/types\/post"}],"author":[{"embeddable":true,"href":"https:\/\/www.europesays.com\/fr\/wp-json\/wp\/v2\/users\/2"}],"replies":[{"embeddable":true,"href":"https:\/\/www.europesays.com\/fr\/wp-json\/wp\/v2\/comments?post=624618"}],"version-history":[{"count":0,"href":"https:\/\/www.europesays.com\/fr\/wp-json\/wp\/v2\/posts\/624618\/revisions"}],"wp:featuredmedia":[{"embeddable":true,"href":"https:\/\/www.europesays.com\/fr\/wp-json\/wp\/v2\/media\/624619"}],"wp:attachment":[{"href":"https:\/\/www.europesays.com\/fr\/wp-json\/wp\/v2\/media?parent=624618"}],"wp:term":[{"taxonomy":"category","embeddable":true,"href":"https:\/\/www.europesays.com\/fr\/wp-json\/wp\/v2\/categories?post=624618"},{"taxonomy":"post_tag","embeddable":true,"href":"https:\/\/www.europesays.com\/fr\/wp-json\/wp\/v2\/tags?post=624618"}],"curies":[{"name":"wp","href":"https:\/\/api.w.org\/{rel}","templated":true}]}}