{"id":624624,"date":"2025-12-27T05:13:13","date_gmt":"2025-12-27T05:13:13","guid":{"rendered":"https:\/\/www.europesays.com\/fr\/624624\/"},"modified":"2025-12-27T05:13:13","modified_gmt":"2025-12-27T05:13:13","slug":"coupable-dinfractions-un-loueur-de-jet-skis-definitivement-banni-du-port-du-cros-de-cagnes","status":"publish","type":"post","link":"https:\/\/www.europesays.com\/fr\/624624\/","title":{"rendered":"coupable d\u2019infractions, un loueur de jet-skis d\u00e9finitivement banni du port du Cros-de-Cagnes"},"content":{"rendered":"<p class=\"fs-5 \">C\u2019est le conseil portuaire qui a tranch\u00e9. Il n\u2019y aura plus de jet-ski en 2026 au port du Cros-de-Cagnes. \u00ab Cette activit\u00e9 n\u2019\u00e9tait pas judicieuse \u00e0 c\u00f4t\u00e9 de l\u2019\u00e9cole de voile municipale. Beaucoup d\u2019enfants fr\u00e9quentent le club, c\u2019est trop dangereux \u00bb, indique Roger Roux, vice-pr\u00e9sident de la M\u00e9tropole d\u00e9l\u00e9gu\u00e9 aux Activit\u00e9s portuaires et maritimes et pr\u00e9sident du conseil portuaire.<\/p>\n<p>                                                                                Elle n\u2019avait pas \u00ab tous les agr\u00e9ments n\u00e9cessaires \u00bb<\/p>\n<p class=\"fs-5 \">L\u2019entreprise Jet \u00c9vasion(1) dirig\u00e9e par Yves Corre ne pourra donc plus mettre ses jet-skis \u00e0 l\u2019eau depuis le port du Cros-de-Cagnes. En 2024 et 2025, la soci\u00e9t\u00e9 \u00ab a exerc\u00e9 son activit\u00e9. Je ne sais pas par quel miracle ? \u00bb s\u2019interroge Pierrette Alberici, conseill\u00e8re municipale de Cagnes-sur-Mer d\u00e9l\u00e9gu\u00e9e au quartier du Cros et au conseil portuaire. Qui signale que \u00ab la police portuaire a fait son travail \u00bb.<\/p>\n<p>        <img src=\"https:\/\/www.europesays.com\/fr\/wp-content\/uploads\/2025\/12\/68e77fd_upload-from-url-1-ghu7rfhdypay-data-art-13431618-ybgyedvg.jpg\"   loading=\"lazy\" decoding=\"async\" alt=\"\" class=\"img-fluid position-absolute w-100 object-fit-cover rounded-2\" width=\"600\" height=\"400\"\/><\/p>\n<p class=\"fs-5 \">L\u2019affaire est sulfureuse sur le port du Cros. Plusieurs t\u00e9moins qui souhaitent rester anonymes parlent \u00ab d\u2019occupation ill\u00e9gale du domaine public \u00bb. Il faut dire que Jet \u00c9vasion a exploit\u00e9 sans autorisation d\u2019occupation temporaire. \u00ab La soci\u00e9t\u00e9 n\u2019en avait pas besoin, justifie Roger Roux. Car elle n\u2019a fait que mettre ses jet-skis \u00e0 l\u2019eau. Elle n\u2019exer\u00e7ait pas son activit\u00e9 commerciale dans le port du Cros-de-Cagnes. \u00bb Et d\u2019ajouter : \u00ab Pour titrer une entreprise de jet-ski, il faut qu\u2019elle soit elle-m\u00eame dans les clous. Il faut qu\u2019elle ait tous les agr\u00e9ments n\u00e9cessaires, ce qui n\u2019\u00e9tait pas son cas. \u00bb<\/p>\n<p>                                                                                \u00ab Diverses infractions \u00bb au Cros-de-Cagnes et \u00e0 Carras \u00e0 Nice<\/p>\n<p class=\"fs-5 \">Jet \u00c9vasion a \u00e9galement exerc\u00e9 pendant des ann\u00e9es son activit\u00e9 de jet-ski \u00e0 Carras \u00e0 Nice. \u00ab Une exploitation r\u00e9sili\u00e9e pour faute, confirme le vice-pr\u00e9sident de la M\u00e9tropole d\u00e9l\u00e9gu\u00e9 aux Activit\u00e9s portuaires et maritimes. Il y aurait eu des faux et donc des plaintes d\u00e9pos\u00e9es. \u00bb<\/p>\n<p class=\"fs-5 \">La Pr\u00e9fecture pr\u00e9cise : \u00ab Le concessionnaire de la plage, la M\u00e9tropole Nice C\u00f4te d\u2019Azur, a mis fin au contrat de d\u00e9l\u00e9gation de service public qui le liait avec la soci\u00e9t\u00e9 Jet \u00c9vasion. Faisant suite \u00e0 la perte de son lot nautique, \u00e0 Carras, l\u2019agr\u00e9ment dont disposait l\u2019\u00e9tablissement Jet \u00c9vasion lui a \u00e9t\u00e9 retir\u00e9 le 7 juillet 2025 par la direction d\u00e9partementale des territoires et de la mer (DDTM). \u00bb<\/p>\n<p class=\"fs-5 \">Et d\u2019affirmer : \u00ab Depuis, plusieurs contr\u00f4les ont \u00e9t\u00e9 r\u00e9alis\u00e9s, lors de la saison estivale, par l\u2019unit\u00e9 littorale des affaires maritimes de la DDTM 06, \u00e0 la suite de signalements d\u2019exercice de la randonn\u00e9e encadr\u00e9e de personnes non titulaires de permis mer depuis le port du Cros-de-Cagnes ainsi que du rivage du port abri de Carras. Ces contr\u00f4les ont permis la constatation de diverses infractions. Les proc\u00e8s-verbaux ont \u00e9t\u00e9 transmis au tribunal judiciaire comp\u00e9tent. \u00bb<\/p>\n<p class=\"fs-5 \">Contact\u00e9 Yves Corre qui habiterait une partie de l\u2019ann\u00e9e \u00e0 Sihanoukville au Cambodge n\u2019a pas r\u00e9pondu \u00e0 nos sollicitations.<\/p>\n<p class=\"fs-5 \">1. L\u2019\u00e9tablissement proposant ce type de prestation doit disposer d\u2019un agr\u00e9ment, valable un an, d\u00e9livr\u00e9 par la direction d\u00e9partementale des territoires et de la mer (DDTM) apr\u00e8s instruction destin\u00e9e \u00e0 v\u00e9rifier la conformit\u00e9 du dossier avec la r\u00e9glementation maritime tant au titre de la navigation, de l\u2019environnement marin que de la domanialit\u00e9 publique.<\/p>\n","protected":false},"excerpt":{"rendered":"C\u2019est le conseil portuaire qui a tranch\u00e9. Il n\u2019y aura plus de jet-ski en 2026 au port du&hellip;\n","protected":false},"author":2,"featured_media":624625,"comment_status":"","ping_status":"","sticky":false,"template":"","format":"standard","meta":{"footnotes":""},"categories":[2819],"tags":[1111,11,1777,674,1011,27,12,2401,882,25],"class_list":{"0":"post-624624","1":"post","2":"type-post","3":"status-publish","4":"format-standard","5":"has-post-thumbnail","7":"category-nice","8":"tag-actu","9":"tag-actualites","10":"tag-eu","11":"tag-europe","12":"tag-fr","13":"tag-france","14":"tag-news","15":"tag-nice","16":"tag-provence-alpes-cote-dazur","17":"tag-republique-francaise"},"share_on_mastodon":{"url":"https:\/\/pubeurope.com\/@fr\/115789824809736516","error":""},"_links":{"self":[{"href":"https:\/\/www.europesays.com\/fr\/wp-json\/wp\/v2\/posts\/624624","targetHints":{"allow":["GET"]}}],"collection":[{"href":"https:\/\/www.europesays.com\/fr\/wp-json\/wp\/v2\/posts"}],"about":[{"href":"https:\/\/www.europesays.com\/fr\/wp-json\/wp\/v2\/types\/post"}],"author":[{"embeddable":true,"href":"https:\/\/www.europesays.com\/fr\/wp-json\/wp\/v2\/users\/2"}],"replies":[{"embeddable":true,"href":"https:\/\/www.europesays.com\/fr\/wp-json\/wp\/v2\/comments?post=624624"}],"version-history":[{"count":0,"href":"https:\/\/www.europesays.com\/fr\/wp-json\/wp\/v2\/posts\/624624\/revisions"}],"wp:featuredmedia":[{"embeddable":true,"href":"https:\/\/www.europesays.com\/fr\/wp-json\/wp\/v2\/media\/624625"}],"wp:attachment":[{"href":"https:\/\/www.europesays.com\/fr\/wp-json\/wp\/v2\/media?parent=624624"}],"wp:term":[{"taxonomy":"category","embeddable":true,"href":"https:\/\/www.europesays.com\/fr\/wp-json\/wp\/v2\/categories?post=624624"},{"taxonomy":"post_tag","embeddable":true,"href":"https:\/\/www.europesays.com\/fr\/wp-json\/wp\/v2\/tags?post=624624"}],"curies":[{"name":"wp","href":"https:\/\/api.w.org\/{rel}","templated":true}]}}