{"id":624626,"date":"2025-12-27T05:14:16","date_gmt":"2025-12-27T05:14:16","guid":{"rendered":"https:\/\/www.europesays.com\/fr\/624626\/"},"modified":"2025-12-27T05:14:16","modified_gmt":"2025-12-27T05:14:16","slug":"jay-kynesios-a-nice-2026perceptionhypnosementalismebilletterie","status":"publish","type":"post","link":"https:\/\/www.europesays.com\/fr\/624626\/","title":{"rendered":"Jay Kynesios \u00e0 Nice 2026|PerceptionHypnose&#038;Mentalisme:billetterie"},"content":{"rendered":"<p class=\"intro\">Jay Kynesios pr\u00e9sente son spectacle Perception\u00a0: Hypnose et Mentalisme au Th\u00e9\u00e2tre Forum Jorge Fran\u00e7ois de Nice le samedi 4 avril 2026 \u00e0 21h. Cet hypno-mentaliste fran\u00e7ais propose une exp\u00e9rience interactive unique m\u00ealant myst\u00e8re et humour, explorant les capacit\u00e9s m\u00e9connues du cerveau humain. L&rsquo;\u00e9v\u00e9nement se d\u00e9roulera dans l&rsquo;une des salles culturelles embl\u00e9matiques de Nice, offrant au public ni\u00e7ois une soir\u00e9e fascinante entre hypnose et mentalisme. Les billets sont disponibles \u00e0 partir de 24\u00a0\u20ac.<\/p>\n<p>Nice accueille Jay Kynesios et son spectacle Perception au Th\u00e9\u00e2tre Forum Jorge Fran\u00e7ois<\/p>\n<p>Ce <strong>One Man Mental Show<\/strong> explore l&rsquo;id\u00e9e fascinante que nous n&rsquo;utiliserions que 10% des capacit\u00e9s de notre cerveau. Jay Kynesios invite le public ni\u00e7ois \u00e0 d\u00e9couvrir ce qui pourrait se passer si nous en utilisions davantage, \u00e0 travers des <strong>exp\u00e9riences surprenantes<\/strong> d&rsquo;hypnose et de mentalisme. Le spectacle se distingue par son approche 100% interactive, permettant aux spectateurs de d\u00e9couvrir des fonctionnements m\u00e9connus de leur propre esprit.<\/p>\n<p><img decoding=\"async\" loading=\"lazy\" src=\"https:\/\/www.europesays.com\/fr\/wp-content\/uploads\/2025\/12\/perception---jay-kynesios-tickets_332295_2861090_222x222.jpg\" alt=\"Jay Kynesios dans Perception :  Hypnose et Mentalisme\" class=\"border\"\/><\/p>\n<p>Dans le cadre culturel dynamique des <strong>Alpes-Maritimes<\/strong>, cette repr\u00e9sentation m\u00eale myst\u00e8re et humour pour cr\u00e9er une exp\u00e9rience unique. L&rsquo;artiste propose une approche p\u00e9dagogique qui d\u00e9mystifie les capacit\u00e9s du cerveau tout en divertissant, rendant accessibles des concepts complexes li\u00e9s \u00e0 la perception. Pour d\u00e9couvrir d&rsquo;autres <a href=\"https:\/\/www.jds.fr\/nice\/agenda\/sorties-culturelles-spectacles-expositions-cinema-470_B\" target=\"_blank\" rel=\"noopener\">spectacles programm\u00e9s \u00e0 Nice<\/a>, de nombreuses options s&rsquo;offrent aux amateurs de culture.<\/p>\n<p>Billetterie pour Jay Kynesios au Th\u00e9\u00e2tre Forum Jorge Fran\u00e7ois<\/p>\n<p><a class=\"btn btn-lg shadow-lg btn-primary rounded-pill fnac_link\" data-fnac=\"in_article\" href=\"https:\/\/www.awin1.com\/pclick.php?p=43547599789&amp;a=634278&amp;m=12494&amp;clickref=in_article-A-desktop\" target=\"_blank\" rel=\"nofollow noopener\"> Acheter des billets<\/a><\/p>\n<p>Les <strong>billets<\/strong> pour cette repr\u00e9sentation unique de Jay Kynesios au Th\u00e9\u00e2tre Forum Jorge Fran\u00e7ois sont propos\u00e9s \u00e0 un <strong>prix<\/strong> accessible d\u00e8s <strong>24\u00a0\u20ac<\/strong>. Cet hypno-mentaliste s&rsquo;est \u00e9tabli une solide r\u00e9putation gr\u00e2ce \u00e0 son concept original m\u00ealant hypnose et mentalisme. Pour r\u00e9server vos places et vivre cette exp\u00e9rience interactive fascinante, il est recommand\u00e9 d&rsquo;acheter rapidement car ce type de spectacle attire un public nombreux \u00e0 Nice.<\/p>\n<p>Les spectateurs souhaitant suivre le parcours de cet artiste peuvent consulter <a href=\"https:\/\/www.jds.fr\/artistes\/jay-kynesios-9634_N\" target=\"_blank\" rel=\"noopener\">toutes les dates de Jay Kynesios<\/a> programm\u00e9es dans d&rsquo;autres villes fran\u00e7aises.<\/p>\n<p>Le parcours artistique de Jay Kynesios<\/p>\n<p>Jay Kynesios est un <strong>hypno-mentaliste fran\u00e7ais<\/strong> qui s&rsquo;est sp\u00e9cialis\u00e9 dans la fusion de l&rsquo;hypnose et du mentalisme. Il a d\u00e9velopp\u00e9 une approche artistique unique qui combine ces deux disciplines dans un format de spectacle vivant, cr\u00e9ant des exp\u00e9riences interactives qui explorent les <strong>capacit\u00e9s m\u00e9connues du cerveau humain<\/strong>.<\/p>\n<p>Son style se caract\u00e9rise par une forte <strong>interactivit\u00e9 avec le public<\/strong> et une approche p\u00e9dagogique visant \u00e0 d\u00e9mystifier les capacit\u00e9s mentales. En 2025, il a poursuivi sa tourn\u00e9e avec Perception dans plusieurs villes fran\u00e7aises, notamment \u00e0 Nice, Al\u00e8s, La Rochelle et Lille, t\u00e9moignant d&rsquo;une <strong>activit\u00e9 soutenue sur le territoire national<\/strong>.<\/p>\n<p>Comment se rendre au Th\u00e9\u00e2tre Forum Jorge Fran\u00e7ois \u00e0 Nice\u00a0?<\/p>\n<p>Pour rejoindre le <a href=\"https:\/\/www.jds.fr\/nice\/theatres-programmes\/theatre-forum-jorge-francois-20416_L\" target=\"_blank\" rel=\"noopener\">Th\u00e9\u00e2tre Forum Jorge Fran\u00e7ois<\/a> en voiture, vous pouvez emprunter les principales art\u00e8res de Nice. Depuis l&rsquo;<strong>autoroute A8<\/strong>, prenez la sortie Nice Centre ou Nice Nord, puis dirigez-vous vers le centre-ville. Le temps de trajet est d&rsquo;environ <strong>10 \u00e0 15 minutes<\/strong> depuis la rocade. Le stationnement se fait en voirie payante dans le quartier ou dans les parkings publics du centre de Nice.<\/p>\n<p>Le th\u00e9\u00e2tre est bien desservi par le <strong>r\u00e9seau Lignes d&rsquo;Azur<\/strong>, la compagnie de transports en commun de Nice. Le lieu est accessible en bus et tramway gr\u00e2ce au r\u00e9seau d\u00e9velopp\u00e9 du centre-ville, avec de nombreuses correspondances facilitant l&rsquo;acc\u00e8s depuis tous les quartiers de Nice et des communes environnantes. Le th\u00e9\u00e2tre est \u00e9galement <strong>accessible en fauteuil roulant<\/strong> en autonomie.<\/p>\n<p class=\"mise_en_avant\">Notre conseil\u00a0: privil\u00e9giez les transports en commun Lignes d&rsquo;Azur pour \u00e9viter les contraintes de stationnement dans le centre de Nice.<\/p>\n","protected":false},"excerpt":{"rendered":"Jay Kynesios pr\u00e9sente son spectacle Perception\u00a0: Hypnose et Mentalisme au Th\u00e9\u00e2tre Forum Jorge Fran\u00e7ois de Nice le samedi&hellip;\n","protected":false},"author":2,"featured_media":624627,"comment_status":"","ping_status":"","sticky":false,"template":"","format":"standard","meta":{"footnotes":""},"categories":[2819],"tags":[1111,11,1777,674,1011,27,12,2401,882,25],"class_list":{"0":"post-624626","1":"post","2":"type-post","3":"status-publish","4":"format-standard","5":"has-post-thumbnail","7":"category-nice","8":"tag-actu","9":"tag-actualites","10":"tag-eu","11":"tag-europe","12":"tag-fr","13":"tag-france","14":"tag-news","15":"tag-nice","16":"tag-provence-alpes-cote-dazur","17":"tag-republique-francaise"},"share_on_mastodon":{"url":"https:\/\/pubeurope.com\/@fr\/115789828917758250","error":""},"_links":{"self":[{"href":"https:\/\/www.europesays.com\/fr\/wp-json\/wp\/v2\/posts\/624626","targetHints":{"allow":["GET"]}}],"collection":[{"href":"https:\/\/www.europesays.com\/fr\/wp-json\/wp\/v2\/posts"}],"about":[{"href":"https:\/\/www.europesays.com\/fr\/wp-json\/wp\/v2\/types\/post"}],"author":[{"embeddable":true,"href":"https:\/\/www.europesays.com\/fr\/wp-json\/wp\/v2\/users\/2"}],"replies":[{"embeddable":true,"href":"https:\/\/www.europesays.com\/fr\/wp-json\/wp\/v2\/comments?post=624626"}],"version-history":[{"count":0,"href":"https:\/\/www.europesays.com\/fr\/wp-json\/wp\/v2\/posts\/624626\/revisions"}],"wp:featuredmedia":[{"embeddable":true,"href":"https:\/\/www.europesays.com\/fr\/wp-json\/wp\/v2\/media\/624627"}],"wp:attachment":[{"href":"https:\/\/www.europesays.com\/fr\/wp-json\/wp\/v2\/media?parent=624626"}],"wp:term":[{"taxonomy":"category","embeddable":true,"href":"https:\/\/www.europesays.com\/fr\/wp-json\/wp\/v2\/categories?post=624626"},{"taxonomy":"post_tag","embeddable":true,"href":"https:\/\/www.europesays.com\/fr\/wp-json\/wp\/v2\/tags?post=624626"}],"curies":[{"name":"wp","href":"https:\/\/api.w.org\/{rel}","templated":true}]}}