{"id":624634,"date":"2025-12-27T05:20:14","date_gmt":"2025-12-27T05:20:14","guid":{"rendered":"https:\/\/www.europesays.com\/fr\/624634\/"},"modified":"2025-12-27T05:20:14","modified_gmt":"2025-12-27T05:20:14","slug":"blagnac-je-joue-par-coeur-cest-investi-et-jaime-cette-prise-de-risque","status":"publish","type":"post","link":"https:\/\/www.europesays.com\/fr\/624634\/","title":{"rendered":"Blagnac. \u00ab\u00a0Je joue par c\u0153ur, c\u2019est investi et j\u2019aime cette prise de risque\u00a0\u00bb"},"content":{"rendered":"<p class=\"txt-question\">En quoi consiste ce festival ?<\/p>\n<p>Ce festival tr\u00e8s convivial pr\u00e9sente du classique, de Rameau au XXe si\u00e8cle, dans une formule tr\u00e8s interg\u00e9n\u00e9rationnelle et le public en redemande.<\/p>\n<p class=\"txt-question\">Quelles sont vos autres occupations ?<\/p>\n<p>Le mercredi j\u2019aide au d\u00e9marrage de l\u2019\u00e9cole de musique de Rieux-Volvestre et je participe plusieurs fois par an aux \u00ab\u00a0Concerts de poche\u00a0\u00bb, une formule ateliers et concert pour des publics qui ne vont pas au concert en les mettant \u00e0 contribution et \u00e7a marche ! Mon trio avec saxophones jouera fin mars \u00e0 Paris et le 19 janvier pour les \u00ab\u00a0Cl\u00e9s de Saint-Pierre\u00a0\u00bb je serai en trio avec des musiciens du Capitole. Il m\u2019est d\u00e9j\u00e0 arriv\u00e9 de jouer avec l\u2019orchestre du Capitole.<\/p>\n<p class=\"txt-question\">Comment se d\u00e9roule votre quotidien de pianiste ?<\/p>\n<p>Quand je pr\u00e9pare un r\u00e9cital, je joue tous les jours. Sinon c\u2019est travail administratif, pr\u00e9paration de projets, d\u00e9marchage\u2026<\/p>\n<p class=\"txt-question\">Votre programme de r\u00e9cital ?<\/p>\n<p>On peut me demander une tendance ou des \u0153uvres particuli\u00e8res, mais la plupart du temps c\u2019est carte blanche et je joue ce que j\u2019ai envie sur un programme coh\u00e9rent. Je ne fais jamais deux fois le m\u00eame r\u00e9cital sauf pour mes deux derniers concerts en novembre. Mais je ne pourrais pas faire des saisons compl\u00e8tes ainsi. Je joue par c\u0153ur, c\u2019est plus investi et j\u2019aime cette prise de risque. Le trou de m\u00e9moire n\u2019est pas tr\u00e8s grave car on peut se rattraper. Lors des concerts les gens m\u2019ont convaincu de pr\u00e9senter les \u0153uvres. Si certaines peuvent transporter, comme Schumann quand j\u2019\u00e9tais petit et que je ne connaissais rien \u00e0 la musique, on peut rep\u00eacher le public par ce biais.<\/p>\n<p class=\"txt-question\">Quel d\u00e9lai pour monter un r\u00e9cital ?<\/p>\n<p>Cela d\u00e9pend si j\u2019ai jou\u00e9 les pi\u00e8ces ou pas. Une heure de programme r\u00e9clame au minimum deux mois de travail, mais 6 mois est plus s\u00e9rieux. Je monte les \u0153uvres nouvelles progressivement, pas une par une. Je les laisse reposer un peu puis je les reprends.<\/p>\n<p class=\"txt-question\">Comment vous procurez-vous vos partitions ?<\/p>\n<p>Je les ach\u00e8te au Croquenotes \u00e0 Toulouse, une des derni\u00e8res librairies musicales physiques en France. Ma premi\u00e8re commande en 2000 \u00e9tait la sonatine de Ravel. La tendance est la tablette mais je reste fid\u00e8le au papier, o\u00f9 l\u2019on note, o\u00f9 on revient, avec une valeur sentimentale.<\/p>\n","protected":false},"excerpt":{"rendered":"En quoi consiste ce festival ? Ce festival tr\u00e8s convivial pr\u00e9sente du classique, de Rameau au XXe si\u00e8cle,&hellip;\n","protected":false},"author":2,"featured_media":624635,"comment_status":"","ping_status":"","sticky":false,"template":"","format":"standard","meta":{"footnotes":""},"categories":[2816],"tags":[1111,11,55766,4156,872,1777,674,1011,27,2722,12,2680,25,853,2312],"class_list":{"0":"post-624634","1":"post","2":"type-post","3":"status-publish","4":"format-standard","5":"has-post-thumbnail","7":"category-toulouse","8":"tag-actu","9":"tag-actualites","10":"tag-blagnac","11":"tag-concerts","12":"tag-culture-et-loisirs","13":"tag-eu","14":"tag-europe","15":"tag-fr","16":"tag-france","17":"tag-haute-garonne","18":"tag-news","19":"tag-occitanie","20":"tag-republique-francaise","21":"tag-spectacles","22":"tag-toulouse"},"share_on_mastodon":{"url":"https:\/\/pubeurope.com\/@fr\/115789851764740728","error":""},"_links":{"self":[{"href":"https:\/\/www.europesays.com\/fr\/wp-json\/wp\/v2\/posts\/624634","targetHints":{"allow":["GET"]}}],"collection":[{"href":"https:\/\/www.europesays.com\/fr\/wp-json\/wp\/v2\/posts"}],"about":[{"href":"https:\/\/www.europesays.com\/fr\/wp-json\/wp\/v2\/types\/post"}],"author":[{"embeddable":true,"href":"https:\/\/www.europesays.com\/fr\/wp-json\/wp\/v2\/users\/2"}],"replies":[{"embeddable":true,"href":"https:\/\/www.europesays.com\/fr\/wp-json\/wp\/v2\/comments?post=624634"}],"version-history":[{"count":0,"href":"https:\/\/www.europesays.com\/fr\/wp-json\/wp\/v2\/posts\/624634\/revisions"}],"wp:featuredmedia":[{"embeddable":true,"href":"https:\/\/www.europesays.com\/fr\/wp-json\/wp\/v2\/media\/624635"}],"wp:attachment":[{"href":"https:\/\/www.europesays.com\/fr\/wp-json\/wp\/v2\/media?parent=624634"}],"wp:term":[{"taxonomy":"category","embeddable":true,"href":"https:\/\/www.europesays.com\/fr\/wp-json\/wp\/v2\/categories?post=624634"},{"taxonomy":"post_tag","embeddable":true,"href":"https:\/\/www.europesays.com\/fr\/wp-json\/wp\/v2\/tags?post=624634"}],"curies":[{"name":"wp","href":"https:\/\/api.w.org\/{rel}","templated":true}]}}