{"id":624636,"date":"2025-12-27T05:21:11","date_gmt":"2025-12-27T05:21:11","guid":{"rendered":"https:\/\/www.europesays.com\/fr\/624636\/"},"modified":"2025-12-27T05:21:11","modified_gmt":"2025-12-27T05:21:11","slug":"choc-toulouse-la-rochelle-lubb-en-danger-bayonne-pour-sa-21e","status":"publish","type":"post","link":"https:\/\/www.europesays.com\/fr\/624636\/","title":{"rendered":"Choc Toulouse \u2013 La Rochelle, l\u2019UBB en danger, Bayonne pour sa 21e"},"content":{"rendered":"<p>No\u00ebl \u00e0 peine dig\u00e9r\u00e9, retour aux affaires pour le Top 14 avec la 13e journ\u00e9e et un choc Toulouse \u2013 La Rochelle dimanche soir, alors que l\u2019UBB tentera de pr\u00e9server sa troisi\u00e8me place chez des Clermontois en crise samedi et que Bayonne visera sa 21e victoire d\u2019affil\u00e9e \u00e0 domicile.<\/p>\n<p>Pour ce \u00ab\u00a0boxing day\u00a0\u00bb copi\u00e9 sur le foot anglais, le calendrier classique du Top 14 a \u00e9t\u00e9 bouscul\u00e9. Pas de multiplex avec quatre rencontres disput\u00e9es en m\u00eame temps le samedi apr\u00e8s midi, mais sept matches diffus\u00e9s les uns apr\u00e8s les autres, sur deux jours, pour une orgie de ballon ovale qui d\u00e9butera samedi \u00e0 14h00 par un duel a priori d\u00e9s\u00e9quilibr\u00e9 entre le Racing 92 (10e) et le promu Montauban (13e) et se terminera donc dimanche \u00e0 21h05 par un remake de la finale 2023.<\/p>\n<p>Le duel \u00e0 distance va continuer entre la Section paloise et le Stade toulousain, co-leaders depuis le lundi 15 d\u00e9cembre et le retrait de deux points aux triples champions de France en titre, dans le sillage du transfert de Melvyn Jaminet, alors Perpignanais, vers Toulouse en 2022.<\/p>\n<p>Apr\u00e8s leurs victoires bonifi\u00e9es \u00e0 l\u2019ext\u00e9rieur le week-end dernier, les deux \u00e9quipes joueront \u00e0 domicile. Et les Palois, avec le retour de Grandidier-Nkanang, entreront en lice les premiers, dimanche \u00e0 16h00, contre Montpellier (6e), la meilleure d\u00e9fense du championnat, 2,4 essais encaiss\u00e9s par match \u00e0 l\u2019ext\u00e9rieur. Un succ\u00e8s \u00e0 5 points les assurerait de rester en t\u00eate du classement une journ\u00e9e de plus.<\/p>\n<p>Un faux-pas palois replacerait les hommes d\u2019Ugo Mola au sommet, \u00e0 condition de battre les Maritimes dimanche soir, avec un possible duel de N.9 entre Antoine Dupont et Nolann Le Garrec, sa doublure en \u00e9quipe de France.<\/p>\n<p>\u00ab\u00a0Une finale de la saison\u00a0\u00bb<\/p>\n<p>Avant de partir en vacances, on semblait appr\u00e9cier ce week-end de \u00ab\u00a0boxing day\u00a0\u00bb c\u00f4t\u00e9 toulousain : \u00ab\u00a0\u00c7a casse un peu la routine\u00a0\u00bb, expliquait le pilier espagnol Joel Merkler. Mais il ne faudra pas avoir abus\u00e9 lors des f\u00eates. \u00ab\u00a0Rentrer en Espagne quatre jours, je suis content. Apr\u00e8s il faut un peu limiter les festivit\u00e9s\u00a0\u00bb, en souriait-il d\u2019avance.<\/p>\n<p>Pour la lutte pour la 3e place, occup\u00e9e par l\u2019UBB, \u00e0 \u00e9galit\u00e9 de points avec Toulon (34 pts, huit longueurs derri\u00e8re le duo de t\u00eate), les Varois auront la t\u00e2che a priori plus facile contre Perpignan, dimanche \u00e0 18h00. Mais gare \u00e0 la lanterne rouge, qui vient de signer sa premi\u00e8re victoire en championnat.<\/p>\n<p>C\u2019est chez les Clermontois (11e), premi\u00e8res victimes de l\u2019Usap, que se d\u00e9placera samedi soir Bordeaux-B\u00e8gles. Rendez-vous difficile pour les champions d\u2019Europe, face \u00e0 des \u00ab\u00a0Jaunards\u00a0\u00bb qui n\u2019ont plus perdu \u00e0 domicile depuis la premi\u00e8re journ\u00e9e et la visite du Stade toulousain et ont ensuite align\u00e9 cinq victoires au Michelin, dont trois bonifi\u00e9es, avec 52 points marqu\u00e9s en moyenne.<\/p>\n<p>Mais Clermont s\u2019est impos\u00e9 miraculeusement (36-32) \u00e0 domicile \u00e0 la derni\u00e8re seconde contre le Stade fran\u00e7ais, fin novembre, avant d\u2019aligner trois d\u00e9faites humiliantes, en Champions Cup et \u00e0 Perpignan. \u00ab\u00a0Ce sera une finale de la saison\u00a0\u00bb, a annonc\u00e9 le manager auvergnat Christophe Urios \u00e0 Rugbyrama, alors que l\u2019UBB devrait \u00eatre priv\u00e9e de Jalibert, Penaud et Depoortere, au repos.<\/p>\n<p>Encore plus impressionnant \u00e0 domicile, avec 20 victoires cons\u00e9cutives en championnat, l\u2019Aviron bayonnais (8e) tentera de poursuivre sa s\u00e9rie samedi \u00e0 18h00 contre le Stade fran\u00e7ais (5e).<\/p>\n<p>L\u00e0 aussi les Basques devront se racheter de leurs pi\u00e8tres performances \u00e0 l\u2019ext\u00e9rieur, avec encore 49 points encaiss\u00e9s il y a une semaine \u00e0 La Rochelle.<\/p>\n<p>Mais les soldats roses parisiens, qui devraient enregistrer le retour de Kerr-Barlow en N.9, voudront eux compenser ce nul (20-20) conc\u00e9d\u00e9 \u00e0 leurs voisins du Racing 92, avec en ligne de mire une premi\u00e8re d\u00e9faite bayonnaise \u00e0 Jean-Dauger en Top 14 depuis le 8 juin 2024, contre Castres.<\/p>\n<p>La derni\u00e8re rencontre mettra aux prises les Castrais (9e) et le LOU (12e) samedi \u00e0 16h00. Une nouvelle d\u00e9faite serait la sixi\u00e8me en sept matches pour les Lyonnais.<\/p>\n<p>Samedi : (14h00) Racing 92 \u2013 Montauban ; (16h00) Castres \u2013 Lyon ; (18h00) Bayonne \u2013 Stade Fran\u00e7ais ; (21h00) Clermont \u2013 Bordeaux-B\u00e8gles.Dimanche : (16h00) Pau \u2013 Montpellier ; (18h00) Toulon \u2013 Perpignan ; (21h05) Toulouse \u2013 La Rochelle.<\/p>\n","protected":false},"excerpt":{"rendered":"No\u00ebl \u00e0 peine dig\u00e9r\u00e9, retour aux affaires pour le Top 14 avec la 13e journ\u00e9e et un choc&hellip;\n","protected":false},"author":2,"featured_media":624637,"comment_status":"","ping_status":"","sticky":false,"template":"","format":"standard","meta":{"footnotes":""},"categories":[2816],"tags":[1111,11,1777,674,1011,27,4973,12,2680,25,65087,517,2312],"class_list":{"0":"post-624636","1":"post","2":"type-post","3":"status-publish","4":"format-standard","5":"has-post-thumbnail","7":"category-toulouse","8":"tag-actu","9":"tag-actualites","10":"tag-eu","11":"tag-europe","12":"tag-fr","13":"tag-france","14":"tag-hautes-pyrenees","15":"tag-news","16":"tag-occitanie","17":"tag-republique-francaise","18":"tag-rugby-xv","19":"tag-sport","20":"tag-toulouse"},"share_on_mastodon":{"url":"https:\/\/pubeurope.com\/@fr\/115789857400332029","error":""},"_links":{"self":[{"href":"https:\/\/www.europesays.com\/fr\/wp-json\/wp\/v2\/posts\/624636","targetHints":{"allow":["GET"]}}],"collection":[{"href":"https:\/\/www.europesays.com\/fr\/wp-json\/wp\/v2\/posts"}],"about":[{"href":"https:\/\/www.europesays.com\/fr\/wp-json\/wp\/v2\/types\/post"}],"author":[{"embeddable":true,"href":"https:\/\/www.europesays.com\/fr\/wp-json\/wp\/v2\/users\/2"}],"replies":[{"embeddable":true,"href":"https:\/\/www.europesays.com\/fr\/wp-json\/wp\/v2\/comments?post=624636"}],"version-history":[{"count":0,"href":"https:\/\/www.europesays.com\/fr\/wp-json\/wp\/v2\/posts\/624636\/revisions"}],"wp:featuredmedia":[{"embeddable":true,"href":"https:\/\/www.europesays.com\/fr\/wp-json\/wp\/v2\/media\/624637"}],"wp:attachment":[{"href":"https:\/\/www.europesays.com\/fr\/wp-json\/wp\/v2\/media?parent=624636"}],"wp:term":[{"taxonomy":"category","embeddable":true,"href":"https:\/\/www.europesays.com\/fr\/wp-json\/wp\/v2\/categories?post=624636"},{"taxonomy":"post_tag","embeddable":true,"href":"https:\/\/www.europesays.com\/fr\/wp-json\/wp\/v2\/tags?post=624636"}],"curies":[{"name":"wp","href":"https:\/\/api.w.org\/{rel}","templated":true}]}}