{"id":62464,"date":"2025-04-29T18:41:08","date_gmt":"2025-04-29T18:41:08","guid":{"rendered":"https:\/\/www.europesays.com\/fr\/62464\/"},"modified":"2025-04-29T18:41:08","modified_gmt":"2025-04-29T18:41:08","slug":"mohammed-ben-sulayem-envisage-de-modifier-les-amendes-pour-lemploi-de-jurons-en-f1","status":"publish","type":"post","link":"https:\/\/www.europesays.com\/fr\/62464\/","title":{"rendered":"Mohammed Ben Sulayem envisage de modifier les amendes pour l&#8217;emploi de jurons en F1"},"content":{"rendered":"<p>Le pr\u00e9sident de la FIA, Mohammed Ben Sulayem, a annonc\u00e9 qu\u2019une r\u00e9vision des r\u00e8gles encadrant l\u2019usage d\u2019un langage grossier par les pilotes \u00e9tait en cours, \u00e0 la suite de pol\u00e9miques li\u00e9es \u00e0 l\u2019introduction r\u00e9cente de sanctions pour propos grossiers ou critiques \u00e0 l\u2019\u00e9gard de l\u2019instance dirigeante du sport.<\/p>\n<p>Ces mesures, entr\u00e9es en vigueur cet hiver via une nouvelle annexe au Code sportif international, pr\u00e9voient des sanctions progressives pouvant aller jusqu\u2019\u00e0 une suspension d\u2019un mois et une d\u00e9duction de points au championnat apr\u00e8s trois infractions. Cette directive vise \u00e0 renforcer la discipline verbale, en particulier \u00e0 la suite d\u2019incidents tels que celui impliquant Max Verstappen, sanctionn\u00e9 pour ses propos tenus lors d\u2019une conf\u00e9rence de presse au Grand Prix de Singapour en 2023.<\/p>\n<p>Le premier \u00e0 subir les cons\u00e9quences de cette r\u00e9glementation a \u00e9t\u00e9 Adrien <a href=\"https:\/\/f1only.fr\/adrien-fourmaux-victime-reglementation-fia-jurons\/\" target=\"_blank\" rel=\"noopener\">Fourmaux<\/a>, pilote Hyundai en WRC, qui a \u00e9cop\u00e9 d\u2019une amende de 10 000 euros \u2014 assortie d\u2019une sanction suppl\u00e9mentaire de 20 000 euros avec sursis \u2014 pour un juron l\u00e2ch\u00e9 en direct apr\u00e8s une \u00e9tape du Rallye de Su\u00e8de.<\/p>\n<p>En Formule 1, <a href=\"https:\/\/f1only.fr\/brown-retour-sainz-mclaren\/\" target=\"_blank\" rel=\"noopener\">Carlos Sainz<\/a> a \u00e9t\u00e9 proche de devenir le premier pilote sanctionn\u00e9 apr\u00e8s avoir utilis\u00e9 un langage inappropri\u00e9 lors d\u2019une conf\u00e9rence de presse au Grand Prix de Bahre\u00efn. Toutefois, le pilote Williams a \u00e9vit\u00e9 une amende de 40 000 euros apr\u00e8s avoir rapidement pr\u00e9sent\u00e9 ses excuses, ce qui a conduit la FIA \u00e0 renoncer \u00e0 toute p\u00e9nalit\u00e9.<\/p>\n<p>Face aux critiques grandissantes, <a href=\"https:\/\/f1only.fr\/mohammed-ben-sulayem-retour-v10-f1\/\" target=\"_blank\" rel=\"noopener\">Mohammed Ben Sulayem<\/a> a indiqu\u00e9 sur Instagram qu\u2019une r\u00e9vision de l\u2019annexe B \u00e9tait en cours d\u2019examen, sugg\u00e9rant un possible assouplissement ou ajustement de cette r\u00e8gle controvers\u00e9e. Cette d\u00e9marche vise \u00e0 trouver un \u00e9quilibre entre le respect des r\u00e8gles de conduite et la libert\u00e9 d\u2019expression des pilotes, dans un environnement sportif souvent sous pression.<\/p>\n<p>\u00ab Suite aux commentaires constructifs des pilotes de nos sept championnats du monde FIA, j\u2019envisage d\u2019apporter des am\u00e9liorations \u00e0 l\u2019annexe B. En tant qu\u2019ancien pilote, je comprends mieux que quiconque les exigences auxquelles ils sont confront\u00e9s \u00bb, a \u00e9crit Ben Sulayem dans un post Instagram.<\/p>\n<p>\u00ab L\u2019annexe B est un \u00e9l\u00e9ment cl\u00e9 du Code sportif international et joue un r\u00f4le central pour aider \u00e0 rendre ce sport accessible \u00e0 toute notre famille sportive. \u00bb<\/p>\n<p>\u00ab Les r\u00e8gles sont faites par les hommes et les hommes peuvent les am\u00e9liorer. Ce principe d\u2019am\u00e9lioration continue est une valeur \u00e0 laquelle j\u2019ai toujours cru et qui est au c\u0153ur de tout ce que nous faisons \u00e0 la FIA. \u00bb<\/p>\n<p>\u00ab La FIA a d\u00e9j\u00e0 pr\u00e9cis\u00e9 aux pilotes de F1 que les propos grossiers prononc\u00e9s dans le feu de l\u2019action ne seraient pas sanctionn\u00e9s. Les pilotes du WRC sont \u00e9galement parvenus \u00e0 un accord similaire avec la FIA. \u00bb<\/p>\n","protected":false},"excerpt":{"rendered":"Le pr\u00e9sident de la FIA, Mohammed Ben Sulayem, a annonc\u00e9 qu\u2019une r\u00e9vision des r\u00e8gles encadrant l\u2019usage d\u2019un langage&hellip;\n","protected":false},"author":2,"featured_media":62465,"comment_status":"","ping_status":"","sticky":false,"template":"","format":"standard","meta":{"footnotes":""},"categories":[1412],"tags":[5080,5081,1451,5083,5084,5085,5086,5087,5088,1452,1453,1454,1455,1011,27,13922,5089,5090,60,5091,3030],"class_list":{"0":"post-62464","1":"post","2":"type-post","3":"status-publish","4":"format-standard","5":"has-post-thumbnail","7":"category-f1","8":"tag-actualites-f1","9":"tag-actuf1","10":"tag-f1","11":"tag-f1-actu","12":"tag-f1-direct","13":"tag-f1-live","14":"tag-f1-news","15":"tag-f1news","16":"tag-fia","17":"tag-formula-1","18":"tag-formula1","19":"tag-formule-1","20":"tag-formule1","21":"tag-fr","22":"tag-france","23":"tag-mohammed-ben-sulayem","24":"tag-news-f1","25":"tag-newsf1","26":"tag-sports","27":"tag-tip","28":"tag-top"},"share_on_mastodon":{"url":"https:\/\/pubeurope.com\/@fr\/114422722288372047","error":""},"_links":{"self":[{"href":"https:\/\/www.europesays.com\/fr\/wp-json\/wp\/v2\/posts\/62464","targetHints":{"allow":["GET"]}}],"collection":[{"href":"https:\/\/www.europesays.com\/fr\/wp-json\/wp\/v2\/posts"}],"about":[{"href":"https:\/\/www.europesays.com\/fr\/wp-json\/wp\/v2\/types\/post"}],"author":[{"embeddable":true,"href":"https:\/\/www.europesays.com\/fr\/wp-json\/wp\/v2\/users\/2"}],"replies":[{"embeddable":true,"href":"https:\/\/www.europesays.com\/fr\/wp-json\/wp\/v2\/comments?post=62464"}],"version-history":[{"count":0,"href":"https:\/\/www.europesays.com\/fr\/wp-json\/wp\/v2\/posts\/62464\/revisions"}],"wp:featuredmedia":[{"embeddable":true,"href":"https:\/\/www.europesays.com\/fr\/wp-json\/wp\/v2\/media\/62465"}],"wp:attachment":[{"href":"https:\/\/www.europesays.com\/fr\/wp-json\/wp\/v2\/media?parent=62464"}],"wp:term":[{"taxonomy":"category","embeddable":true,"href":"https:\/\/www.europesays.com\/fr\/wp-json\/wp\/v2\/categories?post=62464"},{"taxonomy":"post_tag","embeddable":true,"href":"https:\/\/www.europesays.com\/fr\/wp-json\/wp\/v2\/tags?post=62464"}],"curies":[{"name":"wp","href":"https:\/\/api.w.org\/{rel}","templated":true}]}}