{"id":624640,"date":"2025-12-27T05:23:11","date_gmt":"2025-12-27T05:23:11","guid":{"rendered":"https:\/\/www.europesays.com\/fr\/624640\/"},"modified":"2025-12-27T05:23:11","modified_gmt":"2025-12-27T05:23:11","slug":"a-moins-dune-heure-de-lille-longez-le-littoral-belge-a-la-decouverte-doeuvres-etonnantes","status":"publish","type":"post","link":"https:\/\/www.europesays.com\/fr\/624640\/","title":{"rendered":"A moins d&rsquo;une heure de Lille, longez le littoral belge \u00e0 la d\u00e9couverte d&rsquo;\u0153uvres \u00e9tonnantes"},"content":{"rendered":"<p>                    Par<br \/>\n        <strong><br \/>\n            <a href=\"https:\/\/actu.fr\/auteur\/nicolas-demollien\" title=\"Consulter tous les articles de Nicolas Demollien\" target=\"_blank\" rel=\"noopener\">Nicolas Demollien<\/a><br \/>\n                    <\/strong><\/p>\n<p>        Publi\u00e9 le<\/p>\n<p>            27 d\u00e9c. 2025 \u00e0 6h02        <\/p>\n<p>Connaissez-vous le <b>littoral flamand <\/b>de <a href=\"https:\/\/actu.fr\/tag\/belgique\" target=\"_blank\" rel=\"noopener\">Belgique<\/a> ? A moins d\u2019une heure de <a href=\"https:\/\/actu.fr\/hauts-de-france\/lille_59350\" target=\"_blank\" rel=\"noopener\">Lille<\/a> (Nord), une belle fa\u00e7on de partir de sa d\u00e9couverte est de suivre le <b>Parc de Sculptures de Beaufort<\/b> : des <b>dizaines d\u2019\u0153uvres r\u00e9parties dans dix communes<\/b> du littoral, <b>de La Panne \u00e0 Knokke-Heist<\/b>. On vous invite \u00e0 suivre cet itin\u00e9raire.<\/p>\n<p>Le Parc de Sculptures de Beaufort, des oeuvres sur le littoral \u00e0 moins d\u2019une heure de Lille<\/p>\n<p data-end=\"767\" class=\" wall-content\">Tous les trois ans a lieu la triennale de Beaufort sur le littoral belge. L\u2019\u00e9v\u00e9nement propose de l\u2019<b>art contemporain <\/b>sur le littoral flamand et <b>toutes sortes de sculptures<\/b> surgissent sur ou au bord de la plage.<\/p>\n<p data-end=\"767\" class=\" wall-content\">Il en \u00ab\u00a0reste\u00a0\u00bb depuis 2003 ce qui est appel\u00e9 le\u00a0Parc des Sculptures de Beaufort : une impression permanente avec plus de 40 \u0153uvres d\u2019art d\u2019\u00e9ditions pr\u00e9c\u00e9dentes qui ont d\u00e9j\u00e0 trouv\u00e9 une place permanente.<\/p>\n<p data-end=\"767\" class=\" wall-content\">\u00ab\u00a0Elles font partie du <b>panorama quotidien de notre littoral <\/b>avec des sculptures de plusieurs m\u00e8tres de haut comme Rock Strangers \u00e0 Ostende, le curieux gar\u00e7onnet Benjamin au Coq ou les statues de cavaliers Men \u00e0 Nieuport, qui apparaissent et disparaissent avec la mar\u00e9e\u00a0\u00bb, lance-t-on du c\u00f4t\u00e9 de l\u2019office de tourisme des Flandres. Toutes peuvent \u00eatre <b>visit\u00e9es gratuitement, 24 heures sur 24 et 7 jours sur 7<\/b>.<\/p>\n<p data-end=\"767\" class=\" wall-content\">Et la d\u00e9couverte est d\u2019autant plus belle qu\u2019elle peut se faire gr\u00e2ce au <b>tram du littoral<\/b>, la plus longue ligne de tram au monde. \u00ab\u00a0Elle fait la navette en continu le long de nos <b>67 kilom\u00e8tres de littoral<\/b>\u00ab\u00a0, assure encore l\u2019office de tourisme.<\/p>\n<p data-end=\"767\" class=\" wall-content\">Si vous cherchez une belle balade sympa, foncez !<\/p>\n<p>    <a href=\"https:\/\/www.facebook.com\/plugins\/post.php?href=https%3A%2F%2Fwww.facebook.com%2FLeLittoral%2Fposts%2Fpfbid02VPhiYrQjPt7Ud74Fz1FYoeMdE5PPpftbHPAJCiEWu1zTG4D5h5vyUf8DawmZ3MVMl&amp;show_text=true&amp;width=350\" title=\"Ouvrie le lien\" target=\"_blank\" rel=\"noopener\">Cliquez ici pour visualiser le contenu<\/a><\/p>\n<p>Votre r\u00e9gion, votre actu !<\/p>\n<p>Recevez chaque jour les infos qui comptent pour vous.<\/p>\n<p>\t<a href=\"https:\/\/actu.fr\/newsletter\" class=\"ac-btn ac-btn--corner ac-btn--medium ac-btn--blue800\" target=\"_blank\" rel=\"noopener\">S&rsquo;incrire<\/a><\/p>\n<p data-end=\"1476\" class=\" wall-content\">Plus d\u2019infos sur le site <a href=\"https:\/\/www.visitflanders.com\/fr\/histoires\/lart-de-beaufort-sur-le-littoral-flamand\" target=\"_blank\" rel=\"noopener\">visitflanders.com<\/a><\/p>\n<p class=\" wall-content\">Personnalisez votre actualit\u00e9 en ajoutant vos villes et m\u00e9dias en favori avec <a href=\"https:\/\/moncompte.actu.fr\" title=\"D\u00e9couvez Mon Actu\" rel=\"nofollow noopener\" data-trk=\"{&quot;cta&quot;:{&quot;action&quot;:&quot;https:\\\/\\\/moncompte.actu.fr&quot;,&quot;category&quot;:&quot;mon compte&quot;,&quot;from&quot;:&quot;article footer&quot;,&quot;name&quot;:&quot;Mon actu&quot;,&quot;type&quot;:&quot;cta&quot;}}\" target=\"_blank\">Mon Actu<\/a>.<\/p>\n","protected":false},"excerpt":{"rendered":"Par Nicolas Demollien Publi\u00e9 le 27 d\u00e9c. 2025 \u00e0 6h02 Connaissez-vous le littoral flamand de Belgique ? A&hellip;\n","protected":false},"author":2,"featured_media":624641,"comment_status":"","ping_status":"","sticky":false,"template":"","format":"standard","meta":{"footnotes":""},"categories":[2815],"tags":[1111,11,1777,674,1011,27,811,1307,1652,12,25],"class_list":{"0":"post-624640","1":"post","2":"type-post","3":"status-publish","4":"format-standard","5":"has-post-thumbnail","7":"category-lille","8":"tag-actu","9":"tag-actualites","10":"tag-eu","11":"tag-europe","12":"tag-fr","13":"tag-france","14":"tag-hauts-de-france","15":"tag-lille","16":"tag-loisirs-culture","17":"tag-news","18":"tag-republique-francaise"},"share_on_mastodon":{"url":"","error":""},"_links":{"self":[{"href":"https:\/\/www.europesays.com\/fr\/wp-json\/wp\/v2\/posts\/624640","targetHints":{"allow":["GET"]}}],"collection":[{"href":"https:\/\/www.europesays.com\/fr\/wp-json\/wp\/v2\/posts"}],"about":[{"href":"https:\/\/www.europesays.com\/fr\/wp-json\/wp\/v2\/types\/post"}],"author":[{"embeddable":true,"href":"https:\/\/www.europesays.com\/fr\/wp-json\/wp\/v2\/users\/2"}],"replies":[{"embeddable":true,"href":"https:\/\/www.europesays.com\/fr\/wp-json\/wp\/v2\/comments?post=624640"}],"version-history":[{"count":0,"href":"https:\/\/www.europesays.com\/fr\/wp-json\/wp\/v2\/posts\/624640\/revisions"}],"wp:featuredmedia":[{"embeddable":true,"href":"https:\/\/www.europesays.com\/fr\/wp-json\/wp\/v2\/media\/624641"}],"wp:attachment":[{"href":"https:\/\/www.europesays.com\/fr\/wp-json\/wp\/v2\/media?parent=624640"}],"wp:term":[{"taxonomy":"category","embeddable":true,"href":"https:\/\/www.europesays.com\/fr\/wp-json\/wp\/v2\/categories?post=624640"},{"taxonomy":"post_tag","embeddable":true,"href":"https:\/\/www.europesays.com\/fr\/wp-json\/wp\/v2\/tags?post=624640"}],"curies":[{"name":"wp","href":"https:\/\/api.w.org\/{rel}","templated":true}]}}