{"id":624642,"date":"2025-12-27T05:24:34","date_gmt":"2025-12-27T05:24:34","guid":{"rendered":"https:\/\/www.europesays.com\/fr\/624642\/"},"modified":"2025-12-27T05:24:34","modified_gmt":"2025-12-27T05:24:34","slug":"a-marseille-offrir-du-lien-social-aux-personnes-agees-precaires-grace-aux-colis-de-noel","status":"publish","type":"post","link":"https:\/\/www.europesays.com\/fr\/624642\/","title":{"rendered":"\u00c0 Marseille, offrir du lien social aux personnes \u00e2g\u00e9es pr\u00e9caires gr\u00e2ce aux colis de No\u00ebl"},"content":{"rendered":"<p>Comment <a href=\"https:\/\/www.laprovence.com\/article\/sortie-loisirs\/72629598312485\/nos-10-idees-de-sorties-en-attendant-noel-en-provence\" target=\"_blank\" rel=\"noopener\">f\u00eater dignement No\u00ebl<\/a> lorsqu\u2019on poss\u00e8de tr\u00e8s peu de ressources, et qu\u2019on ne sort plus de chez soi\u00a0? Chaque ann\u00e9e, l\u2019isolement des <a href=\"https:\/\/www.laprovence.com\/article\/region\/1208915968274815\/marseille-pour-ces-precaires-ages-la-vie-cest-comme-on-peut\" target=\"_blank\" rel=\"noopener\">personnes \u00e2g\u00e9es pr\u00e9caires<\/a> frappe un peu plus les associations, car la pauvret\u00e9 progresse, la d\u00e9tresse sociale aussi. Au <a href=\"https:\/\/www.laprovence.com\/article\/societe\/2040336806744914\/contre-la-solitude-et-la-canicule-ces-jeunes-marseillais-veillent-sur-les-seniors\" target=\"_blank\" rel=\"noopener\">CCAS, le centre communal d\u2019action sociale<\/a>, g\u00e9r\u00e9 par la Ville de Marseille, c\u2019est aussi la p\u00e9riode o\u00f9 des milliers de colis de No\u00ebl, 8\u00a0000 cette ann\u00e9e pour \u00eatre exact, sont distribu\u00e9s aux seniors de plus de 75\u00a0ans, avec des petits revenus (et non imposables).<\/p>\n<p>Contrairement \u00e0 la tradition qui voulait que les paquets gourmands, garnis de vins et produits fins, soient donn\u00e9s dans les quatre agences de la ville, toutes les personnes \u00e2g\u00e9es ont d\u00fb se rendre rue de l\u2019\u00c9v\u00each\u00e9 (2e), dans le futur nouveau centre du <a href=\"https:\/\/www.laprovence.com\/article\/region\/73219224326319\/a-marseille-600-appels-quotidiens-pour-accompagner-les-seniors-ils-sont-contents-de-nous-parler\" target=\"_blank\" rel=\"noopener\">CCAS<\/a> qui sera inaugur\u00e9 tout d\u00e9but\u00a02026. Mais ce changement de plan n\u2019est pas sans heurt pour les a\u00een\u00e9s, qui se d\u00e9placent souvent difficilement et tiennent \u00e0 leurs habitudes.<\/p>\n<p>Mich\u00e8le, une habitante du 8e arrondissement, est venue chercher le cadeau pour sa m\u00e8re, 96\u00a0ans\u00a0; Thierry a fait de m\u00eame pour son \u00ab\u00a0amie du loto\u00a0\u00bb, Leonine, 90\u00a0ans. Le but de cette op\u00e9ration est pourtant de leur faire rencontrer des m\u00e9decins, des infirmiers et des &#8230;<\/p>\n","protected":false},"excerpt":{"rendered":"Comment f\u00eater dignement No\u00ebl lorsqu\u2019on poss\u00e8de tr\u00e8s peu de ressources, et qu\u2019on ne sort plus de chez soi\u00a0?&hellip;\n","protected":false},"author":2,"featured_media":624643,"comment_status":"","ping_status":"","sticky":false,"template":"","format":"standard","meta":{"footnotes":""},"categories":[2814],"tags":[17,1111,11,20720,1007,1777,674,1011,27,4415,884,12,22818,3744,882,16,25,801],"class_list":{"0":"post-624642","1":"post","2":"type-post","3":"status-publish","4":"format-standard","5":"has-post-thumbnail","7":"category-marseille","8":"tag-17","9":"tag-actu","10":"tag-actualites","11":"tag-agees","12":"tag-aux","13":"tag-eu","14":"tag-europe","15":"tag-fr","16":"tag-france","17":"tag-lien","18":"tag-marseille","19":"tag-news","20":"tag-offrir","21":"tag-personnes","22":"tag-provence-alpes-cote-dazur","23":"tag-region","24":"tag-republique-francaise","25":"tag-social"},"share_on_mastodon":{"url":"https:\/\/pubeurope.com\/@fr\/115789867764762622","error":""},"_links":{"self":[{"href":"https:\/\/www.europesays.com\/fr\/wp-json\/wp\/v2\/posts\/624642","targetHints":{"allow":["GET"]}}],"collection":[{"href":"https:\/\/www.europesays.com\/fr\/wp-json\/wp\/v2\/posts"}],"about":[{"href":"https:\/\/www.europesays.com\/fr\/wp-json\/wp\/v2\/types\/post"}],"author":[{"embeddable":true,"href":"https:\/\/www.europesays.com\/fr\/wp-json\/wp\/v2\/users\/2"}],"replies":[{"embeddable":true,"href":"https:\/\/www.europesays.com\/fr\/wp-json\/wp\/v2\/comments?post=624642"}],"version-history":[{"count":0,"href":"https:\/\/www.europesays.com\/fr\/wp-json\/wp\/v2\/posts\/624642\/revisions"}],"wp:featuredmedia":[{"embeddable":true,"href":"https:\/\/www.europesays.com\/fr\/wp-json\/wp\/v2\/media\/624643"}],"wp:attachment":[{"href":"https:\/\/www.europesays.com\/fr\/wp-json\/wp\/v2\/media?parent=624642"}],"wp:term":[{"taxonomy":"category","embeddable":true,"href":"https:\/\/www.europesays.com\/fr\/wp-json\/wp\/v2\/categories?post=624642"},{"taxonomy":"post_tag","embeddable":true,"href":"https:\/\/www.europesays.com\/fr\/wp-json\/wp\/v2\/tags?post=624642"}],"curies":[{"name":"wp","href":"https:\/\/api.w.org\/{rel}","templated":true}]}}